{"id":29517,"date":"2011-05-10T00:00:00","date_gmt":"2011-05-09T22:00:00","guid":{"rendered":"https:\/\/www.gossip.it\/senza-categoria\/nuovo-look-per-caterina-balivo\/"},"modified":"2011-05-10T00:00:00","modified_gmt":"2011-05-09T22:00:00","slug":"nuovo-look-per-caterina-balivo","status":"publish","type":"post","link":"https:\/\/www.gossip.it\/news\/nuovo-look-per-caterina-balivo\/","title":{"rendered":"Nuovo look per Caterina Balivo"},"content":{"rendered":"<p>Di ritorno dal <b>weekend<\/b> ha sfoggiato un <b>look nuovo<\/b> <a href=\"http:\/\/www.gossip.it\/news\/monografia.php?keyword=Caterina Balivo\">Caterina Balivo<\/a>: durante la puntata di luned\u00ec di '<em>Pomeriggio sul Due<\/em>' la conduttrice di origini partenopee \u00e8 apparsa con <em>frangetta<\/em> e <em>boccoli<\/em>.<\/p>\n<p>Oggi, invece, \u00e8 tornata in studio con la <b>pettinatura<\/b> di sempre (quindi per l'acconciatura di ieri deve aver usato una <b>parrucca<\/b>, almeno per la frangia): che sia stato un modo per festeggiare la notizia della conquista di '<em>Quelli che il calcio...<\/em>', che Caterina condurr\u00e0 dall'anno prossimo al posto di <a href=\"http:\/\/www.gossip.it\/news\/monografia.php?keyword=Simona ventura\">Simona ventura<\/a>? <\/p>\n<p>Le <a href=\"http:\/\/www.gossip.it\/spettacolo\/caterina_balivo_che_dallanno_prossimo_condurra_quelli_che_il_calcio_sfoggia_un_look_diverso_dal_solito_foto_sperw.html?id=705ab95f379ec2f42f7dadbc6309049a\"><b><u>foto di Caterina Balivo col nuovo look<\/u><\/b><\/a> sono su GossipNews.<\/p>\n","protected":false},"excerpt":{"rendered":"<p>Di ritorno dal weekend ha sfoggiato un look nuovo Caterina Balivo: durante la puntata di luned\u00ec di 'Pomeriggio sul Due' la conduttrice di origini partenopee \u00e8 apparsa con frangetta e boccoli. Oggi, invece, \u00e8 tornata in studio con la pettinatura di sempre (quindi per l'acconciatura di ieri deve aver usato una parrucca, almeno per la [&hellip;]<\/p>\n","protected":false},"author":1,"featured_media":85564,"comment_status":"closed","ping_status":"closed","sticky":false,"template":"","format":"standard","meta":{"footnotes":""},"categories":[54],"tags":[2588,1992,6279,34319,2293,6735,4427,2097],"vip":[466],"class_list":["post-29517","post","type-post","status-publish","format-standard","has-post-thumbnail","hentry","category-news","tag-capelli","tag-conduttrice","tag-nuovo-look","tag-pomeriggio-sul-due","tag-programma","tag-quelli-che-il-calcio","tag-timone","tag-tv","vip-caterina_balivo"],"yoast_head":"<title>Nuovo look per Caterina Balivo - Gossip.it | News sul Gossip e VIP<\/title>\n<meta name=\"description\" content=\"Di ritorno dal weekend ha sfoggiato un look nuovo Caterina Balivo: durante la puntata di luned\u00ec di &#039;Pomeriggio sul Due&#039; la conduttrice di origini\" \/>\n<meta name=\"robots\" content=\"index, follow, max-snippet:-1, max-image-preview:large, max-video-preview:-1\" \/>\n<link rel=\"canonical\" href=\"https:\/\/www.gossip.it\/news\/nuovo-look-per-caterina-balivo\/\" \/>\n<meta property=\"og:locale\" content=\"it_IT\" \/>\n<meta property=\"og:type\" content=\"article\" \/>\n<meta property=\"og:title\" content=\"Nuovo look per Caterina Balivo - Gossip.it | News sul Gossip e VIP\" \/>\n<meta property=\"og:description\" content=\"Di ritorno dal weekend ha sfoggiato un look nuovo Caterina Balivo: durante la puntata di luned\u00ec di &#039;Pomeriggio sul Due&#039; la conduttrice di origini\" \/>\n<meta property=\"og:url\" content=\"https:\/\/www.gossip.it\/news\/nuovo-look-per-caterina-balivo\/\" \/>\n<meta property=\"og:site_name\" content=\"Gossip.it | News sul Gossip e VIP\" \/>\n<meta property=\"article:publisher\" content=\"https:\/\/www.facebook.com\/GossipIT\" \/>\n<meta property=\"article:published_time\" content=\"2011-05-09T22:00:00+00:00\" \/>\n<meta property=\"og:image\" content=\"http:\/\/www.gossip.it\/images5\/1305032547_.jpg\" \/>\n<meta name=\"author\" content=\"La Redazione\" \/>\n<meta name=\"twitter:card\" content=\"summary_large_image\" \/>\n<meta name=\"twitter:image\" content=\"http:\/\/www.gossip.it\/images5\/1305032547_.jpg\" \/>\n<meta name=\"twitter:creator\" content=\"@gossinews_it\" \/>\n<meta name=\"twitter:site\" content=\"@gossinews_it\" \/>\n<meta name=\"twitter:label1\" content=\"Scritto da\" \/>\n\t<meta name=\"twitter:data1\" content=\"Edoardo Rossi\" \/>","yoast_head_json":{"title":"Nuovo look per Caterina Balivo - Gossip.it | News sul Gossip e VIP","description":"Di ritorno dal weekend ha sfoggiato un look nuovo Caterina Balivo: durante la puntata di luned\u00ec di 'Pomeriggio sul Due' la conduttrice di origini","robots":{"index":"index","follow":"follow","max-snippet":"max-snippet:-1","max-image-preview":"max-image-preview:large","max-video-preview":"max-video-preview:-1"},"canonical":"https:\/\/www.gossip.it\/news\/nuovo-look-per-caterina-balivo\/","og_locale":"it_IT","og_type":"article","og_title":"Nuovo look per Caterina Balivo - Gossip.it | News sul Gossip e VIP","og_description":"Di ritorno dal weekend ha sfoggiato un look nuovo Caterina Balivo: durante la puntata di luned\u00ec di 'Pomeriggio sul Due' la conduttrice di origini","og_url":"https:\/\/www.gossip.it\/news\/nuovo-look-per-caterina-balivo\/","og_site_name":"Gossip.it | News sul Gossip e VIP","article_publisher":"https:\/\/www.facebook.com\/GossipIT","article_published_time":"2011-05-09T22:00:00+00:00","og_image":[{"url":"http:\/\/www.gossip.it\/images5\/1305032547_.jpg"}],"author":"La Redazione","twitter_card":"summary_large_image","twitter_image":"http:\/\/www.gossip.it\/images5\/1305032547_.jpg","twitter_creator":"@gossinews_it","twitter_site":"@gossinews_it","twitter_misc":{"Scritto da":"Edoardo Rossi"},"schema":{"@context":"https:\/\/schema.org","@graph":[{"@type":"Article","@id":"https:\/\/www.gossip.it\/news\/nuovo-look-per-caterina-balivo\/#article","isPartOf":{"@id":"https:\/\/www.gossip.it\/news\/nuovo-look-per-caterina-balivo\/"},"author":{"name":"La Redazione","@id":"https:\/\/www.gossip.it\/#\/schema\/person\/488896f75158bff1cc83c6c39d141110"},"headline":"Nuovo look per Caterina Balivo","datePublished":"2011-05-09T22:00:00+00:00","dateModified":"2011-05-09T22:00:00+00:00","mainEntityOfPage":{"@id":"https:\/\/www.gossip.it\/news\/nuovo-look-per-caterina-balivo\/"},"wordCount":98,"publisher":{"@id":"https:\/\/www.gossip.it\/#organization"},"image":{"@id":"https:\/\/www.gossip.it\/news\/nuovo-look-per-caterina-balivo\/#primaryimage"},"thumbnailUrl":"http:\/\/www.gossip.it\/images5\/1305032547_.jpg","keywords":["capelli","conduttrice","nuovo look","pomeriggio sul due","programma","quelli che il calcio","timone","tv"],"articleSection":["News"],"inLanguage":"it-IT"},{"@type":"WebPage","@id":"https:\/\/www.gossip.it\/news\/nuovo-look-per-caterina-balivo\/","url":"https:\/\/www.gossip.it\/news\/nuovo-look-per-caterina-balivo\/","name":"Nuovo look per Caterina Balivo - Gossip.it | News sul Gossip e VIP","isPartOf":{"@id":"https:\/\/www.gossip.it\/#website"},"primaryImageOfPage":{"@id":"https:\/\/www.gossip.it\/news\/nuovo-look-per-caterina-balivo\/#primaryimage"},"image":{"@id":"https:\/\/www.gossip.it\/news\/nuovo-look-per-caterina-balivo\/#primaryimage"},"thumbnailUrl":"http:\/\/www.gossip.it\/images5\/1305032547_.jpg","datePublished":"2011-05-09T22:00:00+00:00","dateModified":"2011-05-09T22:00:00+00:00","description":"Di ritorno dal weekend ha sfoggiato un look nuovo Caterina Balivo: durante la puntata di luned\u00ec di 'Pomeriggio sul Due' la conduttrice di origini","breadcrumb":{"@id":"https:\/\/www.gossip.it\/news\/nuovo-look-per-caterina-balivo\/#breadcrumb"},"inLanguage":"it-IT","potentialAction":[{"@type":"ReadAction","target":["https:\/\/www.gossip.it\/news\/nuovo-look-per-caterina-balivo\/"]}]},{"@type":"ImageObject","inLanguage":"it-IT","@id":"https:\/\/www.gossip.it\/news\/nuovo-look-per-caterina-balivo\/#primaryimage","url":"http:\/\/www.gossip.it\/images5\/1305032547_.jpg","contentUrl":"http:\/\/www.gossip.it\/images5\/1305032547_.jpg"},{"@type":"BreadcrumbList","@id":"https:\/\/www.gossip.it\/news\/nuovo-look-per-caterina-balivo\/#breadcrumb","itemListElement":[{"@type":"ListItem","position":1,"name":"Home","item":"https:\/\/www.gossip.it\/"},{"@type":"ListItem","position":2,"name":"Nuovo look per Caterina Balivo"}]},{"@type":"WebSite","@id":"https:\/\/www.gossip.it\/#website","url":"https:\/\/www.gossip.it\/","name":"Gossip and VIP News","description":"Quotidiano di cronaca rosa, costume e societ\u00e0","publisher":{"@id":"https:\/\/www.gossip.it\/#organization"},"alternateName":"Gossip and VIP News","potentialAction":[{"@type":"SearchAction","target":{"@type":"EntryPoint","urlTemplate":"https:\/\/www.gossip.it\/?s={search_term_string}"},"query-input":{"@type":"PropertyValueSpecification","valueRequired":true,"valueName":"search_term_string"}}],"inLanguage":"it-IT"},{"@type":"Organization","@id":"https:\/\/www.gossip.it\/#organization","name":"Gossip and VIP News","alternateName":"Gossip News","url":"https:\/\/www.gossip.it\/","logo":{"@type":"ImageObject","inLanguage":"it-IT","@id":"https:\/\/www.gossip.it\/#\/schema\/logo\/image\/","url":"https:\/\/www.gossip.it\/wp-content\/uploads\/2022\/04\/cropped-corna-alta-tiny.png","contentUrl":"https:\/\/www.gossip.it\/wp-content\/uploads\/2022\/04\/cropped-corna-alta-tiny.png","width":512,"height":512,"caption":"Gossip and VIP News"},"image":{"@id":"https:\/\/www.gossip.it\/#\/schema\/logo\/image\/"},"sameAs":["https:\/\/www.facebook.com\/GossipIT","https:\/\/x.com\/gossinews_it","https:\/\/instagram.com\/gossip_it"]},{"@type":"Person","@id":"https:\/\/www.gossip.it\/#\/schema\/person\/488896f75158bff1cc83c6c39d141110","name":"La Redazione","image":{"@type":"ImageObject","inLanguage":"it-IT","@id":"https:\/\/www.gossip.it\/#\/schema\/person\/image\/","url":"https:\/\/secure.gravatar.com\/avatar\/5a5f5c6fa3e6700e4249abdad0263a1e94e927d9e0499b1cb09c1cd29c044d80?s=96&d=mm&r=g","contentUrl":"https:\/\/secure.gravatar.com\/avatar\/5a5f5c6fa3e6700e4249abdad0263a1e94e927d9e0499b1cb09c1cd29c044d80?s=96&d=mm&r=g","caption":"La Redazione"},"sameAs":["https:\/\/www.gossip.it"]}]}},"amp_enabled":true,"_links":{"self":[{"href":"https:\/\/www.gossip.it\/api\/wp\/v2\/posts\/29517","targetHints":{"allow":["GET"]}}],"collection":[{"href":"https:\/\/www.gossip.it\/api\/wp\/v2\/posts"}],"about":[{"href":"https:\/\/www.gossip.it\/api\/wp\/v2\/types\/post"}],"author":[{"embeddable":true,"href":"https:\/\/www.gossip.it\/api\/wp\/v2\/users\/1"}],"replies":[{"embeddable":true,"href":"https:\/\/www.gossip.it\/api\/wp\/v2\/comments?post=29517"}],"version-history":[{"count":0,"href":"https:\/\/www.gossip.it\/api\/wp\/v2\/posts\/29517\/revisions"}],"wp:featuredmedia":[{"embeddable":true,"href":"https:\/\/www.gossip.it\/api\/wp\/v2\/media\/85564"}],"wp:attachment":[{"href":"https:\/\/www.gossip.it\/api\/wp\/v2\/media?parent=29517"}],"wp:term":[{"taxonomy":"category","embeddable":true,"href":"https:\/\/www.gossip.it\/api\/wp\/v2\/categories?post=29517"},{"taxonomy":"post_tag","embeddable":true,"href":"https:\/\/www.gossip.it\/api\/wp\/v2\/tags?post=29517"},{"taxonomy":"vip","embeddable":true,"href":"https:\/\/www.gossip.it\/api\/wp\/v2\/vip?post=29517"}],"curies":[{"name":"wp","href":"https:\/\/api.w.org\/{rel}","templated":true}]}}