{"id":29544,"date":"2011-05-13T00:00:00","date_gmt":"2011-05-12T22:00:00","guid":{"rendered":"https:\/\/www.gossip.it\/senza-categoria\/antonella-clerici-mi-piace-il-sorriso-di-eddy\/"},"modified":"2011-05-13T00:00:00","modified_gmt":"2011-05-12T22:00:00","slug":"antonella-clerici-mi-piace-il-sorriso-di-eddy","status":"publish","type":"post","link":"https:\/\/www.gossip.it\/news\/antonella-clerici-mi-piace-il-sorriso-di-eddy\/","title":{"rendered":"Antonella Clerici: 'Mi piace il sorriso di Eddy'"},"content":{"rendered":"<p><a href=\"http:\/\/www.gossip.it\/news\/monografia.php?keyword=Antonella Clerici\">Antonella Clerici<\/a> ieri \u00e8 stata ospite a \" La Vita In Diretta\". La bionda conduttrice ha parlato del suo rapporto con <a href=\"http:\/\/www.gossip.it\/news\/monografia.php?keyword=Eddy Martens\">Eddy Martens<\/a>. Fra i due le cose sembrano andare meglio e la regina dei fornelli pare aver archiviato le foto che ritraevano il compagno in atteggiamenti intimi con un'altra donna: <em>\"E' stata una cosa che mi ha ferita. Sicuramente era molto fumo e poco arrosto, ma un po' di fumo c'era, e a me ha dato fastidio. Vedere il mio uomo anche solo in atteggiamenti carini con un'altra donna, beh\u2026 mi girano!\"<\/em>.<\/p>\n<p>Antonella ha deciso di ricominciare con il suo Eddy, ma vuole vivere alla giornata, senza pensare troppo al futuro. Il rapporto con il giovane ha trovato un equilibrio e una stabilit\u00e0 maggiore dopo la nascita della piccola <b>Maelle<\/b>. Con la simpatia che la contraddistingue, la Clerici ha anche raccontato di quando lei e Martens si sono conosciuti: <em>\"Quando ho conosciuto Eddy, lui mi ha detto che mi aveva visto in tv e gli era rimasta l'immagine di me con queste grandi tette che ballonzolavo da una cucina all'altra\"<\/em>. Ma, ha spiegato Antonella, Eddy non la percepiva come una star televisiva e, a quanto pare, grazie alla sua cultura belga, nemmeno la differenza di et\u00e0 \u00e8 mai stata un problema: <em>\"Io credo che lui si sia innamorato di me anche per la mia fisicit\u00e0. Lui \u00e8 belga e l\u00ec \u00e8 molto normale che una donna stia con un uomo pi\u00f9 giovane, non hanno di questi problemi. Di lui mi piace molto il suo sorriso, \u00e8 bello. E poi \u00e8 anche un ragazzo molto intelligente, ha anche le sue banalit\u00e0 dovute all'et\u00e0, ma ha personalit\u00e0, ha saputo tenermi testa, non \u00e8 un quaquaraqu\u00e0\"<\/em>.<\/p>\n<p>L'amore continua...<\/p>\n<p>Foto: AndreaRaffin\/Kikapress.com \u00a9 Gossip.it<\/p>\n","protected":false},"excerpt":{"rendered":"<p>Antonella Clerici ieri \u00e8 stata ospite a \" La Vita In Diretta\". La bionda conduttrice ha parlato del suo rapporto con Eddy Martens. Fra i due le cose sembrano andare meglio e la regina dei fornelli pare aver archiviato le foto che ritraevano il compagno in atteggiamenti intimi con un'altra donna: \"E' stata una cosa [&hellip;]<\/p>\n","protected":false},"author":1,"featured_media":85591,"comment_status":"closed","ping_status":"closed","sticky":false,"template":"","format":"standard","meta":{"footnotes":""},"categories":[54],"tags":[2387,2102,2140,3297,7573,3377,2097],"vip":[346,614,1195],"class_list":["post-29544","post","type-post","status-publish","format-standard","has-post-thumbnail","hentry","category-news","tag-amore","tag-dichiarazioni","tag-flirt","tag-gossip-tv","tag-la-vita-in-diretta","tag-relazione","tag-tv","vip-antonella_clerici","vip-eddy_martens","vip-mara_venier"],"yoast_head":"<title>Antonella Clerici: &#039;Mi piace il sorriso di Eddy&#039; - Gossip.it | News sul Gossip e VIP<\/title>\n<meta name=\"description\" content=\"Antonella Clerici ieri \u00e8 stata ospite a &quot; La Vita In Diretta&quot;. La bionda conduttrice ha parlato del suo rapporto con Eddy Martens. Fra i due le cose\" \/>\n<meta name=\"robots\" content=\"index, follow, max-snippet:-1, max-image-preview:large, max-video-preview:-1\" \/>\n<link rel=\"canonical\" href=\"https:\/\/www.gossip.it\/news\/antonella-clerici-mi-piace-il-sorriso-di-eddy\/\" \/>\n<meta property=\"og:locale\" content=\"it_IT\" \/>\n<meta property=\"og:type\" content=\"article\" \/>\n<meta property=\"og:title\" content=\"Antonella Clerici: &#039;Mi piace il sorriso di Eddy&#039; - Gossip.it | News sul Gossip e VIP\" \/>\n<meta property=\"og:description\" content=\"Antonella Clerici ieri \u00e8 stata ospite a &quot; La Vita In Diretta&quot;. La bionda conduttrice ha parlato del suo rapporto con Eddy Martens. Fra i due le cose\" \/>\n<meta property=\"og:url\" content=\"https:\/\/www.gossip.it\/news\/antonella-clerici-mi-piace-il-sorriso-di-eddy\/\" \/>\n<meta property=\"og:site_name\" content=\"Gossip.it | News sul Gossip e VIP\" \/>\n<meta property=\"article:publisher\" content=\"https:\/\/www.facebook.com\/GossipIT\" \/>\n<meta property=\"article:published_time\" content=\"2011-05-12T22:00:00+00:00\" \/>\n<meta property=\"og:image\" content=\"http:\/\/www.gossip.it\/images5\/1305277752_antonella-clerici.jpg\" \/>\n<meta name=\"author\" content=\"La Redazione\" \/>\n<meta name=\"twitter:card\" content=\"summary_large_image\" \/>\n<meta name=\"twitter:image\" content=\"http:\/\/www.gossip.it\/images5\/1305277752_antonella-clerici.jpg\" \/>\n<meta name=\"twitter:creator\" content=\"@gossinews_it\" \/>\n<meta name=\"twitter:site\" content=\"@gossinews_it\" \/>\n<meta name=\"twitter:label1\" content=\"Scritto da\" \/>\n\t<meta name=\"twitter:data1\" content=\"La Redazione\" \/>\n\t<meta name=\"twitter:label2\" content=\"Tempo di lettura stimato\" \/>\n\t<meta name=\"twitter:data2\" content=\"1 minuto\" \/>","yoast_head_json":{"title":"Antonella Clerici: 'Mi piace il sorriso di Eddy' - Gossip.it | News sul Gossip e VIP","description":"Antonella Clerici ieri \u00e8 stata ospite a \" La Vita In Diretta\". La bionda conduttrice ha parlato del suo rapporto con Eddy Martens. Fra i due le cose","robots":{"index":"index","follow":"follow","max-snippet":"max-snippet:-1","max-image-preview":"max-image-preview:large","max-video-preview":"max-video-preview:-1"},"canonical":"https:\/\/www.gossip.it\/news\/antonella-clerici-mi-piace-il-sorriso-di-eddy\/","og_locale":"it_IT","og_type":"article","og_title":"Antonella Clerici: 'Mi piace il sorriso di Eddy' - Gossip.it | News sul Gossip e VIP","og_description":"Antonella Clerici ieri \u00e8 stata ospite a \" La Vita In Diretta\". La bionda conduttrice ha parlato del suo rapporto con Eddy Martens. Fra i due le cose","og_url":"https:\/\/www.gossip.it\/news\/antonella-clerici-mi-piace-il-sorriso-di-eddy\/","og_site_name":"Gossip.it | News sul Gossip e VIP","article_publisher":"https:\/\/www.facebook.com\/GossipIT","article_published_time":"2011-05-12T22:00:00+00:00","og_image":[{"url":"http:\/\/www.gossip.it\/images5\/1305277752_antonella-clerici.jpg"}],"author":"La Redazione","twitter_card":"summary_large_image","twitter_image":"http:\/\/www.gossip.it\/images5\/1305277752_antonella-clerici.jpg","twitter_creator":"@gossinews_it","twitter_site":"@gossinews_it","twitter_misc":{"Scritto da":"La Redazione","Tempo di lettura stimato":"1 minuto"},"schema":{"@context":"https:\/\/schema.org","@graph":[{"@type":"Article","@id":"https:\/\/www.gossip.it\/news\/antonella-clerici-mi-piace-il-sorriso-di-eddy\/#article","isPartOf":{"@id":"https:\/\/www.gossip.it\/news\/antonella-clerici-mi-piace-il-sorriso-di-eddy\/"},"author":{"name":"La Redazione","@id":"https:\/\/www.gossip.it\/#\/schema\/person\/488896f75158bff1cc83c6c39d141110"},"headline":"Antonella Clerici: 'Mi piace il sorriso di Eddy'","datePublished":"2011-05-12T22:00:00+00:00","dateModified":"2011-05-12T22:00:00+00:00","mainEntityOfPage":{"@id":"https:\/\/www.gossip.it\/news\/antonella-clerici-mi-piace-il-sorriso-di-eddy\/"},"wordCount":299,"publisher":{"@id":"https:\/\/www.gossip.it\/#organization"},"image":{"@id":"https:\/\/www.gossip.it\/news\/antonella-clerici-mi-piace-il-sorriso-di-eddy\/#primaryimage"},"thumbnailUrl":"http:\/\/www.gossip.it\/images5\/1305277752_antonella-clerici.jpg","keywords":["amore","dichiarazioni","flirt","gossip.tv","la vita in diretta","relazione","tv"],"articleSection":["News"],"inLanguage":"it-IT"},{"@type":"WebPage","@id":"https:\/\/www.gossip.it\/news\/antonella-clerici-mi-piace-il-sorriso-di-eddy\/","url":"https:\/\/www.gossip.it\/news\/antonella-clerici-mi-piace-il-sorriso-di-eddy\/","name":"Antonella Clerici: 'Mi piace il sorriso di Eddy' - Gossip.it | News sul Gossip e VIP","isPartOf":{"@id":"https:\/\/www.gossip.it\/#website"},"primaryImageOfPage":{"@id":"https:\/\/www.gossip.it\/news\/antonella-clerici-mi-piace-il-sorriso-di-eddy\/#primaryimage"},"image":{"@id":"https:\/\/www.gossip.it\/news\/antonella-clerici-mi-piace-il-sorriso-di-eddy\/#primaryimage"},"thumbnailUrl":"http:\/\/www.gossip.it\/images5\/1305277752_antonella-clerici.jpg","datePublished":"2011-05-12T22:00:00+00:00","dateModified":"2011-05-12T22:00:00+00:00","description":"Antonella Clerici ieri \u00e8 stata ospite a \" La Vita In Diretta\". La bionda conduttrice ha parlato del suo rapporto con Eddy Martens. Fra i due le cose","breadcrumb":{"@id":"https:\/\/www.gossip.it\/news\/antonella-clerici-mi-piace-il-sorriso-di-eddy\/#breadcrumb"},"inLanguage":"it-IT","potentialAction":[{"@type":"ReadAction","target":["https:\/\/www.gossip.it\/news\/antonella-clerici-mi-piace-il-sorriso-di-eddy\/"]}]},{"@type":"ImageObject","inLanguage":"it-IT","@id":"https:\/\/www.gossip.it\/news\/antonella-clerici-mi-piace-il-sorriso-di-eddy\/#primaryimage","url":"http:\/\/www.gossip.it\/images5\/1305277752_antonella-clerici.jpg","contentUrl":"http:\/\/www.gossip.it\/images5\/1305277752_antonella-clerici.jpg"},{"@type":"BreadcrumbList","@id":"https:\/\/www.gossip.it\/news\/antonella-clerici-mi-piace-il-sorriso-di-eddy\/#breadcrumb","itemListElement":[{"@type":"ListItem","position":1,"name":"Home","item":"https:\/\/www.gossip.it\/"},{"@type":"ListItem","position":2,"name":"Antonella Clerici: 'Mi piace il sorriso di Eddy'"}]},{"@type":"WebSite","@id":"https:\/\/www.gossip.it\/#website","url":"https:\/\/www.gossip.it\/","name":"Gossip and VIP News","description":"Quotidiano di cronaca rosa, costume e societ\u00e0","publisher":{"@id":"https:\/\/www.gossip.it\/#organization"},"alternateName":"Gossip and VIP News","potentialAction":[{"@type":"SearchAction","target":{"@type":"EntryPoint","urlTemplate":"https:\/\/www.gossip.it\/?s={search_term_string}"},"query-input":{"@type":"PropertyValueSpecification","valueRequired":true,"valueName":"search_term_string"}}],"inLanguage":"it-IT"},{"@type":"Organization","@id":"https:\/\/www.gossip.it\/#organization","name":"Gossip and VIP News","alternateName":"Gossip News","url":"https:\/\/www.gossip.it\/","logo":{"@type":"ImageObject","inLanguage":"it-IT","@id":"https:\/\/www.gossip.it\/#\/schema\/logo\/image\/","url":"https:\/\/www.gossip.it\/wp-content\/uploads\/2022\/04\/cropped-corna-alta-tiny.png","contentUrl":"https:\/\/www.gossip.it\/wp-content\/uploads\/2022\/04\/cropped-corna-alta-tiny.png","width":512,"height":512,"caption":"Gossip and VIP News"},"image":{"@id":"https:\/\/www.gossip.it\/#\/schema\/logo\/image\/"},"sameAs":["https:\/\/www.facebook.com\/GossipIT","https:\/\/x.com\/gossinews_it","https:\/\/instagram.com\/gossip_it"]},{"@type":"Person","@id":"https:\/\/www.gossip.it\/#\/schema\/person\/488896f75158bff1cc83c6c39d141110","name":"La Redazione","image":{"@type":"ImageObject","inLanguage":"it-IT","@id":"https:\/\/www.gossip.it\/#\/schema\/person\/image\/","url":"https:\/\/secure.gravatar.com\/avatar\/5a5f5c6fa3e6700e4249abdad0263a1e94e927d9e0499b1cb09c1cd29c044d80?s=96&d=mm&r=g","contentUrl":"https:\/\/secure.gravatar.com\/avatar\/5a5f5c6fa3e6700e4249abdad0263a1e94e927d9e0499b1cb09c1cd29c044d80?s=96&d=mm&r=g","caption":"La Redazione"},"sameAs":["https:\/\/www.gossip.it"]}]}},"amp_enabled":true,"_links":{"self":[{"href":"https:\/\/www.gossip.it\/api\/wp\/v2\/posts\/29544","targetHints":{"allow":["GET"]}}],"collection":[{"href":"https:\/\/www.gossip.it\/api\/wp\/v2\/posts"}],"about":[{"href":"https:\/\/www.gossip.it\/api\/wp\/v2\/types\/post"}],"author":[{"embeddable":true,"href":"https:\/\/www.gossip.it\/api\/wp\/v2\/users\/1"}],"replies":[{"embeddable":true,"href":"https:\/\/www.gossip.it\/api\/wp\/v2\/comments?post=29544"}],"version-history":[{"count":0,"href":"https:\/\/www.gossip.it\/api\/wp\/v2\/posts\/29544\/revisions"}],"wp:featuredmedia":[{"embeddable":true,"href":"https:\/\/www.gossip.it\/api\/wp\/v2\/media\/85591"}],"wp:attachment":[{"href":"https:\/\/www.gossip.it\/api\/wp\/v2\/media?parent=29544"}],"wp:term":[{"taxonomy":"category","embeddable":true,"href":"https:\/\/www.gossip.it\/api\/wp\/v2\/categories?post=29544"},{"taxonomy":"post_tag","embeddable":true,"href":"https:\/\/www.gossip.it\/api\/wp\/v2\/tags?post=29544"},{"taxonomy":"vip","embeddable":true,"href":"https:\/\/www.gossip.it\/api\/wp\/v2\/vip?post=29544"}],"curies":[{"name":"wp","href":"https:\/\/api.w.org\/{rel}","templated":true}]}}