{"id":29701,"date":"2011-06-06T00:00:00","date_gmt":"2011-06-05T22:00:00","guid":{"rendered":"https:\/\/www.gossip.it\/senza-categoria\/lady-gaga-sabato-a-roma-per-il-gay-pride\/"},"modified":"2011-06-06T00:00:00","modified_gmt":"2011-06-05T22:00:00","slug":"lady-gaga-sabato-a-roma-per-il-gay-pride","status":"publish","type":"post","link":"https:\/\/www.gossip.it\/news\/lady-gaga-sabato-a-roma-per-il-gay-pride\/","title":{"rendered":"Lady Gaga sabato a Roma per il Gay Pride"},"content":{"rendered":"<p>Ci sar\u00e0: dopo due giorni di rumor e indiscrezioni arriva la conferma. <a href=\"http:\/\/www.gossip.it\/news\/monografia.php?keyword=Lady Gaga\">Lady Gaga<\/a> sabato prossimo, 11 giugno, sar\u00e0 a <b>Roma<\/b> in occasione dell'<b>Europride<\/b> (il Gay Pride pi\u00f9 importante del Vecchio Continente, che ogni anno fa tappa in una grande citt\u00e0 della UE).<\/p>\n<p>Lo confermano gli organizzatori dell'evento e la Universal Music Italia, casa discografica della cantate. Gaga, da sempre legata alle cause della comunit\u00e0 Lgbtq, probabilmente sfiler\u00e0 durante la <b>parata<\/b>, di certo si esibir\u00e0 al <b>Circo Massimo<\/b> (sulle note di pi\u00f9 brani, tra cui, pare, <em>\"Born this way\"<\/em>), luogo d'arrivo della manifestazione. Attese oltre <b>2 milioni<\/b> di persone.<\/p>\n","protected":false},"excerpt":{"rendered":"<p>Ci sar\u00e0: dopo due giorni di rumor e indiscrezioni arriva la conferma. Lady Gaga sabato prossimo, 11 giugno, sar\u00e0 a Roma in occasione dell'Europride (il Gay Pride pi\u00f9 importante del Vecchio Continente, che ogni anno fa tappa in una grande citt\u00e0 della UE). Lo confermano gli organizzatori dell'evento e la Universal Music Italia, casa discografica [&hellip;]<\/p>\n","protected":false},"author":1,"featured_media":85748,"comment_status":"closed","ping_status":"closed","sticky":false,"template":"","format":"standard","meta":{"footnotes":""},"categories":[54],"tags":[5189,4380,34598,6577,3140,10356,2872,1879,6907,3270],"vip":[1070],"class_list":["post-29701","post","type-post","status-publish","format-standard","has-post-thumbnail","hentry","category-news","tag-concerti","tag-concerto","tag-euro-pride","tag-europride","tag-gay","tag-gay-pride","tag-parata","tag-roma","tag-scandali","tag-vaticano","vip-lady_gaga"],"yoast_head":"<title>Lady Gaga sabato a Roma per il Gay Pride - Gossip.it | News sul Gossip e VIP<\/title>\n<meta name=\"description\" content=\"Ci sar\u00e0: dopo due giorni di rumor e indiscrezioni arriva la conferma. Lady Gaga sabato prossimo, 11 giugno, sar\u00e0 a Roma in occasione dell&#039;Europride (il\" \/>\n<meta name=\"robots\" content=\"index, follow, max-snippet:-1, max-image-preview:large, max-video-preview:-1\" \/>\n<link rel=\"canonical\" href=\"https:\/\/www.gossip.it\/news\/lady-gaga-sabato-a-roma-per-il-gay-pride\/\" \/>\n<meta property=\"og:locale\" content=\"it_IT\" \/>\n<meta property=\"og:type\" content=\"article\" \/>\n<meta property=\"og:title\" content=\"Lady Gaga sabato a Roma per il Gay Pride - Gossip.it | News sul Gossip e VIP\" \/>\n<meta property=\"og:description\" content=\"Ci sar\u00e0: dopo due giorni di rumor e indiscrezioni arriva la conferma. Lady Gaga sabato prossimo, 11 giugno, sar\u00e0 a Roma in occasione dell&#039;Europride (il\" \/>\n<meta property=\"og:url\" content=\"https:\/\/www.gossip.it\/news\/lady-gaga-sabato-a-roma-per-il-gay-pride\/\" \/>\n<meta property=\"og:site_name\" content=\"Gossip.it | News sul Gossip e VIP\" \/>\n<meta property=\"article:publisher\" content=\"https:\/\/www.facebook.com\/GossipIT\" \/>\n<meta property=\"article:published_time\" content=\"2011-06-05T22:00:00+00:00\" \/>\n<meta property=\"og:image\" content=\"http:\/\/www.gossip.it\/images5\/1307364741_.jpg\" \/>\n<meta name=\"author\" content=\"La Redazione\" \/>\n<meta name=\"twitter:card\" content=\"summary_large_image\" \/>\n<meta name=\"twitter:image\" content=\"http:\/\/www.gossip.it\/images5\/1307364741_.jpg\" \/>\n<meta name=\"twitter:creator\" content=\"@gossinews_it\" \/>\n<meta name=\"twitter:site\" content=\"@gossinews_it\" \/>\n<meta name=\"twitter:label1\" content=\"Scritto da\" \/>\n\t<meta name=\"twitter:data1\" content=\"Edoardo Rossi\" \/>","yoast_head_json":{"title":"Lady Gaga sabato a Roma per il Gay Pride - Gossip.it | News sul Gossip e VIP","description":"Ci sar\u00e0: dopo due giorni di rumor e indiscrezioni arriva la conferma. Lady Gaga sabato prossimo, 11 giugno, sar\u00e0 a Roma in occasione dell'Europride (il","robots":{"index":"index","follow":"follow","max-snippet":"max-snippet:-1","max-image-preview":"max-image-preview:large","max-video-preview":"max-video-preview:-1"},"canonical":"https:\/\/www.gossip.it\/news\/lady-gaga-sabato-a-roma-per-il-gay-pride\/","og_locale":"it_IT","og_type":"article","og_title":"Lady Gaga sabato a Roma per il Gay Pride - Gossip.it | News sul Gossip e VIP","og_description":"Ci sar\u00e0: dopo due giorni di rumor e indiscrezioni arriva la conferma. Lady Gaga sabato prossimo, 11 giugno, sar\u00e0 a Roma in occasione dell'Europride (il","og_url":"https:\/\/www.gossip.it\/news\/lady-gaga-sabato-a-roma-per-il-gay-pride\/","og_site_name":"Gossip.it | News sul Gossip e VIP","article_publisher":"https:\/\/www.facebook.com\/GossipIT","article_published_time":"2011-06-05T22:00:00+00:00","og_image":[{"url":"http:\/\/www.gossip.it\/images5\/1307364741_.jpg"}],"author":"La Redazione","twitter_card":"summary_large_image","twitter_image":"http:\/\/www.gossip.it\/images5\/1307364741_.jpg","twitter_creator":"@gossinews_it","twitter_site":"@gossinews_it","twitter_misc":{"Scritto da":"Edoardo Rossi"},"schema":{"@context":"https:\/\/schema.org","@graph":[{"@type":"Article","@id":"https:\/\/www.gossip.it\/news\/lady-gaga-sabato-a-roma-per-il-gay-pride\/#article","isPartOf":{"@id":"https:\/\/www.gossip.it\/news\/lady-gaga-sabato-a-roma-per-il-gay-pride\/"},"author":{"name":"La Redazione","@id":"https:\/\/www.gossip.it\/#\/schema\/person\/488896f75158bff1cc83c6c39d141110"},"headline":"Lady Gaga sabato a Roma per il Gay Pride","datePublished":"2011-06-05T22:00:00+00:00","dateModified":"2011-06-05T22:00:00+00:00","mainEntityOfPage":{"@id":"https:\/\/www.gossip.it\/news\/lady-gaga-sabato-a-roma-per-il-gay-pride\/"},"wordCount":109,"publisher":{"@id":"https:\/\/www.gossip.it\/#organization"},"image":{"@id":"https:\/\/www.gossip.it\/news\/lady-gaga-sabato-a-roma-per-il-gay-pride\/#primaryimage"},"thumbnailUrl":"http:\/\/www.gossip.it\/images5\/1307364741_.jpg","keywords":["concerti","concerto","euro pride","europride","gay","gay pride","parata","roma","scandali","vaticano"],"articleSection":["News"],"inLanguage":"it-IT"},{"@type":"WebPage","@id":"https:\/\/www.gossip.it\/news\/lady-gaga-sabato-a-roma-per-il-gay-pride\/","url":"https:\/\/www.gossip.it\/news\/lady-gaga-sabato-a-roma-per-il-gay-pride\/","name":"Lady Gaga sabato a Roma per il Gay Pride - Gossip.it | News sul Gossip e VIP","isPartOf":{"@id":"https:\/\/www.gossip.it\/#website"},"primaryImageOfPage":{"@id":"https:\/\/www.gossip.it\/news\/lady-gaga-sabato-a-roma-per-il-gay-pride\/#primaryimage"},"image":{"@id":"https:\/\/www.gossip.it\/news\/lady-gaga-sabato-a-roma-per-il-gay-pride\/#primaryimage"},"thumbnailUrl":"http:\/\/www.gossip.it\/images5\/1307364741_.jpg","datePublished":"2011-06-05T22:00:00+00:00","dateModified":"2011-06-05T22:00:00+00:00","description":"Ci sar\u00e0: dopo due giorni di rumor e indiscrezioni arriva la conferma. Lady Gaga sabato prossimo, 11 giugno, sar\u00e0 a Roma in occasione dell'Europride (il","breadcrumb":{"@id":"https:\/\/www.gossip.it\/news\/lady-gaga-sabato-a-roma-per-il-gay-pride\/#breadcrumb"},"inLanguage":"it-IT","potentialAction":[{"@type":"ReadAction","target":["https:\/\/www.gossip.it\/news\/lady-gaga-sabato-a-roma-per-il-gay-pride\/"]}]},{"@type":"ImageObject","inLanguage":"it-IT","@id":"https:\/\/www.gossip.it\/news\/lady-gaga-sabato-a-roma-per-il-gay-pride\/#primaryimage","url":"http:\/\/www.gossip.it\/images5\/1307364741_.jpg","contentUrl":"http:\/\/www.gossip.it\/images5\/1307364741_.jpg"},{"@type":"BreadcrumbList","@id":"https:\/\/www.gossip.it\/news\/lady-gaga-sabato-a-roma-per-il-gay-pride\/#breadcrumb","itemListElement":[{"@type":"ListItem","position":1,"name":"Home","item":"https:\/\/www.gossip.it\/"},{"@type":"ListItem","position":2,"name":"Lady Gaga sabato a Roma per il Gay Pride"}]},{"@type":"WebSite","@id":"https:\/\/www.gossip.it\/#website","url":"https:\/\/www.gossip.it\/","name":"Gossip and VIP News","description":"Quotidiano di cronaca rosa, costume e societ\u00e0","publisher":{"@id":"https:\/\/www.gossip.it\/#organization"},"alternateName":"Gossip and VIP News","potentialAction":[{"@type":"SearchAction","target":{"@type":"EntryPoint","urlTemplate":"https:\/\/www.gossip.it\/?s={search_term_string}"},"query-input":{"@type":"PropertyValueSpecification","valueRequired":true,"valueName":"search_term_string"}}],"inLanguage":"it-IT"},{"@type":"Organization","@id":"https:\/\/www.gossip.it\/#organization","name":"Gossip and VIP News","alternateName":"Gossip News","url":"https:\/\/www.gossip.it\/","logo":{"@type":"ImageObject","inLanguage":"it-IT","@id":"https:\/\/www.gossip.it\/#\/schema\/logo\/image\/","url":"https:\/\/www.gossip.it\/wp-content\/uploads\/2022\/04\/cropped-corna-alta-tiny.png","contentUrl":"https:\/\/www.gossip.it\/wp-content\/uploads\/2022\/04\/cropped-corna-alta-tiny.png","width":512,"height":512,"caption":"Gossip and VIP News"},"image":{"@id":"https:\/\/www.gossip.it\/#\/schema\/logo\/image\/"},"sameAs":["https:\/\/www.facebook.com\/GossipIT","https:\/\/x.com\/gossinews_it","https:\/\/instagram.com\/gossip_it"]},{"@type":"Person","@id":"https:\/\/www.gossip.it\/#\/schema\/person\/488896f75158bff1cc83c6c39d141110","name":"La Redazione","image":{"@type":"ImageObject","inLanguage":"it-IT","@id":"https:\/\/www.gossip.it\/#\/schema\/person\/image\/","url":"https:\/\/secure.gravatar.com\/avatar\/5a5f5c6fa3e6700e4249abdad0263a1e94e927d9e0499b1cb09c1cd29c044d80?s=96&d=mm&r=g","contentUrl":"https:\/\/secure.gravatar.com\/avatar\/5a5f5c6fa3e6700e4249abdad0263a1e94e927d9e0499b1cb09c1cd29c044d80?s=96&d=mm&r=g","caption":"La Redazione"},"sameAs":["https:\/\/www.gossip.it"]}]}},"amp_enabled":true,"_links":{"self":[{"href":"https:\/\/www.gossip.it\/api\/wp\/v2\/posts\/29701","targetHints":{"allow":["GET"]}}],"collection":[{"href":"https:\/\/www.gossip.it\/api\/wp\/v2\/posts"}],"about":[{"href":"https:\/\/www.gossip.it\/api\/wp\/v2\/types\/post"}],"author":[{"embeddable":true,"href":"https:\/\/www.gossip.it\/api\/wp\/v2\/users\/1"}],"replies":[{"embeddable":true,"href":"https:\/\/www.gossip.it\/api\/wp\/v2\/comments?post=29701"}],"version-history":[{"count":0,"href":"https:\/\/www.gossip.it\/api\/wp\/v2\/posts\/29701\/revisions"}],"wp:featuredmedia":[{"embeddable":true,"href":"https:\/\/www.gossip.it\/api\/wp\/v2\/media\/85748"}],"wp:attachment":[{"href":"https:\/\/www.gossip.it\/api\/wp\/v2\/media?parent=29701"}],"wp:term":[{"taxonomy":"category","embeddable":true,"href":"https:\/\/www.gossip.it\/api\/wp\/v2\/categories?post=29701"},{"taxonomy":"post_tag","embeddable":true,"href":"https:\/\/www.gossip.it\/api\/wp\/v2\/tags?post=29701"},{"taxonomy":"vip","embeddable":true,"href":"https:\/\/www.gossip.it\/api\/wp\/v2\/vip?post=29701"}],"curies":[{"name":"wp","href":"https:\/\/api.w.org\/{rel}","templated":true}]}}