{"id":29786,"date":"2011-06-17T00:00:00","date_gmt":"2011-06-16T22:00:00","guid":{"rendered":"https:\/\/www.gossip.it\/senza-categoria\/margherita-zanatta-quando-sono-entrata-nella-casa-avevo-una-mezza-storia\/"},"modified":"2011-06-17T00:00:00","modified_gmt":"2011-06-16T22:00:00","slug":"margherita-zanatta-quando-sono-entrata-nella-casa-avevo-una-mezza-storia","status":"publish","type":"post","link":"https:\/\/www.gossip.it\/news\/margherita-zanatta-quando-sono-entrata-nella-casa-avevo-una-mezza-storia\/","title":{"rendered":"Margherita Zanatta: &quot;Quando sono entrata nella Casa avevo una mezza storia&quot;"},"content":{"rendered":"<p><a href=\"http:\/\/www.gossip.it\/news\/monografia.php?keyword=Margherita Zanatta\">Margherita Zanatta<\/a> \u00e8 diventata famosa grazie alla sua partecipazione al \"Grande Fratello\". All'interno della Casa, la speaker varesina ha avuto due storie d'amore: quella burrascosa con <a href=\"http:\/\/www.gossip.it\/news\/monografia.php?keyword=Nando Colelli\">Nando Colelli<\/a> e quella, che dura tutt'ora, con il vincitore del reality <a href=\"http:\/\/www.gossip.it\/news\/monografia.php?keyword=Andrea Cocco\">Andrea Cocco<\/a>.  Ma prima di partire alla volta di Cinecitt\u00e0, il cuore di Marghe era gi\u00e0 impegnato con un altro ragazzo. Una questione che ha fatto discutere e ora la diretta interessata racconta come sono andate davvero le cose: <em>\"Si c'era questa mezza storia\"<\/em> ha dichiarato la ragazza a \"Top\".<\/p>\n<p><em>\"Dico mezza perch\u00e8 la prima met\u00e0 era gi\u00e0 finita. Quando sono entrata gli ho detto di non aspettarmi, perch\u00e8 non sapevo cosa sarebbe successo. Per\u00f2 sapevo che quella scintilla speciale che ci aveva uniti all'inizio si era spenta ormai da tempo. Martin mi aveva delusa\"<\/em>.<\/p>\n<p> Cosa era successo? <em>\"Dopo una storia romantica, in cui impazzivamo entrambi per vederci nei week-end, visto che lui vive nella Svizzera tedesca, mi molla all'improvviso, dicendomi che \u00e8 pronto a tornare a vivere con la sua ex. Poi, torna l'indomani piangendo a dirmi che ha sbagliato tutto. E io, scema, me lo sono ripreso, senza dare retta alla Marghe interiore, che mi diceva che qualcosa si era scucito inevitabilmente\"<\/em>.<\/p>\n<p>Quello che \u00e8 accaduto dopo \u00e8 cosa nota...<\/p>\n<p>Foto: w_01\/Kikapress.com \u00a9 Gossip.com<\/p>\n","protected":false},"excerpt":{"rendered":"<p>Margherita Zanatta \u00e8 diventata famosa grazie alla sua partecipazione al \"Grande Fratello\". All'interno della Casa, la speaker varesina ha avuto due storie d'amore: quella burrascosa con Nando Colelli e quella, che dura tutt'ora, con il vincitore del reality Andrea Cocco. Ma prima di partire alla volta di Cinecitt\u00e0, il cuore di Marghe era gi\u00e0 impegnato [&hellip;]<\/p>\n","protected":false},"author":1,"featured_media":85833,"comment_status":"closed","ping_status":"closed","sticky":false,"template":"","format":"standard","meta":{"footnotes":""},"categories":[54],"tags":[6799,2102,2140,3297,2107,14633,2128,2097],"vip":[1234,1389],"class_list":["post-29786","post","type-post","status-publish","format-standard","has-post-thumbnail","hentry","category-news","tag-andrea-cocco","tag-dichiarazioni","tag-flirt","tag-gossip-tv","tag-grande-fratello","tag-martin","tag-reality-show","tag-tv","vip-margherita_zanatta","vip-nando_colelli"],"yoast_head":"<title>Margherita Zanatta: &quot;Quando sono entrata nella Casa avevo una mezza storia&quot; - Gossip.it | News sul Gossip e VIP<\/title>\n<meta name=\"description\" content=\"Margherita Zanatta \u00e8 diventata famosa grazie alla sua partecipazione al &quot;Grande Fratello&quot;. All&#039;interno della Casa, la speaker varesina ha avuto due storie\" \/>\n<meta name=\"robots\" content=\"index, follow, max-snippet:-1, max-image-preview:large, max-video-preview:-1\" \/>\n<link rel=\"canonical\" href=\"https:\/\/www.gossip.it\/news\/margherita-zanatta-quando-sono-entrata-nella-casa-avevo-una-mezza-storia\/\" \/>\n<meta property=\"og:locale\" content=\"it_IT\" \/>\n<meta property=\"og:type\" content=\"article\" \/>\n<meta property=\"og:title\" content=\"Margherita Zanatta: &quot;Quando sono entrata nella Casa avevo una mezza storia&quot; - Gossip.it | News sul Gossip e VIP\" \/>\n<meta property=\"og:description\" content=\"Margherita Zanatta \u00e8 diventata famosa grazie alla sua partecipazione al &quot;Grande Fratello&quot;. All&#039;interno della Casa, la speaker varesina ha avuto due storie\" \/>\n<meta property=\"og:url\" content=\"https:\/\/www.gossip.it\/news\/margherita-zanatta-quando-sono-entrata-nella-casa-avevo-una-mezza-storia\/\" \/>\n<meta property=\"og:site_name\" content=\"Gossip.it | News sul Gossip e VIP\" \/>\n<meta property=\"article:publisher\" content=\"https:\/\/www.facebook.com\/GossipIT\" \/>\n<meta property=\"article:published_time\" content=\"2011-06-16T22:00:00+00:00\" \/>\n<meta property=\"og:image\" content=\"http:\/\/www.gossip.it\/images5\/1308297852_margherita-zanatta.jpg\" \/>\n<meta name=\"author\" content=\"La Redazione\" \/>\n<meta name=\"twitter:card\" content=\"summary_large_image\" \/>\n<meta name=\"twitter:image\" content=\"http:\/\/www.gossip.it\/images5\/1308297852_margherita-zanatta.jpg\" \/>\n<meta name=\"twitter:creator\" content=\"@gossinews_it\" \/>\n<meta name=\"twitter:site\" content=\"@gossinews_it\" \/>\n<meta name=\"twitter:label1\" content=\"Scritto da\" \/>\n\t<meta name=\"twitter:data1\" content=\"La Redazione\" \/>\n\t<meta name=\"twitter:label2\" content=\"Tempo di lettura stimato\" \/>\n\t<meta name=\"twitter:data2\" content=\"1 minuto\" \/>","yoast_head_json":{"title":"Margherita Zanatta: &quot;Quando sono entrata nella Casa avevo una mezza storia&quot; - Gossip.it | News sul Gossip e VIP","description":"Margherita Zanatta \u00e8 diventata famosa grazie alla sua partecipazione al \"Grande Fratello\". All'interno della Casa, la speaker varesina ha avuto due storie","robots":{"index":"index","follow":"follow","max-snippet":"max-snippet:-1","max-image-preview":"max-image-preview:large","max-video-preview":"max-video-preview:-1"},"canonical":"https:\/\/www.gossip.it\/news\/margherita-zanatta-quando-sono-entrata-nella-casa-avevo-una-mezza-storia\/","og_locale":"it_IT","og_type":"article","og_title":"Margherita Zanatta: &quot;Quando sono entrata nella Casa avevo una mezza storia&quot; - Gossip.it | News sul Gossip e VIP","og_description":"Margherita Zanatta \u00e8 diventata famosa grazie alla sua partecipazione al \"Grande Fratello\". All'interno della Casa, la speaker varesina ha avuto due storie","og_url":"https:\/\/www.gossip.it\/news\/margherita-zanatta-quando-sono-entrata-nella-casa-avevo-una-mezza-storia\/","og_site_name":"Gossip.it | News sul Gossip e VIP","article_publisher":"https:\/\/www.facebook.com\/GossipIT","article_published_time":"2011-06-16T22:00:00+00:00","og_image":[{"url":"http:\/\/www.gossip.it\/images5\/1308297852_margherita-zanatta.jpg"}],"author":"La Redazione","twitter_card":"summary_large_image","twitter_image":"http:\/\/www.gossip.it\/images5\/1308297852_margherita-zanatta.jpg","twitter_creator":"@gossinews_it","twitter_site":"@gossinews_it","twitter_misc":{"Scritto da":"La Redazione","Tempo di lettura stimato":"1 minuto"},"schema":{"@context":"https:\/\/schema.org","@graph":[{"@type":"Article","@id":"https:\/\/www.gossip.it\/news\/margherita-zanatta-quando-sono-entrata-nella-casa-avevo-una-mezza-storia\/#article","isPartOf":{"@id":"https:\/\/www.gossip.it\/news\/margherita-zanatta-quando-sono-entrata-nella-casa-avevo-una-mezza-storia\/"},"author":{"name":"La Redazione","@id":"https:\/\/www.gossip.it\/#\/schema\/person\/488896f75158bff1cc83c6c39d141110"},"headline":"Margherita Zanatta: &quot;Quando sono entrata nella Casa avevo una mezza storia&quot;","datePublished":"2011-06-16T22:00:00+00:00","dateModified":"2011-06-16T22:00:00+00:00","mainEntityOfPage":{"@id":"https:\/\/www.gossip.it\/news\/margherita-zanatta-quando-sono-entrata-nella-casa-avevo-una-mezza-storia\/"},"wordCount":232,"publisher":{"@id":"https:\/\/www.gossip.it\/#organization"},"image":{"@id":"https:\/\/www.gossip.it\/news\/margherita-zanatta-quando-sono-entrata-nella-casa-avevo-una-mezza-storia\/#primaryimage"},"thumbnailUrl":"http:\/\/www.gossip.it\/images5\/1308297852_margherita-zanatta.jpg","keywords":["andrea cocco","dichiarazioni","flirt","gossip.tv","grande fratello","Martin","reality show","tv"],"articleSection":["News"],"inLanguage":"it-IT"},{"@type":"WebPage","@id":"https:\/\/www.gossip.it\/news\/margherita-zanatta-quando-sono-entrata-nella-casa-avevo-una-mezza-storia\/","url":"https:\/\/www.gossip.it\/news\/margherita-zanatta-quando-sono-entrata-nella-casa-avevo-una-mezza-storia\/","name":"Margherita Zanatta: &quot;Quando sono entrata nella Casa avevo una mezza storia&quot; - Gossip.it | News sul Gossip e VIP","isPartOf":{"@id":"https:\/\/www.gossip.it\/#website"},"primaryImageOfPage":{"@id":"https:\/\/www.gossip.it\/news\/margherita-zanatta-quando-sono-entrata-nella-casa-avevo-una-mezza-storia\/#primaryimage"},"image":{"@id":"https:\/\/www.gossip.it\/news\/margherita-zanatta-quando-sono-entrata-nella-casa-avevo-una-mezza-storia\/#primaryimage"},"thumbnailUrl":"http:\/\/www.gossip.it\/images5\/1308297852_margherita-zanatta.jpg","datePublished":"2011-06-16T22:00:00+00:00","dateModified":"2011-06-16T22:00:00+00:00","description":"Margherita Zanatta \u00e8 diventata famosa grazie alla sua partecipazione al \"Grande Fratello\". All'interno della Casa, la speaker varesina ha avuto due storie","breadcrumb":{"@id":"https:\/\/www.gossip.it\/news\/margherita-zanatta-quando-sono-entrata-nella-casa-avevo-una-mezza-storia\/#breadcrumb"},"inLanguage":"it-IT","potentialAction":[{"@type":"ReadAction","target":["https:\/\/www.gossip.it\/news\/margherita-zanatta-quando-sono-entrata-nella-casa-avevo-una-mezza-storia\/"]}]},{"@type":"ImageObject","inLanguage":"it-IT","@id":"https:\/\/www.gossip.it\/news\/margherita-zanatta-quando-sono-entrata-nella-casa-avevo-una-mezza-storia\/#primaryimage","url":"http:\/\/www.gossip.it\/images5\/1308297852_margherita-zanatta.jpg","contentUrl":"http:\/\/www.gossip.it\/images5\/1308297852_margherita-zanatta.jpg"},{"@type":"BreadcrumbList","@id":"https:\/\/www.gossip.it\/news\/margherita-zanatta-quando-sono-entrata-nella-casa-avevo-una-mezza-storia\/#breadcrumb","itemListElement":[{"@type":"ListItem","position":1,"name":"Home","item":"https:\/\/www.gossip.it\/"},{"@type":"ListItem","position":2,"name":"Margherita Zanatta: &quot;Quando sono entrata nella Casa avevo una mezza storia&quot;"}]},{"@type":"WebSite","@id":"https:\/\/www.gossip.it\/#website","url":"https:\/\/www.gossip.it\/","name":"Gossip and VIP News","description":"Quotidiano di cronaca rosa, costume e societ\u00e0","publisher":{"@id":"https:\/\/www.gossip.it\/#organization"},"alternateName":"Gossip and VIP News","potentialAction":[{"@type":"SearchAction","target":{"@type":"EntryPoint","urlTemplate":"https:\/\/www.gossip.it\/?s={search_term_string}"},"query-input":{"@type":"PropertyValueSpecification","valueRequired":true,"valueName":"search_term_string"}}],"inLanguage":"it-IT"},{"@type":"Organization","@id":"https:\/\/www.gossip.it\/#organization","name":"Gossip and VIP News","alternateName":"Gossip News","url":"https:\/\/www.gossip.it\/","logo":{"@type":"ImageObject","inLanguage":"it-IT","@id":"https:\/\/www.gossip.it\/#\/schema\/logo\/image\/","url":"https:\/\/www.gossip.it\/wp-content\/uploads\/2022\/04\/cropped-corna-alta-tiny.png","contentUrl":"https:\/\/www.gossip.it\/wp-content\/uploads\/2022\/04\/cropped-corna-alta-tiny.png","width":512,"height":512,"caption":"Gossip and VIP News"},"image":{"@id":"https:\/\/www.gossip.it\/#\/schema\/logo\/image\/"},"sameAs":["https:\/\/www.facebook.com\/GossipIT","https:\/\/x.com\/gossinews_it","https:\/\/instagram.com\/gossip_it"]},{"@type":"Person","@id":"https:\/\/www.gossip.it\/#\/schema\/person\/488896f75158bff1cc83c6c39d141110","name":"La Redazione","image":{"@type":"ImageObject","inLanguage":"it-IT","@id":"https:\/\/www.gossip.it\/#\/schema\/person\/image\/","url":"https:\/\/secure.gravatar.com\/avatar\/5a5f5c6fa3e6700e4249abdad0263a1e94e927d9e0499b1cb09c1cd29c044d80?s=96&d=mm&r=g","contentUrl":"https:\/\/secure.gravatar.com\/avatar\/5a5f5c6fa3e6700e4249abdad0263a1e94e927d9e0499b1cb09c1cd29c044d80?s=96&d=mm&r=g","caption":"La Redazione"},"sameAs":["https:\/\/www.gossip.it"]}]}},"amp_enabled":true,"_links":{"self":[{"href":"https:\/\/www.gossip.it\/api\/wp\/v2\/posts\/29786","targetHints":{"allow":["GET"]}}],"collection":[{"href":"https:\/\/www.gossip.it\/api\/wp\/v2\/posts"}],"about":[{"href":"https:\/\/www.gossip.it\/api\/wp\/v2\/types\/post"}],"author":[{"embeddable":true,"href":"https:\/\/www.gossip.it\/api\/wp\/v2\/users\/1"}],"replies":[{"embeddable":true,"href":"https:\/\/www.gossip.it\/api\/wp\/v2\/comments?post=29786"}],"version-history":[{"count":0,"href":"https:\/\/www.gossip.it\/api\/wp\/v2\/posts\/29786\/revisions"}],"wp:featuredmedia":[{"embeddable":true,"href":"https:\/\/www.gossip.it\/api\/wp\/v2\/media\/85833"}],"wp:attachment":[{"href":"https:\/\/www.gossip.it\/api\/wp\/v2\/media?parent=29786"}],"wp:term":[{"taxonomy":"category","embeddable":true,"href":"https:\/\/www.gossip.it\/api\/wp\/v2\/categories?post=29786"},{"taxonomy":"post_tag","embeddable":true,"href":"https:\/\/www.gossip.it\/api\/wp\/v2\/tags?post=29786"},{"taxonomy":"vip","embeddable":true,"href":"https:\/\/www.gossip.it\/api\/wp\/v2\/vip?post=29786"}],"curies":[{"name":"wp","href":"https:\/\/api.w.org\/{rel}","templated":true}]}}