{"id":29791,"date":"2011-06-17T00:00:00","date_gmt":"2011-06-16T22:00:00","guid":{"rendered":"https:\/\/www.gossip.it\/senza-categoria\/sasa-angelucci-un-figlio-puo-anche-dividere\/"},"modified":"2011-06-17T00:00:00","modified_gmt":"2011-06-16T22:00:00","slug":"sasa-angelucci-un-figlio-puo-anche-dividere","status":"publish","type":"post","link":"https:\/\/www.gossip.it\/news\/sasa-angelucci-un-figlio-puo-anche-dividere\/","title":{"rendered":"Sas\u00e0 Angelucci: &quot;Un figlio pu\u00f2 anche dividere&quot;"},"content":{"rendered":"<p>La storia d'amore tra <a href=\"http:\/\/www.gossip.it\/news\/monografia.php?keyword=Karina Cascella\">Karina Cascella<\/a> e <a href=\"http:\/\/www.gossip.it\/news\/monografia.php?keyword=Salvatore Angelucci\">Salvatore Angelucci<\/a> \u00e8 iniziata nel novembre del 2008. Divenuti famosi grazie a \"Uomini e Donne\", i due sono ancora insieme e il 23 aprile del 2010 hanno anche salutato la nascita della piccola Ginevra. Il settimanale \"Top\" li ha paparazzati mentre si godevano un po' di relax  in spiaggia, a Riccione. Karina, nonostante la recente gravidanza, ha sfoderato un fisico in perfetta forma e Sas\u00e0 ha sfoggiato addominali scolpiti, da pap\u00e0 aitante e muscoloso al punto giusto. Una bella coppia di genitori, sempre pi\u00f9 unita e innamorata. Ma come ha raccontato lo stesso Salvatore, dopo la nascita della primogenita, non sono state tutte rose fiori...<\/p>\n<p><em>\"All'inizio Ginevra si limitava a mangiare e dormire, e aveva un rapporto quasi 'esclusivo' con la mamma: piano piano per\u00f2, ha cominciato a stare sempre pi\u00f9 tempo sveglia, a essere pi\u00f9 curiosa, reattiva, e anche noi abbiamo iniziato a interagire di pi\u00f9. Non dimenticher\u00f2 mai il giorno in cui ha mosso i primi passi, o quando mi sono sentito chiamare 'pap\u00e0' per la prima volta: sono emozioni impossibili da descrivere a parole. Adesso, poi, ogni giorno cambia, scopre cose nuove, ed \u00e8 un piacere stare con lei. S\u00ec ora me la sto proprio godendo\"<\/em>. Ma superare il primo impatto non \u00e8 stato facile: <em>\"Ho sentito spesso dire che un figlio unisce una coppia. Ma se tra i genitori non c'\u00e8 un rapporto pi\u00f9 che solido, un figlio rischia di divederli. Un bambino cambia tutto, si stravolgono le abitudini, i ritmi. Basta pensare alle cose pi\u00f9 banali, come gli orari: all'inizio Karina si alzava e andava a dormire in base a quello che faceva la bambina. Io di lavoro faccio il deejay, ho degli orari particolari: perci\u00f2 passavamo giornate intere senza vederci. E questo \u00e8 solo un piccolo esempio. Per restare uniti, bisogna avere tanta forza di volont\u00e0, alla base ci deve essere un grande amore. Il nostro rapporto adesso \u00e8 pi\u00f9 forte di prima, ma non \u00e8 stato affatto semplice\"<\/em>.<\/p>\n","protected":false},"excerpt":{"rendered":"<p>La storia d'amore tra Karina Cascella e Salvatore Angelucci \u00e8 iniziata nel novembre del 2008. Divenuti famosi grazie a \"Uomini e Donne\", i due sono ancora insieme e il 23 aprile del 2010 hanno anche salutato la nascita della piccola Ginevra. Il settimanale \"Top\" li ha paparazzati mentre si godevano un po' di relax in [&hellip;]<\/p>\n","protected":false},"author":1,"featured_media":85838,"comment_status":"closed","ping_status":"closed","sticky":false,"template":"","format":"standard","meta":{"footnotes":""},"categories":[54],"tags":[2102,7192,3297,2103,34676,2097,2115],"vip":[1038,1644],"class_list":["post-29791","post","type-post","status-publish","format-standard","has-post-thumbnail","hentry","category-news","tag-dichiarazioni","tag-ginevra","tag-gossip-tv","tag-intervista","tag-mare-riccione","tag-tv","tag-uomini-e-donne","vip-karina_cascella","vip-salvatore_angelucci"],"yoast_head":"<title>Sas\u00e0 Angelucci: &quot;Un figlio pu\u00f2 anche dividere&quot; - Gossip.it | News sul Gossip e VIP<\/title>\n<meta name=\"description\" content=\"La storia d&#039;amore tra Karina Cascella e Salvatore Angelucci \u00e8 iniziata nel novembre del 2008. Divenuti famosi grazie a &quot;Uomini e Donne&quot;, i due sono ancora\" \/>\n<meta name=\"robots\" content=\"index, follow, max-snippet:-1, max-image-preview:large, max-video-preview:-1\" \/>\n<link rel=\"canonical\" href=\"https:\/\/www.gossip.it\/news\/sasa-angelucci-un-figlio-puo-anche-dividere\/\" \/>\n<meta property=\"og:locale\" content=\"it_IT\" \/>\n<meta property=\"og:type\" content=\"article\" \/>\n<meta property=\"og:title\" content=\"Sas\u00e0 Angelucci: &quot;Un figlio pu\u00f2 anche dividere&quot; - Gossip.it | News sul Gossip e VIP\" \/>\n<meta property=\"og:description\" content=\"La storia d&#039;amore tra Karina Cascella e Salvatore Angelucci \u00e8 iniziata nel novembre del 2008. Divenuti famosi grazie a &quot;Uomini e Donne&quot;, i due sono ancora\" \/>\n<meta property=\"og:url\" content=\"https:\/\/www.gossip.it\/news\/sasa-angelucci-un-figlio-puo-anche-dividere\/\" \/>\n<meta property=\"og:site_name\" content=\"Gossip.it | News sul Gossip e VIP\" \/>\n<meta property=\"article:publisher\" content=\"https:\/\/www.facebook.com\/GossipIT\" \/>\n<meta property=\"article:published_time\" content=\"2011-06-16T22:00:00+00:00\" \/>\n<meta property=\"og:image\" content=\"http:\/\/www.gossip.it\/images5\/1308305736_.jpg\" \/>\n<meta name=\"author\" content=\"La Redazione\" \/>\n<meta name=\"twitter:card\" content=\"summary_large_image\" \/>\n<meta name=\"twitter:image\" content=\"http:\/\/www.gossip.it\/images5\/1308305736_.jpg\" \/>\n<meta name=\"twitter:creator\" content=\"@gossinews_it\" \/>\n<meta name=\"twitter:site\" content=\"@gossinews_it\" \/>\n<meta name=\"twitter:label1\" content=\"Scritto da\" \/>\n\t<meta name=\"twitter:data1\" content=\"La Redazione\" \/>\n\t<meta name=\"twitter:label2\" content=\"Tempo di lettura stimato\" \/>\n\t<meta name=\"twitter:data2\" content=\"2 minuti\" \/>","yoast_head_json":{"title":"Sas\u00e0 Angelucci: &quot;Un figlio pu\u00f2 anche dividere&quot; - Gossip.it | News sul Gossip e VIP","description":"La storia d'amore tra Karina Cascella e Salvatore Angelucci \u00e8 iniziata nel novembre del 2008. Divenuti famosi grazie a \"Uomini e Donne\", i due sono ancora","robots":{"index":"index","follow":"follow","max-snippet":"max-snippet:-1","max-image-preview":"max-image-preview:large","max-video-preview":"max-video-preview:-1"},"canonical":"https:\/\/www.gossip.it\/news\/sasa-angelucci-un-figlio-puo-anche-dividere\/","og_locale":"it_IT","og_type":"article","og_title":"Sas\u00e0 Angelucci: &quot;Un figlio pu\u00f2 anche dividere&quot; - Gossip.it | News sul Gossip e VIP","og_description":"La storia d'amore tra Karina Cascella e Salvatore Angelucci \u00e8 iniziata nel novembre del 2008. Divenuti famosi grazie a \"Uomini e Donne\", i due sono ancora","og_url":"https:\/\/www.gossip.it\/news\/sasa-angelucci-un-figlio-puo-anche-dividere\/","og_site_name":"Gossip.it | News sul Gossip e VIP","article_publisher":"https:\/\/www.facebook.com\/GossipIT","article_published_time":"2011-06-16T22:00:00+00:00","og_image":[{"url":"http:\/\/www.gossip.it\/images5\/1308305736_.jpg"}],"author":"La Redazione","twitter_card":"summary_large_image","twitter_image":"http:\/\/www.gossip.it\/images5\/1308305736_.jpg","twitter_creator":"@gossinews_it","twitter_site":"@gossinews_it","twitter_misc":{"Scritto da":"La Redazione","Tempo di lettura stimato":"2 minuti"},"schema":{"@context":"https:\/\/schema.org","@graph":[{"@type":"Article","@id":"https:\/\/www.gossip.it\/news\/sasa-angelucci-un-figlio-puo-anche-dividere\/#article","isPartOf":{"@id":"https:\/\/www.gossip.it\/news\/sasa-angelucci-un-figlio-puo-anche-dividere\/"},"author":{"name":"La Redazione","@id":"https:\/\/www.gossip.it\/#\/schema\/person\/488896f75158bff1cc83c6c39d141110"},"headline":"Sas\u00e0 Angelucci: &quot;Un figlio pu\u00f2 anche dividere&quot;","datePublished":"2011-06-16T22:00:00+00:00","dateModified":"2011-06-16T22:00:00+00:00","mainEntityOfPage":{"@id":"https:\/\/www.gossip.it\/news\/sasa-angelucci-un-figlio-puo-anche-dividere\/"},"wordCount":335,"publisher":{"@id":"https:\/\/www.gossip.it\/#organization"},"image":{"@id":"https:\/\/www.gossip.it\/news\/sasa-angelucci-un-figlio-puo-anche-dividere\/#primaryimage"},"thumbnailUrl":"http:\/\/www.gossip.it\/images5\/1308305736_.jpg","keywords":["dichiarazioni","ginevra","gossip.tv","intervista","mare riccione","tv","uomini e donne"],"articleSection":["News"],"inLanguage":"it-IT"},{"@type":"WebPage","@id":"https:\/\/www.gossip.it\/news\/sasa-angelucci-un-figlio-puo-anche-dividere\/","url":"https:\/\/www.gossip.it\/news\/sasa-angelucci-un-figlio-puo-anche-dividere\/","name":"Sas\u00e0 Angelucci: &quot;Un figlio pu\u00f2 anche dividere&quot; - Gossip.it | News sul Gossip e VIP","isPartOf":{"@id":"https:\/\/www.gossip.it\/#website"},"primaryImageOfPage":{"@id":"https:\/\/www.gossip.it\/news\/sasa-angelucci-un-figlio-puo-anche-dividere\/#primaryimage"},"image":{"@id":"https:\/\/www.gossip.it\/news\/sasa-angelucci-un-figlio-puo-anche-dividere\/#primaryimage"},"thumbnailUrl":"http:\/\/www.gossip.it\/images5\/1308305736_.jpg","datePublished":"2011-06-16T22:00:00+00:00","dateModified":"2011-06-16T22:00:00+00:00","description":"La storia d'amore tra Karina Cascella e Salvatore Angelucci \u00e8 iniziata nel novembre del 2008. Divenuti famosi grazie a \"Uomini e Donne\", i due sono ancora","breadcrumb":{"@id":"https:\/\/www.gossip.it\/news\/sasa-angelucci-un-figlio-puo-anche-dividere\/#breadcrumb"},"inLanguage":"it-IT","potentialAction":[{"@type":"ReadAction","target":["https:\/\/www.gossip.it\/news\/sasa-angelucci-un-figlio-puo-anche-dividere\/"]}]},{"@type":"ImageObject","inLanguage":"it-IT","@id":"https:\/\/www.gossip.it\/news\/sasa-angelucci-un-figlio-puo-anche-dividere\/#primaryimage","url":"http:\/\/www.gossip.it\/images5\/1308305736_.jpg","contentUrl":"http:\/\/www.gossip.it\/images5\/1308305736_.jpg"},{"@type":"BreadcrumbList","@id":"https:\/\/www.gossip.it\/news\/sasa-angelucci-un-figlio-puo-anche-dividere\/#breadcrumb","itemListElement":[{"@type":"ListItem","position":1,"name":"Home","item":"https:\/\/www.gossip.it\/"},{"@type":"ListItem","position":2,"name":"Sas\u00e0 Angelucci: &quot;Un figlio pu\u00f2 anche dividere&quot;"}]},{"@type":"WebSite","@id":"https:\/\/www.gossip.it\/#website","url":"https:\/\/www.gossip.it\/","name":"Gossip and VIP News","description":"Quotidiano di cronaca rosa, costume e societ\u00e0","publisher":{"@id":"https:\/\/www.gossip.it\/#organization"},"alternateName":"Gossip and VIP News","potentialAction":[{"@type":"SearchAction","target":{"@type":"EntryPoint","urlTemplate":"https:\/\/www.gossip.it\/?s={search_term_string}"},"query-input":{"@type":"PropertyValueSpecification","valueRequired":true,"valueName":"search_term_string"}}],"inLanguage":"it-IT"},{"@type":"Organization","@id":"https:\/\/www.gossip.it\/#organization","name":"Gossip and VIP News","alternateName":"Gossip News","url":"https:\/\/www.gossip.it\/","logo":{"@type":"ImageObject","inLanguage":"it-IT","@id":"https:\/\/www.gossip.it\/#\/schema\/logo\/image\/","url":"https:\/\/www.gossip.it\/wp-content\/uploads\/2022\/04\/cropped-corna-alta-tiny.png","contentUrl":"https:\/\/www.gossip.it\/wp-content\/uploads\/2022\/04\/cropped-corna-alta-tiny.png","width":512,"height":512,"caption":"Gossip and VIP News"},"image":{"@id":"https:\/\/www.gossip.it\/#\/schema\/logo\/image\/"},"sameAs":["https:\/\/www.facebook.com\/GossipIT","https:\/\/x.com\/gossinews_it","https:\/\/instagram.com\/gossip_it"]},{"@type":"Person","@id":"https:\/\/www.gossip.it\/#\/schema\/person\/488896f75158bff1cc83c6c39d141110","name":"La Redazione","image":{"@type":"ImageObject","inLanguage":"it-IT","@id":"https:\/\/www.gossip.it\/#\/schema\/person\/image\/","url":"https:\/\/secure.gravatar.com\/avatar\/5a5f5c6fa3e6700e4249abdad0263a1e94e927d9e0499b1cb09c1cd29c044d80?s=96&d=mm&r=g","contentUrl":"https:\/\/secure.gravatar.com\/avatar\/5a5f5c6fa3e6700e4249abdad0263a1e94e927d9e0499b1cb09c1cd29c044d80?s=96&d=mm&r=g","caption":"La Redazione"},"sameAs":["https:\/\/www.gossip.it"]}]}},"amp_enabled":true,"_links":{"self":[{"href":"https:\/\/www.gossip.it\/api\/wp\/v2\/posts\/29791","targetHints":{"allow":["GET"]}}],"collection":[{"href":"https:\/\/www.gossip.it\/api\/wp\/v2\/posts"}],"about":[{"href":"https:\/\/www.gossip.it\/api\/wp\/v2\/types\/post"}],"author":[{"embeddable":true,"href":"https:\/\/www.gossip.it\/api\/wp\/v2\/users\/1"}],"replies":[{"embeddable":true,"href":"https:\/\/www.gossip.it\/api\/wp\/v2\/comments?post=29791"}],"version-history":[{"count":0,"href":"https:\/\/www.gossip.it\/api\/wp\/v2\/posts\/29791\/revisions"}],"wp:featuredmedia":[{"embeddable":true,"href":"https:\/\/www.gossip.it\/api\/wp\/v2\/media\/85838"}],"wp:attachment":[{"href":"https:\/\/www.gossip.it\/api\/wp\/v2\/media?parent=29791"}],"wp:term":[{"taxonomy":"category","embeddable":true,"href":"https:\/\/www.gossip.it\/api\/wp\/v2\/categories?post=29791"},{"taxonomy":"post_tag","embeddable":true,"href":"https:\/\/www.gossip.it\/api\/wp\/v2\/tags?post=29791"},{"taxonomy":"vip","embeddable":true,"href":"https:\/\/www.gossip.it\/api\/wp\/v2\/vip?post=29791"}],"curies":[{"name":"wp","href":"https:\/\/api.w.org\/{rel}","templated":true}]}}