{"id":29926,"date":"2011-07-05T00:00:00","date_gmt":"2011-07-04T22:00:00","guid":{"rendered":"https:\/\/www.gossip.it\/senza-categoria\/paola-perego-cacciata-dalla-rai-per-colpire-lucio-presta\/"},"modified":"2011-07-05T00:00:00","modified_gmt":"2011-07-04T22:00:00","slug":"paola-perego-cacciata-dalla-rai-per-colpire-lucio-presta","status":"publish","type":"post","link":"https:\/\/www.gossip.it\/news\/paola-perego-cacciata-dalla-rai-per-colpire-lucio-presta\/","title":{"rendered":"Paola Perego: &quot;Cacciata dalla Rai per colpire Lucio Presta&quot;"},"content":{"rendered":"<p><a href=\"http:\/\/www.gossip.it\/news\/monografia.php?keyword=Paola Perego\">Paola Perego<\/a> per un'intera stagione televisiva \u00e8 stata la regina del pomeriggio di Rai Uno con il suo programma <b>\"Se... a casa di Paola\"<\/b>. La conduttrice, per\u00f2, non \u00e8 stata riconfermata  e ora potrebbe tornare a Mediaset dove ha lavorato per tanti anni. Ma come mai la tv di Stato non la vuole pi\u00f9? E' la stessa Perego, dalle pagine di \"Chi\", a spiegarne i motivi.<\/p>\n<p><em>\"Non \u00e8 la Rai che ha rinunciato a me e al mio team, ma sono solo alcune persone e <b>lo hanno fatto per colpire Lucio<\/b><\/em> (Presta, suo manager e compagno di vita, ndr)<em>, che non si \u00e8 piegato a richieste che gli sono state fatte\"<\/em>, ha dichiarato Paola. <em>\"<a href=\"http:\/\/www.gossip.it\/news\/monografia.php?keyword=Mauro Mazza\">Mauro Mazza<\/a>, direttore di Raiuno<\/em> - ha poi aggiunto<\/em> - <em>mi ha proposto il rinnovo ben due mesi prima che la trasmissione 'Se\u2026 a casa di Paola' finisse. Sfido chiunque a sostenere il contrario. Va bene cos\u00ec, piccole miserie del nostro mondo. Tornare in Mediaset? \u00c8 un'azienda guidata da persone che conosco da tanti anni. Se accadesse, sarebbe la normalit\u00e0\"<\/em>.<\/p>\n<p>Foto: M.Bruni \u00a9 Gossip.it<\/p>\n","protected":false},"excerpt":{"rendered":"<p>Paola Perego per un'intera stagione televisiva \u00e8 stata la regina del pomeriggio di Rai Uno con il suo programma \"Se... a casa di Paola\". La conduttrice, per\u00f2, non \u00e8 stata riconfermata e ora potrebbe tornare a Mediaset dove ha lavorato per tanti anni. Ma come mai la tv di Stato non la vuole pi\u00f9? E' [&hellip;]<\/p>\n","protected":false},"author":1,"featured_media":85973,"comment_status":"closed","ping_status":"closed","sticky":false,"template":"","format":"standard","meta":{"footnotes":""},"categories":[54],"tags":[1992,13603,3297,34779,2291,2562,34780,2097],"vip":[1161,1459],"class_list":["post-29926","post","type-post","status-publish","format-standard","has-post-thumbnail","hentry","category-news","tag-conduttrice","tag-contratto","tag-gossip-tv","tag-maura-mazza","tag-mediaset","tag-rai","tag-se-a-casa-di-paola","tag-tv","vip-lucio_presta","vip-paola_perego"],"yoast_head":"<title>Paola Perego: &quot;Cacciata dalla Rai per colpire Lucio Presta&quot; - Gossip.it | News sul Gossip e VIP<\/title>\n<meta name=\"description\" content=\"Paola Perego per un&#039;intera stagione televisiva \u00e8 stata la regina del pomeriggio di Rai Uno con il suo programma &quot;Se... a casa di Paola&quot;. La conduttrice,\" \/>\n<meta name=\"robots\" content=\"index, follow, max-snippet:-1, max-image-preview:large, max-video-preview:-1\" \/>\n<link rel=\"canonical\" href=\"https:\/\/www.gossip.it\/news\/paola-perego-cacciata-dalla-rai-per-colpire-lucio-presta\/\" \/>\n<meta property=\"og:locale\" content=\"it_IT\" \/>\n<meta property=\"og:type\" content=\"article\" \/>\n<meta property=\"og:title\" content=\"Paola Perego: &quot;Cacciata dalla Rai per colpire Lucio Presta&quot; - Gossip.it | News sul Gossip e VIP\" \/>\n<meta property=\"og:description\" content=\"Paola Perego per un&#039;intera stagione televisiva \u00e8 stata la regina del pomeriggio di Rai Uno con il suo programma &quot;Se... a casa di Paola&quot;. La conduttrice,\" \/>\n<meta property=\"og:url\" content=\"https:\/\/www.gossip.it\/news\/paola-perego-cacciata-dalla-rai-per-colpire-lucio-presta\/\" \/>\n<meta property=\"og:site_name\" content=\"Gossip.it | News sul Gossip e VIP\" \/>\n<meta property=\"article:publisher\" content=\"https:\/\/www.facebook.com\/GossipIT\" \/>\n<meta property=\"article:published_time\" content=\"2011-07-04T22:00:00+00:00\" \/>\n<meta property=\"og:image\" content=\"http:\/\/www.gossip.it\/images5\/1309870689_paola-perego.jpg\" \/>\n<meta name=\"author\" content=\"La Redazione\" \/>\n<meta name=\"twitter:card\" content=\"summary_large_image\" \/>\n<meta name=\"twitter:image\" content=\"http:\/\/www.gossip.it\/images5\/1309870689_paola-perego.jpg\" \/>\n<meta name=\"twitter:creator\" content=\"@gossinews_it\" \/>\n<meta name=\"twitter:site\" content=\"@gossinews_it\" \/>\n<meta name=\"twitter:label1\" content=\"Scritto da\" \/>\n\t<meta name=\"twitter:data1\" content=\"La Redazione\" \/>\n\t<meta name=\"twitter:label2\" content=\"Tempo di lettura stimato\" \/>\n\t<meta name=\"twitter:data2\" content=\"1 minuto\" \/>","yoast_head_json":{"title":"Paola Perego: &quot;Cacciata dalla Rai per colpire Lucio Presta&quot; - Gossip.it | News sul Gossip e VIP","description":"Paola Perego per un'intera stagione televisiva \u00e8 stata la regina del pomeriggio di Rai Uno con il suo programma \"Se... a casa di Paola\". La conduttrice,","robots":{"index":"index","follow":"follow","max-snippet":"max-snippet:-1","max-image-preview":"max-image-preview:large","max-video-preview":"max-video-preview:-1"},"canonical":"https:\/\/www.gossip.it\/news\/paola-perego-cacciata-dalla-rai-per-colpire-lucio-presta\/","og_locale":"it_IT","og_type":"article","og_title":"Paola Perego: &quot;Cacciata dalla Rai per colpire Lucio Presta&quot; - Gossip.it | News sul Gossip e VIP","og_description":"Paola Perego per un'intera stagione televisiva \u00e8 stata la regina del pomeriggio di Rai Uno con il suo programma \"Se... a casa di Paola\". La conduttrice,","og_url":"https:\/\/www.gossip.it\/news\/paola-perego-cacciata-dalla-rai-per-colpire-lucio-presta\/","og_site_name":"Gossip.it | News sul Gossip e VIP","article_publisher":"https:\/\/www.facebook.com\/GossipIT","article_published_time":"2011-07-04T22:00:00+00:00","og_image":[{"url":"http:\/\/www.gossip.it\/images5\/1309870689_paola-perego.jpg"}],"author":"La Redazione","twitter_card":"summary_large_image","twitter_image":"http:\/\/www.gossip.it\/images5\/1309870689_paola-perego.jpg","twitter_creator":"@gossinews_it","twitter_site":"@gossinews_it","twitter_misc":{"Scritto da":"La Redazione","Tempo di lettura stimato":"1 minuto"},"schema":{"@context":"https:\/\/schema.org","@graph":[{"@type":"Article","@id":"https:\/\/www.gossip.it\/news\/paola-perego-cacciata-dalla-rai-per-colpire-lucio-presta\/#article","isPartOf":{"@id":"https:\/\/www.gossip.it\/news\/paola-perego-cacciata-dalla-rai-per-colpire-lucio-presta\/"},"author":{"name":"La Redazione","@id":"https:\/\/www.gossip.it\/#\/schema\/person\/488896f75158bff1cc83c6c39d141110"},"headline":"Paola Perego: &quot;Cacciata dalla Rai per colpire Lucio Presta&quot;","datePublished":"2011-07-04T22:00:00+00:00","dateModified":"2011-07-04T22:00:00+00:00","mainEntityOfPage":{"@id":"https:\/\/www.gossip.it\/news\/paola-perego-cacciata-dalla-rai-per-colpire-lucio-presta\/"},"wordCount":187,"publisher":{"@id":"https:\/\/www.gossip.it\/#organization"},"image":{"@id":"https:\/\/www.gossip.it\/news\/paola-perego-cacciata-dalla-rai-per-colpire-lucio-presta\/#primaryimage"},"thumbnailUrl":"http:\/\/www.gossip.it\/images5\/1309870689_paola-perego.jpg","keywords":["conduttrice","contratto","gossip.tv","maura mazza","mediaset","rai","se a casa di paola","tv"],"articleSection":["News"],"inLanguage":"it-IT"},{"@type":"WebPage","@id":"https:\/\/www.gossip.it\/news\/paola-perego-cacciata-dalla-rai-per-colpire-lucio-presta\/","url":"https:\/\/www.gossip.it\/news\/paola-perego-cacciata-dalla-rai-per-colpire-lucio-presta\/","name":"Paola Perego: &quot;Cacciata dalla Rai per colpire Lucio Presta&quot; - Gossip.it | News sul Gossip e VIP","isPartOf":{"@id":"https:\/\/www.gossip.it\/#website"},"primaryImageOfPage":{"@id":"https:\/\/www.gossip.it\/news\/paola-perego-cacciata-dalla-rai-per-colpire-lucio-presta\/#primaryimage"},"image":{"@id":"https:\/\/www.gossip.it\/news\/paola-perego-cacciata-dalla-rai-per-colpire-lucio-presta\/#primaryimage"},"thumbnailUrl":"http:\/\/www.gossip.it\/images5\/1309870689_paola-perego.jpg","datePublished":"2011-07-04T22:00:00+00:00","dateModified":"2011-07-04T22:00:00+00:00","description":"Paola Perego per un'intera stagione televisiva \u00e8 stata la regina del pomeriggio di Rai Uno con il suo programma \"Se... a casa di Paola\". La conduttrice,","breadcrumb":{"@id":"https:\/\/www.gossip.it\/news\/paola-perego-cacciata-dalla-rai-per-colpire-lucio-presta\/#breadcrumb"},"inLanguage":"it-IT","potentialAction":[{"@type":"ReadAction","target":["https:\/\/www.gossip.it\/news\/paola-perego-cacciata-dalla-rai-per-colpire-lucio-presta\/"]}]},{"@type":"ImageObject","inLanguage":"it-IT","@id":"https:\/\/www.gossip.it\/news\/paola-perego-cacciata-dalla-rai-per-colpire-lucio-presta\/#primaryimage","url":"http:\/\/www.gossip.it\/images5\/1309870689_paola-perego.jpg","contentUrl":"http:\/\/www.gossip.it\/images5\/1309870689_paola-perego.jpg"},{"@type":"BreadcrumbList","@id":"https:\/\/www.gossip.it\/news\/paola-perego-cacciata-dalla-rai-per-colpire-lucio-presta\/#breadcrumb","itemListElement":[{"@type":"ListItem","position":1,"name":"Home","item":"https:\/\/www.gossip.it\/"},{"@type":"ListItem","position":2,"name":"Paola Perego: &quot;Cacciata dalla Rai per colpire Lucio Presta&quot;"}]},{"@type":"WebSite","@id":"https:\/\/www.gossip.it\/#website","url":"https:\/\/www.gossip.it\/","name":"Gossip and VIP News","description":"Quotidiano di cronaca rosa, costume e societ\u00e0","publisher":{"@id":"https:\/\/www.gossip.it\/#organization"},"alternateName":"Gossip and VIP News","potentialAction":[{"@type":"SearchAction","target":{"@type":"EntryPoint","urlTemplate":"https:\/\/www.gossip.it\/?s={search_term_string}"},"query-input":{"@type":"PropertyValueSpecification","valueRequired":true,"valueName":"search_term_string"}}],"inLanguage":"it-IT"},{"@type":"Organization","@id":"https:\/\/www.gossip.it\/#organization","name":"Gossip and VIP News","alternateName":"Gossip News","url":"https:\/\/www.gossip.it\/","logo":{"@type":"ImageObject","inLanguage":"it-IT","@id":"https:\/\/www.gossip.it\/#\/schema\/logo\/image\/","url":"https:\/\/www.gossip.it\/wp-content\/uploads\/2022\/04\/cropped-corna-alta-tiny.png","contentUrl":"https:\/\/www.gossip.it\/wp-content\/uploads\/2022\/04\/cropped-corna-alta-tiny.png","width":512,"height":512,"caption":"Gossip and VIP News"},"image":{"@id":"https:\/\/www.gossip.it\/#\/schema\/logo\/image\/"},"sameAs":["https:\/\/www.facebook.com\/GossipIT","https:\/\/x.com\/gossinews_it","https:\/\/instagram.com\/gossip_it"]},{"@type":"Person","@id":"https:\/\/www.gossip.it\/#\/schema\/person\/488896f75158bff1cc83c6c39d141110","name":"La Redazione","image":{"@type":"ImageObject","inLanguage":"it-IT","@id":"https:\/\/www.gossip.it\/#\/schema\/person\/image\/","url":"https:\/\/secure.gravatar.com\/avatar\/5a5f5c6fa3e6700e4249abdad0263a1e94e927d9e0499b1cb09c1cd29c044d80?s=96&d=mm&r=g","contentUrl":"https:\/\/secure.gravatar.com\/avatar\/5a5f5c6fa3e6700e4249abdad0263a1e94e927d9e0499b1cb09c1cd29c044d80?s=96&d=mm&r=g","caption":"La Redazione"},"sameAs":["https:\/\/www.gossip.it"]}]}},"amp_enabled":true,"_links":{"self":[{"href":"https:\/\/www.gossip.it\/api\/wp\/v2\/posts\/29926","targetHints":{"allow":["GET"]}}],"collection":[{"href":"https:\/\/www.gossip.it\/api\/wp\/v2\/posts"}],"about":[{"href":"https:\/\/www.gossip.it\/api\/wp\/v2\/types\/post"}],"author":[{"embeddable":true,"href":"https:\/\/www.gossip.it\/api\/wp\/v2\/users\/1"}],"replies":[{"embeddable":true,"href":"https:\/\/www.gossip.it\/api\/wp\/v2\/comments?post=29926"}],"version-history":[{"count":0,"href":"https:\/\/www.gossip.it\/api\/wp\/v2\/posts\/29926\/revisions"}],"wp:featuredmedia":[{"embeddable":true,"href":"https:\/\/www.gossip.it\/api\/wp\/v2\/media\/85973"}],"wp:attachment":[{"href":"https:\/\/www.gossip.it\/api\/wp\/v2\/media?parent=29926"}],"wp:term":[{"taxonomy":"category","embeddable":true,"href":"https:\/\/www.gossip.it\/api\/wp\/v2\/categories?post=29926"},{"taxonomy":"post_tag","embeddable":true,"href":"https:\/\/www.gossip.it\/api\/wp\/v2\/tags?post=29926"},{"taxonomy":"vip","embeddable":true,"href":"https:\/\/www.gossip.it\/api\/wp\/v2\/vip?post=29926"}],"curies":[{"name":"wp","href":"https:\/\/api.w.org\/{rel}","templated":true}]}}