{"id":30174,"date":"2011-08-05T00:00:00","date_gmt":"2011-08-04T22:00:00","guid":{"rendered":"https:\/\/www.gossip.it\/senza-categoria\/vittoria-puccini-al-mare-con-elena\/"},"modified":"2011-08-05T00:00:00","modified_gmt":"2011-08-04T22:00:00","slug":"vittoria-puccini-al-mare-con-elena","status":"publish","type":"post","link":"https:\/\/www.gossip.it\/news\/vittoria-puccini-al-mare-con-elena\/","title":{"rendered":"Vittoria Puccini al mare con Elena"},"content":{"rendered":"<p><a href=\"http:\/\/www.gossip.it\/news\/monografia.php?keyword=Vittoria Puccini\">Vittoria Puccini<\/a> in bikini sfoggia un fisico da far invidia e lo fa a Forte dei Marmi, meta balneare scelta per trascorrere qualche giorno di vacanza insieme alla famiglia. Come mostrano le foto pubblicate  su \"Vero\" nel numero in edicola, l'attrice si dedica completamente al suo ruolo di mamma e lo fa giocando in acqua con la piccola <b>Elena<\/b>, nata dall'unione con l'ormai ex compagno <a href=\"http:\/\/www.gossip.it\/news\/monografia.php?keyword=Alessandro Preziosi\">Alessandro Preziosi<\/a>.<\/p>\n<p>Vittoria, che attualmente \u00e8 legata all'attore <a href=\"http:\/\/www.gossip.it\/news\/monografia.php?keyword=Claudio Santamaria\">Claudio Santamaria<\/a>, si gode cos\u00ec un po' di relax e, oltre alla figlia, a farle compagnia in spiaggia c'\u00e8 anche il suo pap\u00e0 che si diletta a giocare con la nipotina. La Puccini, che a un certo punto si protegge dai raggi solari con un bel cappello e gli occhiali scuri, si concede anche una sigaretta. Nervosa? Molto presto dovr\u00e0 vestire i panni di madrina alla Mostra del Cinema di Venezia, un impegno non da poco. Meglio godersi appieno questi giorni di vacanza...<\/p>\n","protected":false},"excerpt":{"rendered":"<p>Vittoria Puccini in bikini sfoggia un fisico da far invidia e lo fa a Forte dei Marmi, meta balneare scelta per trascorrere qualche giorno di vacanza insieme alla famiglia. Come mostrano le foto pubblicate su \"Vero\" nel numero in edicola, l'attrice si dedica completamente al suo ruolo di mamma e lo fa giocando in acqua [&hellip;]<\/p>\n","protected":false},"author":1,"featured_media":86221,"comment_status":"closed","ping_status":"closed","sticky":false,"template":"","format":"standard","meta":{"footnotes":""},"categories":[54],"tags":[2951,16233,5327,9510,2769,3297,2097,2978],"vip":[265,519,1843],"class_list":["post-30174","post","type-post","status-publish","format-standard","has-post-thumbnail","hentry","category-news","tag-bikini","tag-ciname","tag-festival-di-venezia","tag-forte-dei-marmi","tag-gossip-cinema","tag-gossip-tv","tag-tv","tag-vacanze","vip-alessandro_preziosi","vip-claudio_santamaria","vip-vittoria_puccini"],"yoast_head":"<title>Vittoria Puccini al mare con Elena - Gossip.it | News sul Gossip e VIP<\/title>\n<meta name=\"description\" content=\"Vittoria Puccini in bikini sfoggia un fisico da far invidia e lo fa a Forte dei Marmi, meta balneare scelta per trascorrere qualche giorno di vacanza\" \/>\n<meta name=\"robots\" content=\"index, follow, max-snippet:-1, max-image-preview:large, max-video-preview:-1\" \/>\n<link rel=\"canonical\" href=\"https:\/\/www.gossip.it\/news\/vittoria-puccini-al-mare-con-elena\/\" \/>\n<meta property=\"og:locale\" content=\"it_IT\" \/>\n<meta property=\"og:type\" content=\"article\" \/>\n<meta property=\"og:title\" content=\"Vittoria Puccini al mare con Elena - Gossip.it | News sul Gossip e VIP\" \/>\n<meta property=\"og:description\" content=\"Vittoria Puccini in bikini sfoggia un fisico da far invidia e lo fa a Forte dei Marmi, meta balneare scelta per trascorrere qualche giorno di vacanza\" \/>\n<meta property=\"og:url\" content=\"https:\/\/www.gossip.it\/news\/vittoria-puccini-al-mare-con-elena\/\" \/>\n<meta property=\"og:site_name\" content=\"Gossip.it | News sul Gossip e VIP\" \/>\n<meta property=\"article:publisher\" content=\"https:\/\/www.facebook.com\/GossipIT\" \/>\n<meta property=\"article:published_time\" content=\"2011-08-04T22:00:00+00:00\" \/>\n<meta property=\"og:image\" content=\"http:\/\/www.gossip.it\/images5\/1312538392_.jpg\" \/>\n<meta name=\"author\" content=\"La Redazione\" \/>\n<meta name=\"twitter:card\" content=\"summary_large_image\" \/>\n<meta name=\"twitter:image\" content=\"http:\/\/www.gossip.it\/images5\/1312538392_.jpg\" \/>\n<meta name=\"twitter:creator\" content=\"@gossinews_it\" \/>\n<meta name=\"twitter:site\" content=\"@gossinews_it\" \/>\n<meta name=\"twitter:label1\" content=\"Scritto da\" \/>\n\t<meta name=\"twitter:data1\" content=\"Francesca Romana Domenici\" \/>\n\t<meta name=\"twitter:label2\" content=\"Tempo di lettura stimato\" \/>\n\t<meta name=\"twitter:data2\" content=\"1 minuto\" \/>","yoast_head_json":{"title":"Vittoria Puccini al mare con Elena - Gossip.it | News sul Gossip e VIP","description":"Vittoria Puccini in bikini sfoggia un fisico da far invidia e lo fa a Forte dei Marmi, meta balneare scelta per trascorrere qualche giorno di vacanza","robots":{"index":"index","follow":"follow","max-snippet":"max-snippet:-1","max-image-preview":"max-image-preview:large","max-video-preview":"max-video-preview:-1"},"canonical":"https:\/\/www.gossip.it\/news\/vittoria-puccini-al-mare-con-elena\/","og_locale":"it_IT","og_type":"article","og_title":"Vittoria Puccini al mare con Elena - Gossip.it | News sul Gossip e VIP","og_description":"Vittoria Puccini in bikini sfoggia un fisico da far invidia e lo fa a Forte dei Marmi, meta balneare scelta per trascorrere qualche giorno di vacanza","og_url":"https:\/\/www.gossip.it\/news\/vittoria-puccini-al-mare-con-elena\/","og_site_name":"Gossip.it | News sul Gossip e VIP","article_publisher":"https:\/\/www.facebook.com\/GossipIT","article_published_time":"2011-08-04T22:00:00+00:00","og_image":[{"url":"http:\/\/www.gossip.it\/images5\/1312538392_.jpg"}],"author":"La Redazione","twitter_card":"summary_large_image","twitter_image":"http:\/\/www.gossip.it\/images5\/1312538392_.jpg","twitter_creator":"@gossinews_it","twitter_site":"@gossinews_it","twitter_misc":{"Scritto da":"Francesca Romana Domenici","Tempo di lettura stimato":"1 minuto"},"schema":{"@context":"https:\/\/schema.org","@graph":[{"@type":"Article","@id":"https:\/\/www.gossip.it\/news\/vittoria-puccini-al-mare-con-elena\/#article","isPartOf":{"@id":"https:\/\/www.gossip.it\/news\/vittoria-puccini-al-mare-con-elena\/"},"author":{"name":"La Redazione","@id":"https:\/\/www.gossip.it\/#\/schema\/person\/488896f75158bff1cc83c6c39d141110"},"headline":"Vittoria Puccini al mare con Elena","datePublished":"2011-08-04T22:00:00+00:00","dateModified":"2011-08-04T22:00:00+00:00","mainEntityOfPage":{"@id":"https:\/\/www.gossip.it\/news\/vittoria-puccini-al-mare-con-elena\/"},"wordCount":165,"publisher":{"@id":"https:\/\/www.gossip.it\/#organization"},"image":{"@id":"https:\/\/www.gossip.it\/news\/vittoria-puccini-al-mare-con-elena\/#primaryimage"},"thumbnailUrl":"http:\/\/www.gossip.it\/images5\/1312538392_.jpg","keywords":["bikini","ciname","festival di venezia","forte dei marmi","gossip cinema","gossip.tv","tv","vacanze"],"articleSection":["News"],"inLanguage":"it-IT"},{"@type":"WebPage","@id":"https:\/\/www.gossip.it\/news\/vittoria-puccini-al-mare-con-elena\/","url":"https:\/\/www.gossip.it\/news\/vittoria-puccini-al-mare-con-elena\/","name":"Vittoria Puccini al mare con Elena - Gossip.it | News sul Gossip e VIP","isPartOf":{"@id":"https:\/\/www.gossip.it\/#website"},"primaryImageOfPage":{"@id":"https:\/\/www.gossip.it\/news\/vittoria-puccini-al-mare-con-elena\/#primaryimage"},"image":{"@id":"https:\/\/www.gossip.it\/news\/vittoria-puccini-al-mare-con-elena\/#primaryimage"},"thumbnailUrl":"http:\/\/www.gossip.it\/images5\/1312538392_.jpg","datePublished":"2011-08-04T22:00:00+00:00","dateModified":"2011-08-04T22:00:00+00:00","description":"Vittoria Puccini in bikini sfoggia un fisico da far invidia e lo fa a Forte dei Marmi, meta balneare scelta per trascorrere qualche giorno di vacanza","breadcrumb":{"@id":"https:\/\/www.gossip.it\/news\/vittoria-puccini-al-mare-con-elena\/#breadcrumb"},"inLanguage":"it-IT","potentialAction":[{"@type":"ReadAction","target":["https:\/\/www.gossip.it\/news\/vittoria-puccini-al-mare-con-elena\/"]}]},{"@type":"ImageObject","inLanguage":"it-IT","@id":"https:\/\/www.gossip.it\/news\/vittoria-puccini-al-mare-con-elena\/#primaryimage","url":"http:\/\/www.gossip.it\/images5\/1312538392_.jpg","contentUrl":"http:\/\/www.gossip.it\/images5\/1312538392_.jpg"},{"@type":"BreadcrumbList","@id":"https:\/\/www.gossip.it\/news\/vittoria-puccini-al-mare-con-elena\/#breadcrumb","itemListElement":[{"@type":"ListItem","position":1,"name":"Home","item":"https:\/\/www.gossip.it\/"},{"@type":"ListItem","position":2,"name":"Vittoria Puccini al mare con Elena"}]},{"@type":"WebSite","@id":"https:\/\/www.gossip.it\/#website","url":"https:\/\/www.gossip.it\/","name":"Gossip and VIP News","description":"Quotidiano di cronaca rosa, costume e societ\u00e0","publisher":{"@id":"https:\/\/www.gossip.it\/#organization"},"alternateName":"Gossip and VIP News","potentialAction":[{"@type":"SearchAction","target":{"@type":"EntryPoint","urlTemplate":"https:\/\/www.gossip.it\/?s={search_term_string}"},"query-input":{"@type":"PropertyValueSpecification","valueRequired":true,"valueName":"search_term_string"}}],"inLanguage":"it-IT"},{"@type":"Organization","@id":"https:\/\/www.gossip.it\/#organization","name":"Gossip and VIP News","alternateName":"Gossip News","url":"https:\/\/www.gossip.it\/","logo":{"@type":"ImageObject","inLanguage":"it-IT","@id":"https:\/\/www.gossip.it\/#\/schema\/logo\/image\/","url":"https:\/\/www.gossip.it\/wp-content\/uploads\/2022\/04\/cropped-corna-alta-tiny.png","contentUrl":"https:\/\/www.gossip.it\/wp-content\/uploads\/2022\/04\/cropped-corna-alta-tiny.png","width":512,"height":512,"caption":"Gossip and VIP News"},"image":{"@id":"https:\/\/www.gossip.it\/#\/schema\/logo\/image\/"},"sameAs":["https:\/\/www.facebook.com\/GossipIT","https:\/\/x.com\/gossinews_it","https:\/\/instagram.com\/gossip_it"]},{"@type":"Person","@id":"https:\/\/www.gossip.it\/#\/schema\/person\/488896f75158bff1cc83c6c39d141110","name":"La Redazione","image":{"@type":"ImageObject","inLanguage":"it-IT","@id":"https:\/\/www.gossip.it\/#\/schema\/person\/image\/","url":"https:\/\/secure.gravatar.com\/avatar\/5a5f5c6fa3e6700e4249abdad0263a1e94e927d9e0499b1cb09c1cd29c044d80?s=96&d=mm&r=g","contentUrl":"https:\/\/secure.gravatar.com\/avatar\/5a5f5c6fa3e6700e4249abdad0263a1e94e927d9e0499b1cb09c1cd29c044d80?s=96&d=mm&r=g","caption":"La Redazione"},"sameAs":["https:\/\/www.gossip.it"]}]}},"amp_enabled":true,"_links":{"self":[{"href":"https:\/\/www.gossip.it\/api\/wp\/v2\/posts\/30174","targetHints":{"allow":["GET"]}}],"collection":[{"href":"https:\/\/www.gossip.it\/api\/wp\/v2\/posts"}],"about":[{"href":"https:\/\/www.gossip.it\/api\/wp\/v2\/types\/post"}],"author":[{"embeddable":true,"href":"https:\/\/www.gossip.it\/api\/wp\/v2\/users\/1"}],"replies":[{"embeddable":true,"href":"https:\/\/www.gossip.it\/api\/wp\/v2\/comments?post=30174"}],"version-history":[{"count":0,"href":"https:\/\/www.gossip.it\/api\/wp\/v2\/posts\/30174\/revisions"}],"wp:featuredmedia":[{"embeddable":true,"href":"https:\/\/www.gossip.it\/api\/wp\/v2\/media\/86221"}],"wp:attachment":[{"href":"https:\/\/www.gossip.it\/api\/wp\/v2\/media?parent=30174"}],"wp:term":[{"taxonomy":"category","embeddable":true,"href":"https:\/\/www.gossip.it\/api\/wp\/v2\/categories?post=30174"},{"taxonomy":"post_tag","embeddable":true,"href":"https:\/\/www.gossip.it\/api\/wp\/v2\/tags?post=30174"},{"taxonomy":"vip","embeddable":true,"href":"https:\/\/www.gossip.it\/api\/wp\/v2\/vip?post=30174"}],"curies":[{"name":"wp","href":"https:\/\/api.w.org\/{rel}","templated":true}]}}