{"id":30184,"date":"2011-08-08T00:00:00","date_gmt":"2011-08-07T22:00:00","guid":{"rendered":"https:\/\/www.gossip.it\/senza-categoria\/altro-che-amici-guerra-su-facebook-tra-marco-carta-e-simonetta-spiri\/"},"modified":"2011-08-08T00:00:00","modified_gmt":"2011-08-07T22:00:00","slug":"altro-che-amici-guerra-su-facebook-tra-marco-carta-e-simonetta-spiri","status":"publish","type":"post","link":"https:\/\/www.gossip.it\/news\/altro-che-amici-guerra-su-facebook-tra-marco-carta-e-simonetta-spiri\/","title":{"rendered":"Altro che &quot;Amici&quot;:  guerra su Facebook tra Marco Carta e Simonetta Spiri"},"content":{"rendered":"<p>Ormai va di moda litigare su Facebook e cos\u00ec anche due ex \"Amici\" ieri sono stati protagonisti di una polemica sul famoso social network: <a href=\"http:\/\/www.gossip.it\/news\/monografia.php?keyword=Marco Carta\">Marco Carta<\/a> e <a href=\"http:\/\/www.gossip.it\/news\/monografia.php?keyword=Simonetta Spiri\">Simonetta Spiri<\/a>.<br \/>\nPare che il cantante sardo,se la sia presa con la collega che, durante un concerto a Irgoli lo avrebbe definito \"ospite\".<\/p>\n<p>Sabato 6 agosto a Irgoli Simonetta, per rassicurare il pubblico in trepida attesa di Marco, ha detto che \"l'ospite Marco Carta\" sarebbe giunto a breve. Il vincitore del Festival di Sanremo, non considerandosi un ospite, \u00e8 andato su tutte le furie e ieri sulla sua pagina Facebook ha scritto: <em>\"Che ridere\u2026 Ieri mi \u00e8 giunta voce che IO ero OSPITE ad un concerto di qualcuno, ospite\u2026. La ridicolezza delle persone mi fa sguaiatamente ridere... Mi sa che la prossima volta al posto che chiudere apro\u2026 Cosi vediamo quanta gente rimane dopo... E' vero: pi\u00f9 fai del bene e pi\u00f9 ti sar\u00e0 reso del male. Di certo non dar\u00f3 pi\u00f9 aiuti a chi si sente arrivato e non arriver\u00e0 MAI. Pienamente convinto e responsabile di ci\u00f2 che scrivo!Un bacio al mondo carta, ora pi\u00f9 dolce che mai...\"<\/em>. E poi ha aggiunto: <em>\"Mah\u2026 D\u2019altra parte non ho tempo.. Non tempo per pensare a queste sciocchezze, abbiamo di fronte un inverno con dei progetti vertiginosi, perch\u00e9 abbassarsi all\u2019invidia...<br \/>\nSe la gestiscano tra l\u2019oro l\u2019invidia... Popolo andiamo!! Guardiamo altrove\"<\/em>.<\/p>\n<p>La risposta via social network di Simonetta non si \u00e8 fatta attendere: <em>\"<b>Sono rammaricata da ci\u00f2 che leggo<\/b>, provo imbarazzo per quello che ho letto e l\u2019ignoranza di tanta gente \u00e8 vergognosa! Io <b>ho solo detto alle poche persone che gridavano l\u2019attesa di Marco che prima della sua ospitata c\u2019era il mio concerto!<\/b> Non capisco qual e il problema, ho detto pi\u00f9 volte che Marco sarebbe stato l\u2019ospite d\u2019onore! Il rispetto e l\u2019educazione sono importanti. Io non mi sento arrivata. Continuo a fare il mio percorso e rispetto gli amici!\"<\/em>. E poi ha degenerato con un post alquanto scurrile: <em>\"Dimenticavo\u2026 A tutte le \u201ccartine\u201d che offendono\u2026 Ho bisogno di tanta \u201ccarta\u201d per pulirmi il culo visto che mi dite di andare a cag\u2026\"<\/em>.<\/p>\n<p>Marco ha cos\u00ec replicato: <em>\"Dio mio non credo ai miei occhi\u2026 Non ci credo, ma sbaglio o parlava di educazione? I fan di Simonetta non li cercherei mai e non li offenderei mai perch\u00e9 non c\u2019entrano nulla, vedi come cala la maschera con un po\u2019 di nervoso? Dico la verit\u00e0: <b>se Simonetta avesse fatto un concerto vero io sarei stato sicuramente in prima fila ad applaudirla<\/b>, ma\u2026 Tutto questo \u00e8 successo perch\u00e9 mi usa come OSPITE \u2026senza che io lo sappia, allora a nome di tutti vi dico che, anche se non lo volevo dire ma \u00e8 giusto a questo punto che lo dica, <b>io ero la guest star<\/b>, che piaccia o no. Voci di corridoio mi hanno informato che durante il pomeriggio non ha fatto altro che lamentarsi per i miei manifesti e che i suoi non c\u2019erano, ma io che c\u2019entro?? Fino a prova contraria ero tuo amico no?? Mm... Mah... No evidentemente no... Grande Simo! Le conseguenze pensano siano ormai prossime, <b>non dar\u00f2 piu aiuti<\/b>\"<\/em>.<\/p>\n<p>E la Spiri ha risposto cercando di chiarire la sua posizione: <em>\"PARTE 1: Buona sera a tutti, x mettere fine a questa situazione provo a spiegare: ieri sera io avevo un concerto di 2 ore, dopo di me l\u2019ospite d\u2019onore era giustamente Marco. Sui manifesti si diceva che alle 22.00 Marco avrebbe cantato, io semplicemente durante il concerto ho detto alle poche fan \u201cmaleducate\u201d(dico poche perch\u00e8 tutte le altre sono state splendide con me) dicendo che non dovevano prendersela con me se Marco non era ancora sul palco, ma che sarebbe arrivato.<br \/>\nPARTE2: sul palco piu tardi visto che lui era l\u2019ospite. OSPITE NON MIO MA DELLA SERATA (scusate GUEST STAR visto che io ero con la mia band e lui su basi). Non mi sembra nulla di grave e non ho mancato di rispetto. Se Marco fosse stato davvero mio amico, prima di postare un commento cosi immaturo mi avrebbe chiamata per chiedermi spiegazioni. Marco scusami se ho confuso la parola ospite con guest star, ma d\u2019altra parte siamo entrambi sardi e parliamo male l\u2019inglese:)<br \/>\nPARTE3: A me dispiace molto per i brutti commenti che ho ricevuto anche su cose personali, commenti gratuiti che mi hanno ferita. Il mio commento ironico era per mandare a quel paese tutte quelle persone che mi hanno offesa in maniera molto dura\u2026 Io ci metto un punto, <b>semplicemente sono molto DELUSA<\/b>.<br \/>\nPARTE4: Mi auguro che parte di voi possa capirlo... Io sto facendo il mio percorso, a piccoli grandi passi, non ho mai vissuto di luce riflessa grazie a qualcuno. A chi vuole credermi, grazie\u2026A chi mi vuole bene, grazie del sostegno. Simonetta<br \/>\nPUNTO 5: Cari per mettere l\u2019ultimo punto <b>ci tengo a dire che la mia \u201cbattuta\u201d sulle \u201ccartine\u201d che dovrebbero pulirmi\u2026 era solo una provocazione per chi mi ha scritto cose bruttissime<\/b> che nemmeno si possono scrivere, tra le quali \"devi morire\", \"sei una put!, \"sei vergognosa, schifosa, fallita\"\u2026 Minacce per i prossimi miei concerti, minacce alla mia famiglia\u2026 Voi cosa avreste fatto? Grazie a chi mi ha capita. <b>E quale sarebbe la mia colpa? quella di avere chiamato un amico \u201cospite\u201d di una serata<\/b>.<br \/>\nAUGURO A TUTTI UNA BUONA NOTTE... E ci tengo a precisare che nessuno ha mai fatto niente per me, ma quello che oggi ho e che avr\u00f2 \u00e8 frutto di tanto lavoro, dedizione, pazienza, gavetta, umilt\u00e0. S\u00ec, in passato Marco mi ha invitato ad alcuni suoi concerti in amicizia, quindi? Sono state bellissime serate, ma fortunatamente ho cavalcato altri palchi importanti\u2026 Con artisti che mi hanno insegnato tanto\u2026 Vedi i <a href=\"http:\/\/www.gossip.it\/news\/monografia.php?keyword=Mod\u00e0\">Mod\u00e0<\/a> che alle spalle hanno pi\u00f9 di 10 anni di gavetta e sacrifici! Vi voglio bene gr\"<\/em>.<\/p>\n<p>Altro che \"Amici\"...<\/p>\n<p>Foto: C.Mangiarotti \u00a9 Gossip.it<\/p>\n","protected":false},"excerpt":{"rendered":"<p>Ormai va di moda litigare su Facebook e cos\u00ec anche due ex \"Amici\" ieri sono stati protagonisti di una polemica sul famoso social network: Marco Carta e Simonetta Spiri. Pare che il cantante sardo,se la sia presa con la collega che, durante un concerto a Irgoli lo avrebbe definito \"ospite\". Sabato 6 agosto a Irgoli [&hellip;]<\/p>\n","protected":false},"author":1,"featured_media":86231,"comment_status":"closed","ping_status":"closed","sticky":false,"template":"","format":"standard","meta":{"footnotes":""},"categories":[54],"tags":[1909,4380,4790,2637,14716,3297,2408,34981,2097],"vip":[1204,1237],"class_list":["post-30184","post","type-post","status-publish","format-standard","has-post-thumbnail","hentry","category-news","tag-amici","tag-concerto","tag-facebook","tag-festival-di-sanremo","tag-gossip-musica","tag-gossip-tv","tag-musica","tag-simonetta-spirti","tag-tv","vip-marco_carta","vip-maria_de_filippi"],"yoast_head":"<title>Altro che &quot;Amici&quot;: guerra su Facebook tra Marco Carta e Simonetta Spiri - Gossip.it | News sul Gossip e VIP<\/title>\n<meta name=\"description\" content=\"Ormai va di moda litigare su Facebook e cos\u00ec anche due ex &quot;Amici&quot; ieri sono stati protagonisti di una polemica sul famoso social network: Marco Carta e\" \/>\n<meta name=\"robots\" content=\"index, follow, max-snippet:-1, max-image-preview:large, max-video-preview:-1\" \/>\n<link rel=\"canonical\" href=\"https:\/\/www.gossip.it\/news\/altro-che-amici-guerra-su-facebook-tra-marco-carta-e-simonetta-spiri\/\" \/>\n<meta property=\"og:locale\" content=\"it_IT\" \/>\n<meta property=\"og:type\" content=\"article\" \/>\n<meta property=\"og:title\" content=\"Altro che &quot;Amici&quot;: guerra su Facebook tra Marco Carta e Simonetta Spiri - Gossip.it | News sul Gossip e VIP\" \/>\n<meta property=\"og:description\" content=\"Ormai va di moda litigare su Facebook e cos\u00ec anche due ex &quot;Amici&quot; ieri sono stati protagonisti di una polemica sul famoso social network: Marco Carta e\" \/>\n<meta property=\"og:url\" content=\"https:\/\/www.gossip.it\/news\/altro-che-amici-guerra-su-facebook-tra-marco-carta-e-simonetta-spiri\/\" \/>\n<meta property=\"og:site_name\" content=\"Gossip.it | News sul Gossip e VIP\" \/>\n<meta property=\"article:publisher\" content=\"https:\/\/www.facebook.com\/GossipIT\" \/>\n<meta property=\"article:published_time\" content=\"2011-08-07T22:00:00+00:00\" \/>\n<meta property=\"og:image\" content=\"http:\/\/www.gossip.it\/images5\/1312793719_marco-carta.jpg\" \/>\n<meta name=\"author\" content=\"La Redazione\" \/>\n<meta name=\"twitter:card\" content=\"summary_large_image\" \/>\n<meta name=\"twitter:image\" content=\"http:\/\/www.gossip.it\/images5\/1312793719_marco-carta.jpg\" \/>\n<meta name=\"twitter:creator\" content=\"@gossinews_it\" \/>\n<meta name=\"twitter:site\" content=\"@gossinews_it\" \/>\n<meta name=\"twitter:label1\" content=\"Scritto da\" \/>\n\t<meta name=\"twitter:data1\" content=\"Francesca Romana Domenici\" \/>\n\t<meta name=\"twitter:label2\" content=\"Tempo di lettura stimato\" \/>\n\t<meta name=\"twitter:data2\" content=\"5 minuti\" \/>","yoast_head_json":{"title":"Altro che &quot;Amici&quot;: guerra su Facebook tra Marco Carta e Simonetta Spiri - Gossip.it | News sul Gossip e VIP","description":"Ormai va di moda litigare su Facebook e cos\u00ec anche due ex \"Amici\" ieri sono stati protagonisti di una polemica sul famoso social network: Marco Carta e","robots":{"index":"index","follow":"follow","max-snippet":"max-snippet:-1","max-image-preview":"max-image-preview:large","max-video-preview":"max-video-preview:-1"},"canonical":"https:\/\/www.gossip.it\/news\/altro-che-amici-guerra-su-facebook-tra-marco-carta-e-simonetta-spiri\/","og_locale":"it_IT","og_type":"article","og_title":"Altro che &quot;Amici&quot;: guerra su Facebook tra Marco Carta e Simonetta Spiri - Gossip.it | News sul Gossip e VIP","og_description":"Ormai va di moda litigare su Facebook e cos\u00ec anche due ex \"Amici\" ieri sono stati protagonisti di una polemica sul famoso social network: Marco Carta e","og_url":"https:\/\/www.gossip.it\/news\/altro-che-amici-guerra-su-facebook-tra-marco-carta-e-simonetta-spiri\/","og_site_name":"Gossip.it | News sul Gossip e VIP","article_publisher":"https:\/\/www.facebook.com\/GossipIT","article_published_time":"2011-08-07T22:00:00+00:00","og_image":[{"url":"http:\/\/www.gossip.it\/images5\/1312793719_marco-carta.jpg"}],"author":"La Redazione","twitter_card":"summary_large_image","twitter_image":"http:\/\/www.gossip.it\/images5\/1312793719_marco-carta.jpg","twitter_creator":"@gossinews_it","twitter_site":"@gossinews_it","twitter_misc":{"Scritto da":"Francesca Romana Domenici","Tempo di lettura stimato":"5 minuti"},"schema":{"@context":"https:\/\/schema.org","@graph":[{"@type":"Article","@id":"https:\/\/www.gossip.it\/news\/altro-che-amici-guerra-su-facebook-tra-marco-carta-e-simonetta-spiri\/#article","isPartOf":{"@id":"https:\/\/www.gossip.it\/news\/altro-che-amici-guerra-su-facebook-tra-marco-carta-e-simonetta-spiri\/"},"author":{"name":"La Redazione","@id":"https:\/\/www.gossip.it\/#\/schema\/person\/488896f75158bff1cc83c6c39d141110"},"headline":"Altro che &quot;Amici&quot;: guerra su Facebook tra Marco Carta e Simonetta Spiri","datePublished":"2011-08-07T22:00:00+00:00","dateModified":"2011-08-07T22:00:00+00:00","mainEntityOfPage":{"@id":"https:\/\/www.gossip.it\/news\/altro-che-amici-guerra-su-facebook-tra-marco-carta-e-simonetta-spiri\/"},"wordCount":990,"publisher":{"@id":"https:\/\/www.gossip.it\/#organization"},"image":{"@id":"https:\/\/www.gossip.it\/news\/altro-che-amici-guerra-su-facebook-tra-marco-carta-e-simonetta-spiri\/#primaryimage"},"thumbnailUrl":"http:\/\/www.gossip.it\/images5\/1312793719_marco-carta.jpg","keywords":["amici","concerto","facebook","festival di sanremo","gossip musica","gossip.tv","musica","simonetta spirti","tv"],"articleSection":["News"],"inLanguage":"it-IT"},{"@type":"WebPage","@id":"https:\/\/www.gossip.it\/news\/altro-che-amici-guerra-su-facebook-tra-marco-carta-e-simonetta-spiri\/","url":"https:\/\/www.gossip.it\/news\/altro-che-amici-guerra-su-facebook-tra-marco-carta-e-simonetta-spiri\/","name":"Altro che &quot;Amici&quot;: guerra su Facebook tra Marco Carta e Simonetta Spiri - Gossip.it | News sul Gossip e VIP","isPartOf":{"@id":"https:\/\/www.gossip.it\/#website"},"primaryImageOfPage":{"@id":"https:\/\/www.gossip.it\/news\/altro-che-amici-guerra-su-facebook-tra-marco-carta-e-simonetta-spiri\/#primaryimage"},"image":{"@id":"https:\/\/www.gossip.it\/news\/altro-che-amici-guerra-su-facebook-tra-marco-carta-e-simonetta-spiri\/#primaryimage"},"thumbnailUrl":"http:\/\/www.gossip.it\/images5\/1312793719_marco-carta.jpg","datePublished":"2011-08-07T22:00:00+00:00","dateModified":"2011-08-07T22:00:00+00:00","description":"Ormai va di moda litigare su Facebook e cos\u00ec anche due ex \"Amici\" ieri sono stati protagonisti di una polemica sul famoso social network: Marco Carta e","breadcrumb":{"@id":"https:\/\/www.gossip.it\/news\/altro-che-amici-guerra-su-facebook-tra-marco-carta-e-simonetta-spiri\/#breadcrumb"},"inLanguage":"it-IT","potentialAction":[{"@type":"ReadAction","target":["https:\/\/www.gossip.it\/news\/altro-che-amici-guerra-su-facebook-tra-marco-carta-e-simonetta-spiri\/"]}]},{"@type":"ImageObject","inLanguage":"it-IT","@id":"https:\/\/www.gossip.it\/news\/altro-che-amici-guerra-su-facebook-tra-marco-carta-e-simonetta-spiri\/#primaryimage","url":"http:\/\/www.gossip.it\/images5\/1312793719_marco-carta.jpg","contentUrl":"http:\/\/www.gossip.it\/images5\/1312793719_marco-carta.jpg"},{"@type":"BreadcrumbList","@id":"https:\/\/www.gossip.it\/news\/altro-che-amici-guerra-su-facebook-tra-marco-carta-e-simonetta-spiri\/#breadcrumb","itemListElement":[{"@type":"ListItem","position":1,"name":"Home","item":"https:\/\/www.gossip.it\/"},{"@type":"ListItem","position":2,"name":"Altro che &quot;Amici&quot;: guerra su Facebook tra Marco Carta e Simonetta Spiri"}]},{"@type":"WebSite","@id":"https:\/\/www.gossip.it\/#website","url":"https:\/\/www.gossip.it\/","name":"Gossip and VIP News","description":"Quotidiano di cronaca rosa, costume e societ\u00e0","publisher":{"@id":"https:\/\/www.gossip.it\/#organization"},"alternateName":"Gossip and VIP News","potentialAction":[{"@type":"SearchAction","target":{"@type":"EntryPoint","urlTemplate":"https:\/\/www.gossip.it\/?s={search_term_string}"},"query-input":{"@type":"PropertyValueSpecification","valueRequired":true,"valueName":"search_term_string"}}],"inLanguage":"it-IT"},{"@type":"Organization","@id":"https:\/\/www.gossip.it\/#organization","name":"Gossip and VIP News","alternateName":"Gossip News","url":"https:\/\/www.gossip.it\/","logo":{"@type":"ImageObject","inLanguage":"it-IT","@id":"https:\/\/www.gossip.it\/#\/schema\/logo\/image\/","url":"https:\/\/www.gossip.it\/wp-content\/uploads\/2022\/04\/cropped-corna-alta-tiny.png","contentUrl":"https:\/\/www.gossip.it\/wp-content\/uploads\/2022\/04\/cropped-corna-alta-tiny.png","width":512,"height":512,"caption":"Gossip and VIP News"},"image":{"@id":"https:\/\/www.gossip.it\/#\/schema\/logo\/image\/"},"sameAs":["https:\/\/www.facebook.com\/GossipIT","https:\/\/x.com\/gossinews_it","https:\/\/instagram.com\/gossip_it"]},{"@type":"Person","@id":"https:\/\/www.gossip.it\/#\/schema\/person\/488896f75158bff1cc83c6c39d141110","name":"La Redazione","image":{"@type":"ImageObject","inLanguage":"it-IT","@id":"https:\/\/www.gossip.it\/#\/schema\/person\/image\/","url":"https:\/\/secure.gravatar.com\/avatar\/5a5f5c6fa3e6700e4249abdad0263a1e94e927d9e0499b1cb09c1cd29c044d80?s=96&d=mm&r=g","contentUrl":"https:\/\/secure.gravatar.com\/avatar\/5a5f5c6fa3e6700e4249abdad0263a1e94e927d9e0499b1cb09c1cd29c044d80?s=96&d=mm&r=g","caption":"La Redazione"},"sameAs":["https:\/\/www.gossip.it"]}]}},"amp_enabled":true,"_links":{"self":[{"href":"https:\/\/www.gossip.it\/api\/wp\/v2\/posts\/30184","targetHints":{"allow":["GET"]}}],"collection":[{"href":"https:\/\/www.gossip.it\/api\/wp\/v2\/posts"}],"about":[{"href":"https:\/\/www.gossip.it\/api\/wp\/v2\/types\/post"}],"author":[{"embeddable":true,"href":"https:\/\/www.gossip.it\/api\/wp\/v2\/users\/1"}],"replies":[{"embeddable":true,"href":"https:\/\/www.gossip.it\/api\/wp\/v2\/comments?post=30184"}],"version-history":[{"count":0,"href":"https:\/\/www.gossip.it\/api\/wp\/v2\/posts\/30184\/revisions"}],"wp:featuredmedia":[{"embeddable":true,"href":"https:\/\/www.gossip.it\/api\/wp\/v2\/media\/86231"}],"wp:attachment":[{"href":"https:\/\/www.gossip.it\/api\/wp\/v2\/media?parent=30184"}],"wp:term":[{"taxonomy":"category","embeddable":true,"href":"https:\/\/www.gossip.it\/api\/wp\/v2\/categories?post=30184"},{"taxonomy":"post_tag","embeddable":true,"href":"https:\/\/www.gossip.it\/api\/wp\/v2\/tags?post=30184"},{"taxonomy":"vip","embeddable":true,"href":"https:\/\/www.gossip.it\/api\/wp\/v2\/vip?post=30184"}],"curies":[{"name":"wp","href":"https:\/\/api.w.org\/{rel}","templated":true}]}}