{"id":30320,"date":"2011-08-29T00:00:00","date_gmt":"2011-08-28T22:00:00","guid":{"rendered":"https:\/\/www.gossip.it\/senza-categoria\/berlusconi-e-toffanin-ultimi-giorni-a-portofino-foto\/"},"modified":"2011-08-29T00:00:00","modified_gmt":"2011-08-28T22:00:00","slug":"berlusconi-e-toffanin-ultimi-giorni-a-portofino-foto","status":"publish","type":"post","link":"https:\/\/www.gossip.it\/news\/berlusconi-e-toffanin-ultimi-giorni-a-portofino-foto\/","title":{"rendered":"Berlusconi e Toffanin, ultimi giorni a Portofino: foto"},"content":{"rendered":"<p>Che sia la localit\u00e0 marina che preferiscono non \u00e8 un mistero, cos\u00ec <a href=\"http:\/\/www.gossip.it\/news\/monografia.php?keyword=Piersilvio Berlusconi\">Piersilvio Berlusconi<\/a> e <a href=\"http:\/\/www.gossip.it\/news\/monografia.php?keyword=Silvia Toffanin\">Silvia Toffanin<\/a> stanno trascorrendo a <b>Portofino<\/b> gli ultimi giorni di vacanza. Eccoli a passeggio in piazzetta con il loro <b>Lorenzo Mattia<\/b>, di circa 15 mesi.<\/p>\n<p>La coppia si \u00e8 poi concessa un po' di relax senza il bimbo, rimasto a bordo dello <b>yacht<\/b> ancorato a qualche chilometro dalla riva. Un po' di <b>shopping<\/b>, ma con la mente rivolta sempre al piccolo: Silvia si \u00e8 fermata in un negozio d'abbigliamento per bambini, dove ha adocchiato una polo per il suo Lorenzo. E poi via, di nuovo a largo per godersi le ultime ore di tranquillit\u00e0 lontano da occhi indiscreti.<\/p>\n<p>Le <a href=\"http:\/\/www.gossip.it\/paparazzate\/silvia_toffanin_piersilvio_berlusconi_ed_il_piccolo_lorenzo_mattia_stanno_trascorrendo_gli_ultimi_giorni_di_vacanza_a_portofino_foto_sperw.html?id=e89d20dde00e37ab100257c9f8cd8568\"><b><u>foto degli ultimi giorni di vacanza di Piersilvio Berlusconi, Silvia Toffanin e del loro Lorenzo Mattia<\/u><\/b><\/a> sono su GossipNews.<\/p>\n","protected":false},"excerpt":{"rendered":"<p>Che sia la localit\u00e0 marina che preferiscono non \u00e8 un mistero, cos\u00ec Piersilvio Berlusconi e Silvia Toffanin stanno trascorrendo a Portofino gli ultimi giorni di vacanza. Eccoli a passeggio in piazzetta con il loro Lorenzo Mattia, di circa 15 mesi. La coppia si \u00e8 poi concessa un po' di relax senza il bimbo, rimasto a [&hellip;]<\/p>\n","protected":false},"author":1,"featured_media":86367,"comment_status":"closed","ping_status":"closed","sticky":false,"template":"","format":"standard","meta":{"footnotes":""},"categories":[54],"tags":[5423,1992,1880,1908,1942,33067,6766,11043,6260,2902,2208,6057,33574],"vip":[1509,1688],"class_list":["post-30320","post","type-post","status-publish","format-standard","has-post-thumbnail","hentry","category-news","tag-bodyguard","tag-conduttrice","tag-coppia","tag-famiglia","tag-figlio","tag-lorenzo-mattia","tag-paparazzati","tag-portofino","tag-premier","tag-relax","tag-verissimo","tag-villa","tag-week-end","vip-piersilvio_berlusconi","vip-silvia_toffanin"],"yoast_head":"<title>Berlusconi e Toffanin, ultimi giorni a Portofino: foto - Gossip.it | News sul Gossip e VIP<\/title>\n<meta name=\"description\" content=\"Che sia la localit\u00e0 marina che preferiscono non \u00e8 un mistero, cos\u00ec Piersilvio Berlusconi e Silvia Toffanin stanno trascorrendo a Portofino gli ultimi\" \/>\n<meta name=\"robots\" content=\"index, follow, max-snippet:-1, max-image-preview:large, max-video-preview:-1\" \/>\n<link rel=\"canonical\" href=\"https:\/\/www.gossip.it\/news\/berlusconi-e-toffanin-ultimi-giorni-a-portofino-foto\/\" \/>\n<meta property=\"og:locale\" content=\"it_IT\" \/>\n<meta property=\"og:type\" content=\"article\" \/>\n<meta property=\"og:title\" content=\"Berlusconi e Toffanin, ultimi giorni a Portofino: foto - Gossip.it | News sul Gossip e VIP\" \/>\n<meta property=\"og:description\" content=\"Che sia la localit\u00e0 marina che preferiscono non \u00e8 un mistero, cos\u00ec Piersilvio Berlusconi e Silvia Toffanin stanno trascorrendo a Portofino gli ultimi\" \/>\n<meta property=\"og:url\" content=\"https:\/\/www.gossip.it\/news\/berlusconi-e-toffanin-ultimi-giorni-a-portofino-foto\/\" \/>\n<meta property=\"og:site_name\" content=\"Gossip.it | News sul Gossip e VIP\" \/>\n<meta property=\"article:publisher\" content=\"https:\/\/www.facebook.com\/GossipIT\" \/>\n<meta property=\"article:published_time\" content=\"2011-08-28T22:00:00+00:00\" \/>\n<meta property=\"og:image\" content=\"http:\/\/www.gossip.it\/images5\/1314610549_.jpg\" \/>\n<meta name=\"author\" content=\"La Redazione\" \/>\n<meta name=\"twitter:card\" content=\"summary_large_image\" \/>\n<meta name=\"twitter:image\" content=\"http:\/\/www.gossip.it\/images5\/1314610549_.jpg\" \/>\n<meta name=\"twitter:creator\" content=\"@gossinews_it\" \/>\n<meta name=\"twitter:site\" content=\"@gossinews_it\" \/>\n<meta name=\"twitter:label1\" content=\"Scritto da\" \/>\n\t<meta name=\"twitter:data1\" content=\"Edoardo Rossi\" \/>\n\t<meta name=\"twitter:label2\" content=\"Tempo di lettura stimato\" \/>\n\t<meta name=\"twitter:data2\" content=\"1 minuto\" \/>","yoast_head_json":{"title":"Berlusconi e Toffanin, ultimi giorni a Portofino: foto - Gossip.it | News sul Gossip e VIP","description":"Che sia la localit\u00e0 marina che preferiscono non \u00e8 un mistero, cos\u00ec Piersilvio Berlusconi e Silvia Toffanin stanno trascorrendo a Portofino gli ultimi","robots":{"index":"index","follow":"follow","max-snippet":"max-snippet:-1","max-image-preview":"max-image-preview:large","max-video-preview":"max-video-preview:-1"},"canonical":"https:\/\/www.gossip.it\/news\/berlusconi-e-toffanin-ultimi-giorni-a-portofino-foto\/","og_locale":"it_IT","og_type":"article","og_title":"Berlusconi e Toffanin, ultimi giorni a Portofino: foto - Gossip.it | News sul Gossip e VIP","og_description":"Che sia la localit\u00e0 marina che preferiscono non \u00e8 un mistero, cos\u00ec Piersilvio Berlusconi e Silvia Toffanin stanno trascorrendo a Portofino gli ultimi","og_url":"https:\/\/www.gossip.it\/news\/berlusconi-e-toffanin-ultimi-giorni-a-portofino-foto\/","og_site_name":"Gossip.it | News sul Gossip e VIP","article_publisher":"https:\/\/www.facebook.com\/GossipIT","article_published_time":"2011-08-28T22:00:00+00:00","og_image":[{"url":"http:\/\/www.gossip.it\/images5\/1314610549_.jpg"}],"author":"La Redazione","twitter_card":"summary_large_image","twitter_image":"http:\/\/www.gossip.it\/images5\/1314610549_.jpg","twitter_creator":"@gossinews_it","twitter_site":"@gossinews_it","twitter_misc":{"Scritto da":"Edoardo Rossi","Tempo di lettura stimato":"1 minuto"},"schema":{"@context":"https:\/\/schema.org","@graph":[{"@type":"Article","@id":"https:\/\/www.gossip.it\/news\/berlusconi-e-toffanin-ultimi-giorni-a-portofino-foto\/#article","isPartOf":{"@id":"https:\/\/www.gossip.it\/news\/berlusconi-e-toffanin-ultimi-giorni-a-portofino-foto\/"},"author":{"name":"La Redazione","@id":"https:\/\/www.gossip.it\/#\/schema\/person\/488896f75158bff1cc83c6c39d141110"},"headline":"Berlusconi e Toffanin, ultimi giorni a Portofino: foto","datePublished":"2011-08-28T22:00:00+00:00","dateModified":"2011-08-28T22:00:00+00:00","mainEntityOfPage":{"@id":"https:\/\/www.gossip.it\/news\/berlusconi-e-toffanin-ultimi-giorni-a-portofino-foto\/"},"wordCount":138,"publisher":{"@id":"https:\/\/www.gossip.it\/#organization"},"image":{"@id":"https:\/\/www.gossip.it\/news\/berlusconi-e-toffanin-ultimi-giorni-a-portofino-foto\/#primaryimage"},"thumbnailUrl":"http:\/\/www.gossip.it\/images5\/1314610549_.jpg","keywords":["bodyguard","conduttrice","coppia","famiglia","figlio","lorenzo mattia","paparazzati","portofino","premier","relax","verissimo","villa","week end"],"articleSection":["News"],"inLanguage":"it-IT"},{"@type":"WebPage","@id":"https:\/\/www.gossip.it\/news\/berlusconi-e-toffanin-ultimi-giorni-a-portofino-foto\/","url":"https:\/\/www.gossip.it\/news\/berlusconi-e-toffanin-ultimi-giorni-a-portofino-foto\/","name":"Berlusconi e Toffanin, ultimi giorni a Portofino: foto - Gossip.it | News sul Gossip e VIP","isPartOf":{"@id":"https:\/\/www.gossip.it\/#website"},"primaryImageOfPage":{"@id":"https:\/\/www.gossip.it\/news\/berlusconi-e-toffanin-ultimi-giorni-a-portofino-foto\/#primaryimage"},"image":{"@id":"https:\/\/www.gossip.it\/news\/berlusconi-e-toffanin-ultimi-giorni-a-portofino-foto\/#primaryimage"},"thumbnailUrl":"http:\/\/www.gossip.it\/images5\/1314610549_.jpg","datePublished":"2011-08-28T22:00:00+00:00","dateModified":"2011-08-28T22:00:00+00:00","description":"Che sia la localit\u00e0 marina che preferiscono non \u00e8 un mistero, cos\u00ec Piersilvio Berlusconi e Silvia Toffanin stanno trascorrendo a Portofino gli ultimi","breadcrumb":{"@id":"https:\/\/www.gossip.it\/news\/berlusconi-e-toffanin-ultimi-giorni-a-portofino-foto\/#breadcrumb"},"inLanguage":"it-IT","potentialAction":[{"@type":"ReadAction","target":["https:\/\/www.gossip.it\/news\/berlusconi-e-toffanin-ultimi-giorni-a-portofino-foto\/"]}]},{"@type":"ImageObject","inLanguage":"it-IT","@id":"https:\/\/www.gossip.it\/news\/berlusconi-e-toffanin-ultimi-giorni-a-portofino-foto\/#primaryimage","url":"http:\/\/www.gossip.it\/images5\/1314610549_.jpg","contentUrl":"http:\/\/www.gossip.it\/images5\/1314610549_.jpg"},{"@type":"BreadcrumbList","@id":"https:\/\/www.gossip.it\/news\/berlusconi-e-toffanin-ultimi-giorni-a-portofino-foto\/#breadcrumb","itemListElement":[{"@type":"ListItem","position":1,"name":"Home","item":"https:\/\/www.gossip.it\/"},{"@type":"ListItem","position":2,"name":"Berlusconi e Toffanin, ultimi giorni a Portofino: foto"}]},{"@type":"WebSite","@id":"https:\/\/www.gossip.it\/#website","url":"https:\/\/www.gossip.it\/","name":"Gossip and VIP News","description":"Quotidiano di cronaca rosa, costume e societ\u00e0","publisher":{"@id":"https:\/\/www.gossip.it\/#organization"},"alternateName":"Gossip and VIP News","potentialAction":[{"@type":"SearchAction","target":{"@type":"EntryPoint","urlTemplate":"https:\/\/www.gossip.it\/?s={search_term_string}"},"query-input":{"@type":"PropertyValueSpecification","valueRequired":true,"valueName":"search_term_string"}}],"inLanguage":"it-IT"},{"@type":"Organization","@id":"https:\/\/www.gossip.it\/#organization","name":"Gossip and VIP News","alternateName":"Gossip News","url":"https:\/\/www.gossip.it\/","logo":{"@type":"ImageObject","inLanguage":"it-IT","@id":"https:\/\/www.gossip.it\/#\/schema\/logo\/image\/","url":"https:\/\/www.gossip.it\/wp-content\/uploads\/2022\/04\/cropped-corna-alta-tiny.png","contentUrl":"https:\/\/www.gossip.it\/wp-content\/uploads\/2022\/04\/cropped-corna-alta-tiny.png","width":512,"height":512,"caption":"Gossip and VIP News"},"image":{"@id":"https:\/\/www.gossip.it\/#\/schema\/logo\/image\/"},"sameAs":["https:\/\/www.facebook.com\/GossipIT","https:\/\/x.com\/gossinews_it","https:\/\/instagram.com\/gossip_it"]},{"@type":"Person","@id":"https:\/\/www.gossip.it\/#\/schema\/person\/488896f75158bff1cc83c6c39d141110","name":"La Redazione","image":{"@type":"ImageObject","inLanguage":"it-IT","@id":"https:\/\/www.gossip.it\/#\/schema\/person\/image\/","url":"https:\/\/secure.gravatar.com\/avatar\/5a5f5c6fa3e6700e4249abdad0263a1e94e927d9e0499b1cb09c1cd29c044d80?s=96&d=mm&r=g","contentUrl":"https:\/\/secure.gravatar.com\/avatar\/5a5f5c6fa3e6700e4249abdad0263a1e94e927d9e0499b1cb09c1cd29c044d80?s=96&d=mm&r=g","caption":"La Redazione"},"sameAs":["https:\/\/www.gossip.it"]}]}},"amp_enabled":true,"_links":{"self":[{"href":"https:\/\/www.gossip.it\/api\/wp\/v2\/posts\/30320","targetHints":{"allow":["GET"]}}],"collection":[{"href":"https:\/\/www.gossip.it\/api\/wp\/v2\/posts"}],"about":[{"href":"https:\/\/www.gossip.it\/api\/wp\/v2\/types\/post"}],"author":[{"embeddable":true,"href":"https:\/\/www.gossip.it\/api\/wp\/v2\/users\/1"}],"replies":[{"embeddable":true,"href":"https:\/\/www.gossip.it\/api\/wp\/v2\/comments?post=30320"}],"version-history":[{"count":0,"href":"https:\/\/www.gossip.it\/api\/wp\/v2\/posts\/30320\/revisions"}],"wp:featuredmedia":[{"embeddable":true,"href":"https:\/\/www.gossip.it\/api\/wp\/v2\/media\/86367"}],"wp:attachment":[{"href":"https:\/\/www.gossip.it\/api\/wp\/v2\/media?parent=30320"}],"wp:term":[{"taxonomy":"category","embeddable":true,"href":"https:\/\/www.gossip.it\/api\/wp\/v2\/categories?post=30320"},{"taxonomy":"post_tag","embeddable":true,"href":"https:\/\/www.gossip.it\/api\/wp\/v2\/tags?post=30320"},{"taxonomy":"vip","embeddable":true,"href":"https:\/\/www.gossip.it\/api\/wp\/v2\/vip?post=30320"}],"curies":[{"name":"wp","href":"https:\/\/api.w.org\/{rel}","templated":true}]}}