{"id":30339,"date":"2011-08-30T00:00:00","date_gmt":"2011-08-29T22:00:00","guid":{"rendered":"https:\/\/www.gossip.it\/senza-categoria\/eleonora-abbagnato-sono-incinta\/"},"modified":"2011-08-30T00:00:00","modified_gmt":"2011-08-29T22:00:00","slug":"eleonora-abbagnato-sono-incinta","status":"publish","type":"post","link":"https:\/\/www.gossip.it\/news\/eleonora-abbagnato-sono-incinta\/","title":{"rendered":"Eleonora Abbagnato: &quot;Sono incinta&quot;"},"content":{"rendered":"<p>A gennaio diventer\u00e0 mamma: <a href=\"http:\/\/www.gossip.it\/news\/monografia.php?keyword=Eleonora Abbagnato\">Eleonora Abbagnato<\/a> \u00e8 incinta del suo <b>primo figlio<\/b>. Che porta in grembo da <b>quattro mesi<\/b>, due prima di aver detto <em>\"s\u00ec\"<\/em> al calciatore <a href=\"http:\/\/www.gossip.it\/news\/monografia.php?keyword=Federico Balzaretti\">Federico Balzaretti<\/a> (la coppia si \u00e8 sposata a Palermo all'inizio dell'estate).<\/p>\n<p><em>\"Sono in dolce attesa. L'ho scoperto mentre ero in viaggio di nozze alle Maldive\"<\/em>, ha raccontato l'etoile siciliana al settimanale <em>\"Chi\"<\/em>. <em>\"Non ho voluto sapere il sesso, ma sento che sar\u00e0 una bambina e vorrei chiamarla <b>Julia<\/b>\"<\/em>, ha confidato Eleonora. Prontissima a ricoprire il ruolo di <b>mamma<\/b>: <em>\"Finiti i miei impegni, mi prender\u00f2 un anno per dedicarmi alla maternit\u00e0. Sono felice, lo faccio con il sorriso stampato\"<\/em>.<\/p>\n","protected":false},"excerpt":{"rendered":"<p>A gennaio diventer\u00e0 mamma: Eleonora Abbagnato \u00e8 incinta del suo primo figlio. Che porta in grembo da quattro mesi, due prima di aver detto \"s\u00ec\" al calciatore Federico Balzaretti (la coppia si \u00e8 sposata a Palermo all'inizio dell'estate). \"Sono in dolce attesa. L'ho scoperto mentre ero in viaggio di nozze alle Maldive\", ha raccontato l'etoile [&hellip;]<\/p>\n","protected":false},"author":1,"featured_media":86386,"comment_status":"closed","ping_status":"closed","sticky":false,"template":"","format":"standard","meta":{"footnotes":""},"categories":[54],"tags":[9498,9497,2181,6264,2094,4995,3944],"vip":[],"class_list":["post-30339","post","type-post","status-publish","format-standard","has-post-thumbnail","hentry","category-news","tag-eleonora-abbagnato","tag-federico-balzaretti","tag-gravidanza","tag-gravidanze","tag-incinta","tag-palermo","tag-sicilia"],"yoast_head":"<title>Eleonora Abbagnato: &quot;Sono incinta&quot; - Gossip.it | News sul Gossip e VIP<\/title>\n<meta name=\"description\" content=\"A gennaio diventer\u00e0 mamma: Eleonora Abbagnato \u00e8 incinta del suo primo figlio. Che porta in grembo da quattro mesi, due prima di aver detto &quot;s\u00ec&quot; al\" \/>\n<meta name=\"robots\" content=\"index, follow, max-snippet:-1, max-image-preview:large, max-video-preview:-1\" \/>\n<link rel=\"canonical\" href=\"https:\/\/www.gossip.it\/news\/eleonora-abbagnato-sono-incinta\/\" \/>\n<meta property=\"og:locale\" content=\"it_IT\" \/>\n<meta property=\"og:type\" content=\"article\" \/>\n<meta property=\"og:title\" content=\"Eleonora Abbagnato: &quot;Sono incinta&quot; - Gossip.it | News sul Gossip e VIP\" \/>\n<meta property=\"og:description\" content=\"A gennaio diventer\u00e0 mamma: Eleonora Abbagnato \u00e8 incinta del suo primo figlio. Che porta in grembo da quattro mesi, due prima di aver detto &quot;s\u00ec&quot; al\" \/>\n<meta property=\"og:url\" content=\"https:\/\/www.gossip.it\/news\/eleonora-abbagnato-sono-incinta\/\" \/>\n<meta property=\"og:site_name\" content=\"Gossip.it | News sul Gossip e VIP\" \/>\n<meta property=\"article:publisher\" content=\"https:\/\/www.facebook.com\/GossipIT\" \/>\n<meta property=\"article:published_time\" content=\"2011-08-29T22:00:00+00:00\" \/>\n<meta property=\"og:image\" content=\"http:\/\/www.gossip.it\/images5\/1314716387_.jpg\" \/>\n<meta name=\"author\" content=\"La Redazione\" \/>\n<meta name=\"twitter:card\" content=\"summary_large_image\" \/>\n<meta name=\"twitter:image\" content=\"http:\/\/www.gossip.it\/images5\/1314716387_.jpg\" \/>\n<meta name=\"twitter:creator\" content=\"@gossinews_it\" \/>\n<meta name=\"twitter:site\" content=\"@gossinews_it\" \/>\n<meta name=\"twitter:label1\" content=\"Scritto da\" \/>\n\t<meta name=\"twitter:data1\" content=\"La Redazione\" \/>\n\t<meta name=\"twitter:label2\" content=\"Tempo di lettura stimato\" \/>\n\t<meta name=\"twitter:data2\" content=\"1 minuto\" \/>","yoast_head_json":{"title":"Eleonora Abbagnato: &quot;Sono incinta&quot; - Gossip.it | News sul Gossip e VIP","description":"A gennaio diventer\u00e0 mamma: Eleonora Abbagnato \u00e8 incinta del suo primo figlio. Che porta in grembo da quattro mesi, due prima di aver detto \"s\u00ec\" al","robots":{"index":"index","follow":"follow","max-snippet":"max-snippet:-1","max-image-preview":"max-image-preview:large","max-video-preview":"max-video-preview:-1"},"canonical":"https:\/\/www.gossip.it\/news\/eleonora-abbagnato-sono-incinta\/","og_locale":"it_IT","og_type":"article","og_title":"Eleonora Abbagnato: &quot;Sono incinta&quot; - Gossip.it | News sul Gossip e VIP","og_description":"A gennaio diventer\u00e0 mamma: Eleonora Abbagnato \u00e8 incinta del suo primo figlio. Che porta in grembo da quattro mesi, due prima di aver detto \"s\u00ec\" al","og_url":"https:\/\/www.gossip.it\/news\/eleonora-abbagnato-sono-incinta\/","og_site_name":"Gossip.it | News sul Gossip e VIP","article_publisher":"https:\/\/www.facebook.com\/GossipIT","article_published_time":"2011-08-29T22:00:00+00:00","og_image":[{"url":"http:\/\/www.gossip.it\/images5\/1314716387_.jpg"}],"author":"La Redazione","twitter_card":"summary_large_image","twitter_image":"http:\/\/www.gossip.it\/images5\/1314716387_.jpg","twitter_creator":"@gossinews_it","twitter_site":"@gossinews_it","twitter_misc":{"Scritto da":"La Redazione","Tempo di lettura stimato":"1 minuto"},"schema":{"@context":"https:\/\/schema.org","@graph":[{"@type":"Article","@id":"https:\/\/www.gossip.it\/news\/eleonora-abbagnato-sono-incinta\/#article","isPartOf":{"@id":"https:\/\/www.gossip.it\/news\/eleonora-abbagnato-sono-incinta\/"},"author":{"name":"La Redazione","@id":"https:\/\/www.gossip.it\/#\/schema\/person\/488896f75158bff1cc83c6c39d141110"},"headline":"Eleonora Abbagnato: &quot;Sono incinta&quot;","datePublished":"2011-08-29T22:00:00+00:00","dateModified":"2011-08-29T22:00:00+00:00","mainEntityOfPage":{"@id":"https:\/\/www.gossip.it\/news\/eleonora-abbagnato-sono-incinta\/"},"wordCount":113,"publisher":{"@id":"https:\/\/www.gossip.it\/#organization"},"image":{"@id":"https:\/\/www.gossip.it\/news\/eleonora-abbagnato-sono-incinta\/#primaryimage"},"thumbnailUrl":"http:\/\/www.gossip.it\/images5\/1314716387_.jpg","keywords":["eleonora abbagnato","federico balzaretti","gravidanza","gravidanze","incinta","palermo","sicilia"],"articleSection":["News"],"inLanguage":"it-IT"},{"@type":"WebPage","@id":"https:\/\/www.gossip.it\/news\/eleonora-abbagnato-sono-incinta\/","url":"https:\/\/www.gossip.it\/news\/eleonora-abbagnato-sono-incinta\/","name":"Eleonora Abbagnato: &quot;Sono incinta&quot; - Gossip.it | News sul Gossip e VIP","isPartOf":{"@id":"https:\/\/www.gossip.it\/#website"},"primaryImageOfPage":{"@id":"https:\/\/www.gossip.it\/news\/eleonora-abbagnato-sono-incinta\/#primaryimage"},"image":{"@id":"https:\/\/www.gossip.it\/news\/eleonora-abbagnato-sono-incinta\/#primaryimage"},"thumbnailUrl":"http:\/\/www.gossip.it\/images5\/1314716387_.jpg","datePublished":"2011-08-29T22:00:00+00:00","dateModified":"2011-08-29T22:00:00+00:00","description":"A gennaio diventer\u00e0 mamma: Eleonora Abbagnato \u00e8 incinta del suo primo figlio. Che porta in grembo da quattro mesi, due prima di aver detto \"s\u00ec\" al","breadcrumb":{"@id":"https:\/\/www.gossip.it\/news\/eleonora-abbagnato-sono-incinta\/#breadcrumb"},"inLanguage":"it-IT","potentialAction":[{"@type":"ReadAction","target":["https:\/\/www.gossip.it\/news\/eleonora-abbagnato-sono-incinta\/"]}]},{"@type":"ImageObject","inLanguage":"it-IT","@id":"https:\/\/www.gossip.it\/news\/eleonora-abbagnato-sono-incinta\/#primaryimage","url":"http:\/\/www.gossip.it\/images5\/1314716387_.jpg","contentUrl":"http:\/\/www.gossip.it\/images5\/1314716387_.jpg"},{"@type":"BreadcrumbList","@id":"https:\/\/www.gossip.it\/news\/eleonora-abbagnato-sono-incinta\/#breadcrumb","itemListElement":[{"@type":"ListItem","position":1,"name":"Home","item":"https:\/\/www.gossip.it\/"},{"@type":"ListItem","position":2,"name":"Eleonora Abbagnato: &quot;Sono incinta&quot;"}]},{"@type":"WebSite","@id":"https:\/\/www.gossip.it\/#website","url":"https:\/\/www.gossip.it\/","name":"Gossip and VIP News","description":"Quotidiano di cronaca rosa, costume e societ\u00e0","publisher":{"@id":"https:\/\/www.gossip.it\/#organization"},"alternateName":"Gossip and VIP News","potentialAction":[{"@type":"SearchAction","target":{"@type":"EntryPoint","urlTemplate":"https:\/\/www.gossip.it\/?s={search_term_string}"},"query-input":{"@type":"PropertyValueSpecification","valueRequired":true,"valueName":"search_term_string"}}],"inLanguage":"it-IT"},{"@type":"Organization","@id":"https:\/\/www.gossip.it\/#organization","name":"Gossip and VIP News","alternateName":"Gossip News","url":"https:\/\/www.gossip.it\/","logo":{"@type":"ImageObject","inLanguage":"it-IT","@id":"https:\/\/www.gossip.it\/#\/schema\/logo\/image\/","url":"https:\/\/www.gossip.it\/wp-content\/uploads\/2022\/04\/cropped-corna-alta-tiny.png","contentUrl":"https:\/\/www.gossip.it\/wp-content\/uploads\/2022\/04\/cropped-corna-alta-tiny.png","width":512,"height":512,"caption":"Gossip and VIP News"},"image":{"@id":"https:\/\/www.gossip.it\/#\/schema\/logo\/image\/"},"sameAs":["https:\/\/www.facebook.com\/GossipIT","https:\/\/x.com\/gossinews_it","https:\/\/instagram.com\/gossip_it"]},{"@type":"Person","@id":"https:\/\/www.gossip.it\/#\/schema\/person\/488896f75158bff1cc83c6c39d141110","name":"La Redazione","image":{"@type":"ImageObject","inLanguage":"it-IT","@id":"https:\/\/www.gossip.it\/#\/schema\/person\/image\/","url":"https:\/\/secure.gravatar.com\/avatar\/5a5f5c6fa3e6700e4249abdad0263a1e94e927d9e0499b1cb09c1cd29c044d80?s=96&d=mm&r=g","contentUrl":"https:\/\/secure.gravatar.com\/avatar\/5a5f5c6fa3e6700e4249abdad0263a1e94e927d9e0499b1cb09c1cd29c044d80?s=96&d=mm&r=g","caption":"La Redazione"},"sameAs":["https:\/\/www.gossip.it"]}]}},"amp_enabled":true,"_links":{"self":[{"href":"https:\/\/www.gossip.it\/api\/wp\/v2\/posts\/30339","targetHints":{"allow":["GET"]}}],"collection":[{"href":"https:\/\/www.gossip.it\/api\/wp\/v2\/posts"}],"about":[{"href":"https:\/\/www.gossip.it\/api\/wp\/v2\/types\/post"}],"author":[{"embeddable":true,"href":"https:\/\/www.gossip.it\/api\/wp\/v2\/users\/1"}],"replies":[{"embeddable":true,"href":"https:\/\/www.gossip.it\/api\/wp\/v2\/comments?post=30339"}],"version-history":[{"count":0,"href":"https:\/\/www.gossip.it\/api\/wp\/v2\/posts\/30339\/revisions"}],"wp:featuredmedia":[{"embeddable":true,"href":"https:\/\/www.gossip.it\/api\/wp\/v2\/media\/86386"}],"wp:attachment":[{"href":"https:\/\/www.gossip.it\/api\/wp\/v2\/media?parent=30339"}],"wp:term":[{"taxonomy":"category","embeddable":true,"href":"https:\/\/www.gossip.it\/api\/wp\/v2\/categories?post=30339"},{"taxonomy":"post_tag","embeddable":true,"href":"https:\/\/www.gossip.it\/api\/wp\/v2\/tags?post=30339"},{"taxonomy":"vip","embeddable":true,"href":"https:\/\/www.gossip.it\/api\/wp\/v2\/vip?post=30339"}],"curies":[{"name":"wp","href":"https:\/\/api.w.org\/{rel}","templated":true}]}}