{"id":30502,"date":"2011-09-15T00:00:00","date_gmt":"2011-09-14T22:00:00","guid":{"rendered":"https:\/\/www.gossip.it\/senza-categoria\/belen-rodriguez-nuovo-look-per-sbancare-l-auditel\/"},"modified":"2011-09-15T00:00:00","modified_gmt":"2011-09-14T22:00:00","slug":"belen-rodriguez-nuovo-look-per-sbancare-l-auditel","status":"publish","type":"post","link":"https:\/\/www.gossip.it\/news\/belen-rodriguez-nuovo-look-per-sbancare-l-auditel\/","title":{"rendered":"Belen Rodriguez, nuovo look per sbancare l'auditel"},"content":{"rendered":"<p>La frangetta la rende pi\u00f9 sexy e anche un pizzico pi\u00f9 aggressiva. <a href=\"http:\/\/www.gossip.it\/news\/monografia.php?keyword=Belen Rodriguez\">Belen Rodriguez<\/a> per la presentazione di <a href=\"http:\/\/www.gossip.it\/news\/monografia.php?keyword=Colorado\">Colorado<\/a>, che partir\u00e0 domani, venerd\u00ec 16 settembre, in prima serata su Italia 1, ha cambiato look ed \u00e8 arrivata davanti alla stampa e ai fotografi con shorts neri attillatissimi, tacchi vertiginosi e una camicia verde acido che lascia la schiena scoperta. Con lei <a href=\"http:\/\/www.gossip.it\/news\/monografia.php?keyword=Paolo Ruffini\">Paolo Ruffini<\/a>, che l'affiancher\u00e0 nella conduzione dello show.<\/p>\n<p>Il direttore di rete, <b>Luca Tiraboschi<\/b>, spera di far centro con l'argentina al posto di <a href=\"http:\/\/www.gossip.it\/news\/monografia.php?keyword=Rossella Brescia\">Rossella Brescia<\/a> e catturare pi\u00f9 del 9% di share. Belen si carica da sola: <em>\"Diciamo subito chiaramente che io sono sempre stata fan di Colorado, che mi ha sempre fatto pi\u00f9 ridere di <a href=\"http:\/\/www.gossip.it\/news\/monografia.php?keyword=Zelig\">Zelig<\/a>. A mio parere lo show di <a href=\"http:\/\/www.gossip.it\/news\/monografia.php?keyword=Bisio\">Bisio<\/a> \u00e8 pi\u00f9 adatto alla dimensione teatrale, mentre la natura di Colorado \u00e8 pi\u00f9 televisiva\"<\/em>. E, nonostante punti molto in alto, cerca anche di fare la modesta: <em>\"Nonostante il successo al <a href=\"http:\/\/www.gossip.it\/news\/monografia.php?keyword=Festival di Sanremo\">Festival di Sanremo<\/a>, non mi sento una conduttrice di serie A, non sono una <a href=\"http:\/\/www.gossip.it\/news\/monografia.php?keyword=Clerici\">Clerici<\/a> per capirci. Di strada ne devo fare ancora molta. Quel che so \u00e8 che mi piace mettermi in gioco, soprattutto in programmi dove corri rischi ma ricevi stimoli. Partecipare a Striscia, pu\u00f2 essere gratificante, ma la tua presenza non incide sul successo, sempre stabile, di un programma del genere\"<\/em>. E aggiunge: <em>\"A me piace fare programmi giovani: la cosa che temo di pi\u00f9 \u00e8 la noia. Devo divertirmi\"<\/em>. Per Colorado si travestir\u00e0, ma <em>\"non devo fare la comica<\/em> - spiega - <em>solo generare simpatia. Bellezza e comicit\u00e0 possono funzionare, ma la bruttezza \u00e8 sempre pi\u00f9 efficace\"<\/em>.<\/p>\n<p>Tanta tv per la Rodriguez. A gennaio arriver\u00e0 anche <a href=\"http:\/\/www.gossip.it\/news\/monografia.php?keyword=Italia\u2019s Got Talent\">Italia\u2019s Got Talent<\/a> su Canale 5: <em>\"Mi ha voluto espressamente <a href=\"http:\/\/www.gossip.it\/news\/monografia.php?keyword=Maria De Filippi\">Maria De Filippi<\/a>. C\u2019\u00e8 libert\u00e0 nei testi e improvvisazione, \u00e8 divertente. Tutt\u2019altra cosa che in Rai: la tv pubblica ha un controllo ferreo sulle battute\"<\/em>.<br \/>\nImmancabili le domande personali. Ti sposi con <a href=\"http:\/\/www.gossip.it\/news\/monografia.php?keyword=Fabrizio Corona\">Fabrizio Corona<\/a>? Vuoi dei figli?. Belen Rodriguez, sorniona, risponde: <em>\"Figli? Certo che si, non c\u2019\u00e8 felicit\u00e0 senza le nuove generazioni. Il lavoro soddisfa, ma fino a un certo punto. Ci sono cose che sono pi\u00f9 importanti. Sposarsi? Certo che vorrei, ma diamo tempo al tempo\"<\/em>. Ora meglio sfruttare il momento d'oro che pare non finire mai...<\/p>\n","protected":false},"excerpt":{"rendered":"<p>La frangetta la rende pi\u00f9 sexy e anche un pizzico pi\u00f9 aggressiva. Belen Rodriguez per la presentazione di Colorado, che partir\u00e0 domani, venerd\u00ec 16 settembre, in prima serata su Italia 1, ha cambiato look ed \u00e8 arrivata davanti alla stampa e ai fotografi con shorts neri attillatissimi, tacchi vertiginosi e una camicia verde acido che [&hellip;]<\/p>\n","protected":false},"author":1,"featured_media":86549,"comment_status":"closed","ping_status":"closed","sticky":false,"template":"","format":"standard","meta":{"footnotes":""},"categories":[54],"tags":[7339,2102,2637,3297,2131,9369,22654,35246,2097,8916],"vip":[346,396,719,1237,1474],"class_list":["post-30502","post","type-post","status-publish","format-standard","has-post-thumbnail","hentry","category-news","tag-colorado","tag-dichiarazioni","tag-festival-di-sanremo","tag-gossip-tv","tag-italia-1","tag-italias-got-talent","tag-luca-tiraboschi","tag-rossella-brascia","tag-tv","tag-zelig","vip-antonella_clerici","vip-belen_rodriguez","vip-fabrizio_corona","vip-maria_de_filippi","vip-paolo_ruffini"],"yoast_head":"<title>Belen Rodriguez, nuovo look per sbancare l&#039;auditel - Gossip.it | News sul Gossip e VIP<\/title>\n<meta name=\"description\" content=\"La frangetta la rende pi\u00f9 sexy e anche un pizzico pi\u00f9 aggressiva. Belen Rodriguez per la presentazione di Colorado, che partir\u00e0 domani, venerd\u00ec 16\" \/>\n<meta name=\"robots\" content=\"index, follow, max-snippet:-1, max-image-preview:large, max-video-preview:-1\" \/>\n<link rel=\"canonical\" href=\"https:\/\/www.gossip.it\/news\/belen-rodriguez-nuovo-look-per-sbancare-l-auditel\/\" \/>\n<meta property=\"og:locale\" content=\"it_IT\" \/>\n<meta property=\"og:type\" content=\"article\" \/>\n<meta property=\"og:title\" content=\"Belen Rodriguez, nuovo look per sbancare l&#039;auditel - Gossip.it | News sul Gossip e VIP\" \/>\n<meta property=\"og:description\" content=\"La frangetta la rende pi\u00f9 sexy e anche un pizzico pi\u00f9 aggressiva. Belen Rodriguez per la presentazione di Colorado, che partir\u00e0 domani, venerd\u00ec 16\" \/>\n<meta property=\"og:url\" content=\"https:\/\/www.gossip.it\/news\/belen-rodriguez-nuovo-look-per-sbancare-l-auditel\/\" \/>\n<meta property=\"og:site_name\" content=\"Gossip.it | News sul Gossip e VIP\" \/>\n<meta property=\"article:publisher\" content=\"https:\/\/www.facebook.com\/GossipIT\" \/>\n<meta property=\"article:published_time\" content=\"2011-09-14T22:00:00+00:00\" \/>\n<meta property=\"og:image\" content=\"http:\/\/www.gossip.it\/images5\/1316076144_.jpg\" \/>\n<meta name=\"author\" content=\"La Redazione\" \/>\n<meta name=\"twitter:card\" content=\"summary_large_image\" \/>\n<meta name=\"twitter:image\" content=\"http:\/\/www.gossip.it\/images5\/1316076144_.jpg\" \/>\n<meta name=\"twitter:creator\" content=\"@gossinews_it\" \/>\n<meta name=\"twitter:site\" content=\"@gossinews_it\" \/>\n<meta name=\"twitter:label1\" content=\"Scritto da\" \/>\n\t<meta name=\"twitter:data1\" content=\"Annamaria Capozzi\" \/>\n\t<meta name=\"twitter:label2\" content=\"Tempo di lettura stimato\" \/>\n\t<meta name=\"twitter:data2\" content=\"2 minuti\" \/>","yoast_head_json":{"title":"Belen Rodriguez, nuovo look per sbancare l'auditel - Gossip.it | News sul Gossip e VIP","description":"La frangetta la rende pi\u00f9 sexy e anche un pizzico pi\u00f9 aggressiva. Belen Rodriguez per la presentazione di Colorado, che partir\u00e0 domani, venerd\u00ec 16","robots":{"index":"index","follow":"follow","max-snippet":"max-snippet:-1","max-image-preview":"max-image-preview:large","max-video-preview":"max-video-preview:-1"},"canonical":"https:\/\/www.gossip.it\/news\/belen-rodriguez-nuovo-look-per-sbancare-l-auditel\/","og_locale":"it_IT","og_type":"article","og_title":"Belen Rodriguez, nuovo look per sbancare l'auditel - Gossip.it | News sul Gossip e VIP","og_description":"La frangetta la rende pi\u00f9 sexy e anche un pizzico pi\u00f9 aggressiva. Belen Rodriguez per la presentazione di Colorado, che partir\u00e0 domani, venerd\u00ec 16","og_url":"https:\/\/www.gossip.it\/news\/belen-rodriguez-nuovo-look-per-sbancare-l-auditel\/","og_site_name":"Gossip.it | News sul Gossip e VIP","article_publisher":"https:\/\/www.facebook.com\/GossipIT","article_published_time":"2011-09-14T22:00:00+00:00","og_image":[{"url":"http:\/\/www.gossip.it\/images5\/1316076144_.jpg"}],"author":"La Redazione","twitter_card":"summary_large_image","twitter_image":"http:\/\/www.gossip.it\/images5\/1316076144_.jpg","twitter_creator":"@gossinews_it","twitter_site":"@gossinews_it","twitter_misc":{"Scritto da":"Annamaria Capozzi","Tempo di lettura stimato":"2 minuti"},"schema":{"@context":"https:\/\/schema.org","@graph":[{"@type":"Article","@id":"https:\/\/www.gossip.it\/news\/belen-rodriguez-nuovo-look-per-sbancare-l-auditel\/#article","isPartOf":{"@id":"https:\/\/www.gossip.it\/news\/belen-rodriguez-nuovo-look-per-sbancare-l-auditel\/"},"author":{"name":"La Redazione","@id":"https:\/\/www.gossip.it\/#\/schema\/person\/488896f75158bff1cc83c6c39d141110"},"headline":"Belen Rodriguez, nuovo look per sbancare l'auditel","datePublished":"2011-09-14T22:00:00+00:00","dateModified":"2011-09-14T22:00:00+00:00","mainEntityOfPage":{"@id":"https:\/\/www.gossip.it\/news\/belen-rodriguez-nuovo-look-per-sbancare-l-auditel\/"},"wordCount":375,"publisher":{"@id":"https:\/\/www.gossip.it\/#organization"},"image":{"@id":"https:\/\/www.gossip.it\/news\/belen-rodriguez-nuovo-look-per-sbancare-l-auditel\/#primaryimage"},"thumbnailUrl":"http:\/\/www.gossip.it\/images5\/1316076144_.jpg","keywords":["colorado","dichiarazioni","festival di sanremo","gossip.tv","italia 1","italia's got talent","Luca Tiraboschi","rossella brascia","tv","zelig"],"articleSection":["News"],"inLanguage":"it-IT"},{"@type":"WebPage","@id":"https:\/\/www.gossip.it\/news\/belen-rodriguez-nuovo-look-per-sbancare-l-auditel\/","url":"https:\/\/www.gossip.it\/news\/belen-rodriguez-nuovo-look-per-sbancare-l-auditel\/","name":"Belen Rodriguez, nuovo look per sbancare l'auditel - Gossip.it | News sul Gossip e VIP","isPartOf":{"@id":"https:\/\/www.gossip.it\/#website"},"primaryImageOfPage":{"@id":"https:\/\/www.gossip.it\/news\/belen-rodriguez-nuovo-look-per-sbancare-l-auditel\/#primaryimage"},"image":{"@id":"https:\/\/www.gossip.it\/news\/belen-rodriguez-nuovo-look-per-sbancare-l-auditel\/#primaryimage"},"thumbnailUrl":"http:\/\/www.gossip.it\/images5\/1316076144_.jpg","datePublished":"2011-09-14T22:00:00+00:00","dateModified":"2011-09-14T22:00:00+00:00","description":"La frangetta la rende pi\u00f9 sexy e anche un pizzico pi\u00f9 aggressiva. Belen Rodriguez per la presentazione di Colorado, che partir\u00e0 domani, venerd\u00ec 16","breadcrumb":{"@id":"https:\/\/www.gossip.it\/news\/belen-rodriguez-nuovo-look-per-sbancare-l-auditel\/#breadcrumb"},"inLanguage":"it-IT","potentialAction":[{"@type":"ReadAction","target":["https:\/\/www.gossip.it\/news\/belen-rodriguez-nuovo-look-per-sbancare-l-auditel\/"]}]},{"@type":"ImageObject","inLanguage":"it-IT","@id":"https:\/\/www.gossip.it\/news\/belen-rodriguez-nuovo-look-per-sbancare-l-auditel\/#primaryimage","url":"http:\/\/www.gossip.it\/images5\/1316076144_.jpg","contentUrl":"http:\/\/www.gossip.it\/images5\/1316076144_.jpg"},{"@type":"BreadcrumbList","@id":"https:\/\/www.gossip.it\/news\/belen-rodriguez-nuovo-look-per-sbancare-l-auditel\/#breadcrumb","itemListElement":[{"@type":"ListItem","position":1,"name":"Home","item":"https:\/\/www.gossip.it\/"},{"@type":"ListItem","position":2,"name":"Belen Rodriguez, nuovo look per sbancare l'auditel"}]},{"@type":"WebSite","@id":"https:\/\/www.gossip.it\/#website","url":"https:\/\/www.gossip.it\/","name":"Gossip and VIP News","description":"Quotidiano di cronaca rosa, costume e societ\u00e0","publisher":{"@id":"https:\/\/www.gossip.it\/#organization"},"alternateName":"Gossip and VIP News","potentialAction":[{"@type":"SearchAction","target":{"@type":"EntryPoint","urlTemplate":"https:\/\/www.gossip.it\/?s={search_term_string}"},"query-input":{"@type":"PropertyValueSpecification","valueRequired":true,"valueName":"search_term_string"}}],"inLanguage":"it-IT"},{"@type":"Organization","@id":"https:\/\/www.gossip.it\/#organization","name":"Gossip and VIP News","alternateName":"Gossip News","url":"https:\/\/www.gossip.it\/","logo":{"@type":"ImageObject","inLanguage":"it-IT","@id":"https:\/\/www.gossip.it\/#\/schema\/logo\/image\/","url":"https:\/\/www.gossip.it\/wp-content\/uploads\/2022\/04\/cropped-corna-alta-tiny.png","contentUrl":"https:\/\/www.gossip.it\/wp-content\/uploads\/2022\/04\/cropped-corna-alta-tiny.png","width":512,"height":512,"caption":"Gossip and VIP News"},"image":{"@id":"https:\/\/www.gossip.it\/#\/schema\/logo\/image\/"},"sameAs":["https:\/\/www.facebook.com\/GossipIT","https:\/\/x.com\/gossinews_it","https:\/\/instagram.com\/gossip_it"]},{"@type":"Person","@id":"https:\/\/www.gossip.it\/#\/schema\/person\/488896f75158bff1cc83c6c39d141110","name":"La Redazione","image":{"@type":"ImageObject","inLanguage":"it-IT","@id":"https:\/\/www.gossip.it\/#\/schema\/person\/image\/","url":"https:\/\/secure.gravatar.com\/avatar\/5a5f5c6fa3e6700e4249abdad0263a1e94e927d9e0499b1cb09c1cd29c044d80?s=96&d=mm&r=g","contentUrl":"https:\/\/secure.gravatar.com\/avatar\/5a5f5c6fa3e6700e4249abdad0263a1e94e927d9e0499b1cb09c1cd29c044d80?s=96&d=mm&r=g","caption":"La Redazione"},"sameAs":["https:\/\/www.gossip.it"]}]}},"amp_enabled":true,"_links":{"self":[{"href":"https:\/\/www.gossip.it\/api\/wp\/v2\/posts\/30502","targetHints":{"allow":["GET"]}}],"collection":[{"href":"https:\/\/www.gossip.it\/api\/wp\/v2\/posts"}],"about":[{"href":"https:\/\/www.gossip.it\/api\/wp\/v2\/types\/post"}],"author":[{"embeddable":true,"href":"https:\/\/www.gossip.it\/api\/wp\/v2\/users\/1"}],"replies":[{"embeddable":true,"href":"https:\/\/www.gossip.it\/api\/wp\/v2\/comments?post=30502"}],"version-history":[{"count":0,"href":"https:\/\/www.gossip.it\/api\/wp\/v2\/posts\/30502\/revisions"}],"wp:featuredmedia":[{"embeddable":true,"href":"https:\/\/www.gossip.it\/api\/wp\/v2\/media\/86549"}],"wp:attachment":[{"href":"https:\/\/www.gossip.it\/api\/wp\/v2\/media?parent=30502"}],"wp:term":[{"taxonomy":"category","embeddable":true,"href":"https:\/\/www.gossip.it\/api\/wp\/v2\/categories?post=30502"},{"taxonomy":"post_tag","embeddable":true,"href":"https:\/\/www.gossip.it\/api\/wp\/v2\/tags?post=30502"},{"taxonomy":"vip","embeddable":true,"href":"https:\/\/www.gossip.it\/api\/wp\/v2\/vip?post=30502"}],"curies":[{"name":"wp","href":"https:\/\/api.w.org\/{rel}","templated":true}]}}