{"id":30561,"date":"2011-09-21T00:00:00","date_gmt":"2011-09-20T22:00:00","guid":{"rendered":"https:\/\/www.gossip.it\/senza-categoria\/francesco-facchinetti-contro-il-suo-passato\/"},"modified":"2011-09-21T00:00:00","modified_gmt":"2011-09-20T22:00:00","slug":"francesco-facchinetti-contro-il-suo-passato","status":"publish","type":"post","link":"https:\/\/www.gossip.it\/news\/francesco-facchinetti-contro-il-suo-passato\/","title":{"rendered":"Francesco Facchinetti contro il suo passato"},"content":{"rendered":"<p><a href=\"http:\/\/www.gossip.it\/news\/monografia.php?keyword=Francesco Facchinetti\">Francesco Facchinetti<\/a> va dritto contro il suo passato recente. Il nuovo <a href=\"http:\/\/www.gossip.it\/news\/monografia.php?keyword=talent show\">talent show<\/a> che condurr\u00e0 su Rai Due, \"<a href=\"http:\/\/www.gossip.it\/news\/monografia.php?keyword=Star Academy\">Star Academy<\/a>\", non andr\u00e0 pi\u00f9 in onda a partire da marted\u00ec 27 settembre, ma si sposter\u00e0 a gioved\u00ec 29, per fare concorrenza a \"<a href=\"http:\/\/www.gossip.it\/news\/monografia.php?keyword=X-Factor\">X-Factor<\/a>\", <em>'emigrato'<\/em> su Sky Uno con un cast stellare, composto dai quattro giudici <a href=\"http:\/\/www.gossip.it\/news\/monografia.php?keyword=Simona Ventura\">Simona Ventura<\/a>, <a href=\"http:\/\/www.gossip.it\/news\/monografia.php?keyword=Morgan\">Morgan<\/a>, <a href=\"http:\/\/www.gossip.it\/news\/monografia.php?keyword=Elio\">Elio<\/a> e <a href=\"http:\/\/www.gossip.it\/news\/monografia.php?keyword=Arisa\">Arisa<\/a>, e con al timone <a href=\"http:\/\/www.gossip.it\/news\/monografia.php?keyword=Alessandro Cattelan\">Alessandro Cattelan<\/a>.<\/p>\n<p>In realt\u00e0 \"X.Factor\" inaugurer\u00e0 la sua stagione da stasera, 20 settembre, con quattro puntate dedicate ai casting e ai bootcamp che permetteranno al pubblico di conoscere via, via i prescelti che approderanno alla fase finale, live, prevista da met\u00e0 novembre, con il giorno della messa in onda ancora da decidere.<br \/>\nNonostante ci\u00f2, Mamma Rai ha voluto lanciare la sfida alla concorrenza con questo nuovo format con sedici concorrenti che canteranno in duetto. I loro tutor saranno, come gi\u00e0 annunciato, <a href=\"http:\/\/www.gossip.it\/news\/monografia.php?keyword=Syria\">Syria<\/a>, <a href=\"http:\/\/www.gossip.it\/news\/monografia.php?keyword=Gianluca Grignani\">Gianluca Grignani<\/a>, <a href=\"http:\/\/www.gossip.it\/news\/monografia.php?keyword=Mietta\">Mietta<\/a> e <a href=\"http:\/\/www.gossip.it\/news\/monografia.php?keyword=Ron\">Ron<\/a>, la giuria sar\u00e0 composta da <a href=\"http:\/\/www.gossip.it\/news\/monografia.php?keyword=Lorella Cuccarini\">Lorella Cuccarini<\/a>, <b>Roy Paci<\/b>, <a href=\"http:\/\/www.gossip.it\/news\/monografia.php?keyword=Nicola Savino\">Nicola Savino<\/a> e <a href=\"http:\/\/www.gossip.it\/news\/monografia.php?keyword=Ornella Vanoni\">Ornella Vanoni<\/a>.<\/p>\n<p>Per Francesco Facchinetti, dopo <b>\"Ciak si canta\"<\/b>, vietato fare ancora flop, altrimenti saranno guai...<\/p>\n<p>Foto: M.Bruni \u00a9 Gossip.it<\/p>\n","protected":false},"excerpt":{"rendered":"<p>Francesco Facchinetti va dritto contro il suo passato recente. Il nuovo talent show che condurr\u00e0 su Rai Due, \"Star Academy\", non andr\u00e0 pi\u00f9 in onda a partire da marted\u00ec 27 settembre, ma si sposter\u00e0 a gioved\u00ec 29, per fare concorrenza a \"X-Factor\", 'emigrato' su Sky Uno con un cast stellare, composto dai quattro giudici Simona [&hellip;]<\/p>\n","protected":false},"author":1,"featured_media":86608,"comment_status":"closed","ping_status":"closed","sticky":false,"template":"","format":"standard","meta":{"footnotes":""},"categories":[54],"tags":[2310,31670,14963,14716,3297,2408,11390,5662,15423,8227,4510,2339,35210,10145,5940,2097,5411],"vip":[367,788,1122,1358,1381,1443,1698],"class_list":["post-30561","post","type-post","status-publish","format-standard","has-post-thumbnail","hentry","category-news","tag-alessandro-cattelan","tag-elio","tag-gianluca-grignani","tag-gossip-musica","tag-gossip-tv","tag-musica","tag-nicola-savino","tag-rai-due","tag-ron","tag-roy-paci","tag-show","tag-sky-uno","tag-star-academy","tag-syria","tag-talent","tag-tv","tag-x-factor","vip-arisa","vip-francesco_facchinetti","vip-lorella_cuccarini","vip-mietta","vip-morgan","vip-ornella_vanoni","vip-simona_ventura"],"yoast_head":"<title>Francesco Facchinetti contro il suo passato - Gossip.it | News sul Gossip e VIP<\/title>\n<meta name=\"description\" content=\"Francesco Facchinetti va dritto contro il suo passato recente. Il nuovo talent show che condurr\u00e0 su Rai Due, &quot;Star Academy&quot;, non andr\u00e0 pi\u00f9 in onda a\" \/>\n<meta name=\"robots\" content=\"index, follow, max-snippet:-1, max-image-preview:large, max-video-preview:-1\" \/>\n<link rel=\"canonical\" href=\"https:\/\/www.gossip.it\/news\/francesco-facchinetti-contro-il-suo-passato\/\" \/>\n<meta property=\"og:locale\" content=\"it_IT\" \/>\n<meta property=\"og:type\" content=\"article\" \/>\n<meta property=\"og:title\" content=\"Francesco Facchinetti contro il suo passato - Gossip.it | News sul Gossip e VIP\" \/>\n<meta property=\"og:description\" content=\"Francesco Facchinetti va dritto contro il suo passato recente. Il nuovo talent show che condurr\u00e0 su Rai Due, &quot;Star Academy&quot;, non andr\u00e0 pi\u00f9 in onda a\" \/>\n<meta property=\"og:url\" content=\"https:\/\/www.gossip.it\/news\/francesco-facchinetti-contro-il-suo-passato\/\" \/>\n<meta property=\"og:site_name\" content=\"Gossip.it | News sul Gossip e VIP\" \/>\n<meta property=\"article:publisher\" content=\"https:\/\/www.facebook.com\/GossipIT\" \/>\n<meta property=\"article:published_time\" content=\"2011-09-20T22:00:00+00:00\" \/>\n<meta property=\"og:image\" content=\"http:\/\/www.gossip.it\/images5\/1316592339_francesco-facchinetti.jpg\" \/>\n<meta name=\"author\" content=\"La Redazione\" \/>\n<meta name=\"twitter:card\" content=\"summary_large_image\" \/>\n<meta name=\"twitter:image\" content=\"http:\/\/www.gossip.it\/images5\/1316592339_francesco-facchinetti.jpg\" \/>\n<meta name=\"twitter:creator\" content=\"@gossinews_it\" \/>\n<meta name=\"twitter:site\" content=\"@gossinews_it\" \/>\n<meta name=\"twitter:label1\" content=\"Scritto da\" \/>\n\t<meta name=\"twitter:data1\" content=\"Annamaria Capozzi\" \/>\n\t<meta name=\"twitter:label2\" content=\"Tempo di lettura stimato\" \/>\n\t<meta name=\"twitter:data2\" content=\"1 minuto\" \/>","yoast_head_json":{"title":"Francesco Facchinetti contro il suo passato - Gossip.it | News sul Gossip e VIP","description":"Francesco Facchinetti va dritto contro il suo passato recente. Il nuovo talent show che condurr\u00e0 su Rai Due, \"Star Academy\", non andr\u00e0 pi\u00f9 in onda a","robots":{"index":"index","follow":"follow","max-snippet":"max-snippet:-1","max-image-preview":"max-image-preview:large","max-video-preview":"max-video-preview:-1"},"canonical":"https:\/\/www.gossip.it\/news\/francesco-facchinetti-contro-il-suo-passato\/","og_locale":"it_IT","og_type":"article","og_title":"Francesco Facchinetti contro il suo passato - Gossip.it | News sul Gossip e VIP","og_description":"Francesco Facchinetti va dritto contro il suo passato recente. Il nuovo talent show che condurr\u00e0 su Rai Due, \"Star Academy\", non andr\u00e0 pi\u00f9 in onda a","og_url":"https:\/\/www.gossip.it\/news\/francesco-facchinetti-contro-il-suo-passato\/","og_site_name":"Gossip.it | News sul Gossip e VIP","article_publisher":"https:\/\/www.facebook.com\/GossipIT","article_published_time":"2011-09-20T22:00:00+00:00","og_image":[{"url":"http:\/\/www.gossip.it\/images5\/1316592339_francesco-facchinetti.jpg"}],"author":"La Redazione","twitter_card":"summary_large_image","twitter_image":"http:\/\/www.gossip.it\/images5\/1316592339_francesco-facchinetti.jpg","twitter_creator":"@gossinews_it","twitter_site":"@gossinews_it","twitter_misc":{"Scritto da":"Annamaria Capozzi","Tempo di lettura stimato":"1 minuto"},"schema":{"@context":"https:\/\/schema.org","@graph":[{"@type":"Article","@id":"https:\/\/www.gossip.it\/news\/francesco-facchinetti-contro-il-suo-passato\/#article","isPartOf":{"@id":"https:\/\/www.gossip.it\/news\/francesco-facchinetti-contro-il-suo-passato\/"},"author":{"name":"La Redazione","@id":"https:\/\/www.gossip.it\/#\/schema\/person\/488896f75158bff1cc83c6c39d141110"},"headline":"Francesco Facchinetti contro il suo passato","datePublished":"2011-09-20T22:00:00+00:00","dateModified":"2011-09-20T22:00:00+00:00","mainEntityOfPage":{"@id":"https:\/\/www.gossip.it\/news\/francesco-facchinetti-contro-il-suo-passato\/"},"wordCount":188,"publisher":{"@id":"https:\/\/www.gossip.it\/#organization"},"image":{"@id":"https:\/\/www.gossip.it\/news\/francesco-facchinetti-contro-il-suo-passato\/#primaryimage"},"thumbnailUrl":"http:\/\/www.gossip.it\/images5\/1316592339_francesco-facchinetti.jpg","keywords":["alessandro cattelan","elio","Gianluca Grignani","gossip musica","gossip.tv","musica","Nicola Savino","rai due","ron","Roy Paci","show","sky uno","star academy","syria","talent+","tv","x factor"],"articleSection":["News"],"inLanguage":"it-IT"},{"@type":"WebPage","@id":"https:\/\/www.gossip.it\/news\/francesco-facchinetti-contro-il-suo-passato\/","url":"https:\/\/www.gossip.it\/news\/francesco-facchinetti-contro-il-suo-passato\/","name":"Francesco Facchinetti contro il suo passato - Gossip.it | News sul Gossip e VIP","isPartOf":{"@id":"https:\/\/www.gossip.it\/#website"},"primaryImageOfPage":{"@id":"https:\/\/www.gossip.it\/news\/francesco-facchinetti-contro-il-suo-passato\/#primaryimage"},"image":{"@id":"https:\/\/www.gossip.it\/news\/francesco-facchinetti-contro-il-suo-passato\/#primaryimage"},"thumbnailUrl":"http:\/\/www.gossip.it\/images5\/1316592339_francesco-facchinetti.jpg","datePublished":"2011-09-20T22:00:00+00:00","dateModified":"2011-09-20T22:00:00+00:00","description":"Francesco Facchinetti va dritto contro il suo passato recente. Il nuovo talent show che condurr\u00e0 su Rai Due, \"Star Academy\", non andr\u00e0 pi\u00f9 in onda a","breadcrumb":{"@id":"https:\/\/www.gossip.it\/news\/francesco-facchinetti-contro-il-suo-passato\/#breadcrumb"},"inLanguage":"it-IT","potentialAction":[{"@type":"ReadAction","target":["https:\/\/www.gossip.it\/news\/francesco-facchinetti-contro-il-suo-passato\/"]}]},{"@type":"ImageObject","inLanguage":"it-IT","@id":"https:\/\/www.gossip.it\/news\/francesco-facchinetti-contro-il-suo-passato\/#primaryimage","url":"http:\/\/www.gossip.it\/images5\/1316592339_francesco-facchinetti.jpg","contentUrl":"http:\/\/www.gossip.it\/images5\/1316592339_francesco-facchinetti.jpg"},{"@type":"BreadcrumbList","@id":"https:\/\/www.gossip.it\/news\/francesco-facchinetti-contro-il-suo-passato\/#breadcrumb","itemListElement":[{"@type":"ListItem","position":1,"name":"Home","item":"https:\/\/www.gossip.it\/"},{"@type":"ListItem","position":2,"name":"Francesco Facchinetti contro il suo passato"}]},{"@type":"WebSite","@id":"https:\/\/www.gossip.it\/#website","url":"https:\/\/www.gossip.it\/","name":"Gossip and VIP News","description":"Quotidiano di cronaca rosa, costume e societ\u00e0","publisher":{"@id":"https:\/\/www.gossip.it\/#organization"},"alternateName":"Gossip and VIP News","potentialAction":[{"@type":"SearchAction","target":{"@type":"EntryPoint","urlTemplate":"https:\/\/www.gossip.it\/?s={search_term_string}"},"query-input":{"@type":"PropertyValueSpecification","valueRequired":true,"valueName":"search_term_string"}}],"inLanguage":"it-IT"},{"@type":"Organization","@id":"https:\/\/www.gossip.it\/#organization","name":"Gossip and VIP News","alternateName":"Gossip News","url":"https:\/\/www.gossip.it\/","logo":{"@type":"ImageObject","inLanguage":"it-IT","@id":"https:\/\/www.gossip.it\/#\/schema\/logo\/image\/","url":"https:\/\/www.gossip.it\/wp-content\/uploads\/2022\/04\/cropped-corna-alta-tiny.png","contentUrl":"https:\/\/www.gossip.it\/wp-content\/uploads\/2022\/04\/cropped-corna-alta-tiny.png","width":512,"height":512,"caption":"Gossip and VIP News"},"image":{"@id":"https:\/\/www.gossip.it\/#\/schema\/logo\/image\/"},"sameAs":["https:\/\/www.facebook.com\/GossipIT","https:\/\/x.com\/gossinews_it","https:\/\/instagram.com\/gossip_it"]},{"@type":"Person","@id":"https:\/\/www.gossip.it\/#\/schema\/person\/488896f75158bff1cc83c6c39d141110","name":"La Redazione","image":{"@type":"ImageObject","inLanguage":"it-IT","@id":"https:\/\/www.gossip.it\/#\/schema\/person\/image\/","url":"https:\/\/secure.gravatar.com\/avatar\/5a5f5c6fa3e6700e4249abdad0263a1e94e927d9e0499b1cb09c1cd29c044d80?s=96&d=mm&r=g","contentUrl":"https:\/\/secure.gravatar.com\/avatar\/5a5f5c6fa3e6700e4249abdad0263a1e94e927d9e0499b1cb09c1cd29c044d80?s=96&d=mm&r=g","caption":"La Redazione"},"sameAs":["https:\/\/www.gossip.it"]}]}},"amp_enabled":true,"_links":{"self":[{"href":"https:\/\/www.gossip.it\/api\/wp\/v2\/posts\/30561","targetHints":{"allow":["GET"]}}],"collection":[{"href":"https:\/\/www.gossip.it\/api\/wp\/v2\/posts"}],"about":[{"href":"https:\/\/www.gossip.it\/api\/wp\/v2\/types\/post"}],"author":[{"embeddable":true,"href":"https:\/\/www.gossip.it\/api\/wp\/v2\/users\/1"}],"replies":[{"embeddable":true,"href":"https:\/\/www.gossip.it\/api\/wp\/v2\/comments?post=30561"}],"version-history":[{"count":0,"href":"https:\/\/www.gossip.it\/api\/wp\/v2\/posts\/30561\/revisions"}],"wp:featuredmedia":[{"embeddable":true,"href":"https:\/\/www.gossip.it\/api\/wp\/v2\/media\/86608"}],"wp:attachment":[{"href":"https:\/\/www.gossip.it\/api\/wp\/v2\/media?parent=30561"}],"wp:term":[{"taxonomy":"category","embeddable":true,"href":"https:\/\/www.gossip.it\/api\/wp\/v2\/categories?post=30561"},{"taxonomy":"post_tag","embeddable":true,"href":"https:\/\/www.gossip.it\/api\/wp\/v2\/tags?post=30561"},{"taxonomy":"vip","embeddable":true,"href":"https:\/\/www.gossip.it\/api\/wp\/v2\/vip?post=30561"}],"curies":[{"name":"wp","href":"https:\/\/api.w.org\/{rel}","templated":true}]}}