{"id":30685,"date":"2011-10-04T00:00:00","date_gmt":"2011-10-03T22:00:00","guid":{"rendered":"https:\/\/www.gossip.it\/senza-categoria\/simona-ventura-per-la-rai-un-delitto-lasciar-andare-x-factor\/"},"modified":"2011-10-04T00:00:00","modified_gmt":"2011-10-03T22:00:00","slug":"simona-ventura-per-la-rai-un-delitto-lasciar-andare-x-factor","status":"publish","type":"post","link":"https:\/\/www.gossip.it\/news\/simona-ventura-per-la-rai-un-delitto-lasciar-andare-x-factor\/","title":{"rendered":"Simona Ventura, per la Rai un delitto lasciar andare X-Factor"},"content":{"rendered":"<p><a href=\"http:\/\/www.gossip.it\/news\/monografia.php?keyword=Simona Ventura\">Simona Ventura<\/a> \u00e8 pronta a partire con \"<a href=\"http:\/\/www.gossip.it\/news\/monografia.php?keyword=X-Factor\">X-Factor<\/a>\". Dal 20 ottobre inizier\u00e0 ufficialmente la sua nuova avventura a <b>Sky Uno<\/b>. <em>\"<a href=\"http:\/\/www.gossip.it\/news\/monografia.php?keyword=Morgan\">Morgan<\/a> \u00e8 eclettico, siamo davvero opposti, lui ama la musica di nicchia, io sono pi\u00f9 pop. Di <a href=\"http:\/\/www.gossip.it\/news\/monografia.php?keyword=Elio\">Elio<\/a> mi diverte il cinismo. <a href=\"http:\/\/www.gossip.it\/news\/monografia.php?keyword=Arisa\">Arisa<\/a> per essere alla prima esperienza \u00e8 straordinaria. Abbiamo gusti musicali diversi, proveniamo da ambienti differenti: sar\u00e0 bello vedere il nostro \"duello a quattro\"\"<\/em>, spiega la conduttrice a <em>Il Corriere della Sera<\/em>.<\/p>\n<p>Quando era ancora poco pi\u00f9 di una ragazza fu scartata dall'attuale ministro <b>Paolo Romani<\/b>, all'epoca amministratore delegato di Telelombardia: <em>\"Ha sempre riconosciuto di aver fatto un' emerita cavolata. Nel 1987 avevo 22 anni, ero molto volenterosa, ma anche acerba. Anche a Mediaset mi bocciarono a un provino dicendo che avrei turbato la redazione\"<\/em>. SuperSimo, per\u00f2, \u00e8 andata avanti: <em>\"Ho fatto 8 anni di \"<a href=\"http:\/\/www.gossip.it\/news\/monografia.php?keyword=Isola dei Famosi\">Isola dei Famosi<\/a>\", 10 di \"<a href=\"http:\/\/www.gossip.it\/news\/monografia.php?keyword=Quelli che il calcio\">Quelli che il calcio<\/a>\". Senza rancore e senza rimpianti a Sky inizia la mia nuova vita. Non \u00e8 vero che l' Isola sono io, certo ci ho messo molto del mio, ma a condurla vedrei bene qualunque buon professionista\"<\/em>.<br \/>\nSu <a href=\"http:\/\/www.gossip.it\/news\/monografia.php?keyword=Victoria Cabello\">Victoria Cabello<\/a> a \"Quelli che il calcio\" dice: <em>\"La trovo bravissima. Mi viene solo da pensare a come \u00e8 cambiata in dieci anni la tv in Italia. Al mio esordio arrivai al 43%, eppure prendere me dopo Fazio era stata una scommessa\"<\/em>. E sul talent musicale passato alla concorrenza esprime il suo pensiero senza peli sulla lingua: <em>\"Questo \u00e8 un primo passo, secondo me per la Rai \u00e8 un delitto aver lasciato un format come questo. Era giusto partire con un programma forte per poi cercare di fare cose nuove. Sky ha scelto il periodo migliore per avvicinarsi alla tv generalista e incunearsi in una tv che sta presentando poco di originale. Penso che \"X Factor\" sia nuovo perch\u00e9 \u00e8 completamente diverso il modo in cui viene fatto, sar\u00e0 pi\u00f9 vicino all' originale inglese. La gente alla fine vorr\u00e0 vedere noi, altre d\u00e9b\u00e2cle ci fanno ben sperare\"<\/em>. Il riferimento al novello \"<a href=\"http:\/\/www.gossip.it\/news\/monografia.php?keyword=Star Academy\">Star Academy<\/a>\", condotto da <a href=\"http:\/\/www.gossip.it\/news\/monografia.php?keyword=Francesco Facchinetti\">Francesco Facchinetti<\/a> su <b>Rai Due<\/b>, e lo share di partenza bassino non sono casuali...<\/p>\n<p>Simona Ventura si rinnova e nel futuro vorrebbe nuove sfide: <em>\"Quando uno si separa ha un momento di confusione ma anche di grande ribellione. Io sono in una fase di ribellione creativa, sono un' adolescente di ritorno. Mi piacerebbe fare una seconda serata politicamente scorretta. Io sono sempre stata molto equidistante. Non sono n\u00e9 di sinistra n\u00e9 di destra perch\u00e9 non devo ringraziare n\u00e9 a destra n\u00e9 a sinistra per quello che ho fatto, ma solo le persone che hanno creduto in me. Ho in mente anche un reality, un format che ho visto, un reality \"pesantuccio\". Ho voglia di fare cose non dico di impegno sociale, ma un po' pi\u00f9 di sostanza\"<\/em>. E conclude: <em>\"Anche le scelte sbagliate mi sono servite, non \u00e8 che si pu\u00f2 vincere sempre\"<\/em>.<\/p>\n<p>Foto: abrahamkikapress.com \u00a9 Gossip.it<\/p>\n","protected":false},"excerpt":{"rendered":"<p>Simona Ventura \u00e8 pronta a partire con \"X-Factor\". Dal 20 ottobre inizier\u00e0 ufficialmente la sua nuova avventura a Sky Uno. \"Morgan \u00e8 eclettico, siamo davvero opposti, lui ama la musica di nicchia, io sono pi\u00f9 pop. Di Elio mi diverte il cinismo. Arisa per essere alla prima esperienza \u00e8 straordinaria. Abbiamo gusti musicali diversi, proveniamo [&hellip;]<\/p>\n","protected":false},"author":1,"featured_media":86732,"comment_status":"closed","ping_status":"closed","sticky":false,"template":"","format":"standard","meta":{"footnotes":""},"categories":[54],"tags":[2102,31670,14716,3297,3084,2408,6735,2562,5662,1934,1932,2339,35210,3595,2097,5411],"vip":[367,788,1381,1698,1826],"class_list":["post-30685","post","type-post","status-publish","format-standard","has-post-thumbnail","hentry","category-news","tag-dichiarazioni","tag-elio","tag-gossip-musica","tag-gossip-tv","tag-lisola-dei-famosi","tag-musica","tag-quelli-che-il-calcio","tag-rai","tag-rai-due","tag-reality","tag-sky","tag-sky-uno","tag-star-academy","tag-talent-show","tag-tv","tag-x-factor","vip-arisa","vip-francesco_facchinetti","vip-morgan","vip-simona_ventura","vip-victoria_cabello"],"yoast_head":"<title>Simona Ventura, per la Rai un delitto lasciar andare X-Factor - Gossip.it | News sul Gossip e VIP<\/title>\n<meta name=\"description\" content=\"Simona Ventura \u00e8 pronta a partire con &quot;X-Factor&quot;. Dal 20 ottobre inizier\u00e0 ufficialmente la sua nuova avventura a Sky Uno. &quot;Morgan \u00e8 eclettico, siamo\" \/>\n<meta name=\"robots\" content=\"index, follow, max-snippet:-1, max-image-preview:large, max-video-preview:-1\" \/>\n<link rel=\"canonical\" href=\"https:\/\/www.gossip.it\/news\/simona-ventura-per-la-rai-un-delitto-lasciar-andare-x-factor\/\" \/>\n<meta property=\"og:locale\" content=\"it_IT\" \/>\n<meta property=\"og:type\" content=\"article\" \/>\n<meta property=\"og:title\" content=\"Simona Ventura, per la Rai un delitto lasciar andare X-Factor - Gossip.it | News sul Gossip e VIP\" \/>\n<meta property=\"og:description\" content=\"Simona Ventura \u00e8 pronta a partire con &quot;X-Factor&quot;. Dal 20 ottobre inizier\u00e0 ufficialmente la sua nuova avventura a Sky Uno. &quot;Morgan \u00e8 eclettico, siamo\" \/>\n<meta property=\"og:url\" content=\"https:\/\/www.gossip.it\/news\/simona-ventura-per-la-rai-un-delitto-lasciar-andare-x-factor\/\" \/>\n<meta property=\"og:site_name\" content=\"Gossip.it | News sul Gossip e VIP\" \/>\n<meta property=\"article:publisher\" content=\"https:\/\/www.facebook.com\/GossipIT\" \/>\n<meta property=\"article:published_time\" content=\"2011-10-03T22:00:00+00:00\" \/>\n<meta property=\"og:image\" content=\"http:\/\/www.gossip.it\/images5\/1317713636_simona-ventura.jpg\" \/>\n<meta name=\"author\" content=\"La Redazione\" \/>\n<meta name=\"twitter:card\" content=\"summary_large_image\" \/>\n<meta name=\"twitter:image\" content=\"http:\/\/www.gossip.it\/images5\/1317713636_simona-ventura.jpg\" \/>\n<meta name=\"twitter:creator\" content=\"@gossinews_it\" \/>\n<meta name=\"twitter:site\" content=\"@gossinews_it\" \/>\n<meta name=\"twitter:label1\" content=\"Scritto da\" \/>\n\t<meta name=\"twitter:data1\" content=\"Annamaria Capozzi\" \/>\n\t<meta name=\"twitter:label2\" content=\"Tempo di lettura stimato\" \/>\n\t<meta name=\"twitter:data2\" content=\"2 minuti\" \/>","yoast_head_json":{"title":"Simona Ventura, per la Rai un delitto lasciar andare X-Factor - Gossip.it | News sul Gossip e VIP","description":"Simona Ventura \u00e8 pronta a partire con \"X-Factor\". Dal 20 ottobre inizier\u00e0 ufficialmente la sua nuova avventura a Sky Uno. \"Morgan \u00e8 eclettico, siamo","robots":{"index":"index","follow":"follow","max-snippet":"max-snippet:-1","max-image-preview":"max-image-preview:large","max-video-preview":"max-video-preview:-1"},"canonical":"https:\/\/www.gossip.it\/news\/simona-ventura-per-la-rai-un-delitto-lasciar-andare-x-factor\/","og_locale":"it_IT","og_type":"article","og_title":"Simona Ventura, per la Rai un delitto lasciar andare X-Factor - Gossip.it | News sul Gossip e VIP","og_description":"Simona Ventura \u00e8 pronta a partire con \"X-Factor\". Dal 20 ottobre inizier\u00e0 ufficialmente la sua nuova avventura a Sky Uno. \"Morgan \u00e8 eclettico, siamo","og_url":"https:\/\/www.gossip.it\/news\/simona-ventura-per-la-rai-un-delitto-lasciar-andare-x-factor\/","og_site_name":"Gossip.it | News sul Gossip e VIP","article_publisher":"https:\/\/www.facebook.com\/GossipIT","article_published_time":"2011-10-03T22:00:00+00:00","og_image":[{"url":"http:\/\/www.gossip.it\/images5\/1317713636_simona-ventura.jpg"}],"author":"La Redazione","twitter_card":"summary_large_image","twitter_image":"http:\/\/www.gossip.it\/images5\/1317713636_simona-ventura.jpg","twitter_creator":"@gossinews_it","twitter_site":"@gossinews_it","twitter_misc":{"Scritto da":"Annamaria Capozzi","Tempo di lettura stimato":"2 minuti"},"schema":{"@context":"https:\/\/schema.org","@graph":[{"@type":"Article","@id":"https:\/\/www.gossip.it\/news\/simona-ventura-per-la-rai-un-delitto-lasciar-andare-x-factor\/#article","isPartOf":{"@id":"https:\/\/www.gossip.it\/news\/simona-ventura-per-la-rai-un-delitto-lasciar-andare-x-factor\/"},"author":{"name":"La Redazione","@id":"https:\/\/www.gossip.it\/#\/schema\/person\/488896f75158bff1cc83c6c39d141110"},"headline":"Simona Ventura, per la Rai un delitto lasciar andare X-Factor","datePublished":"2011-10-03T22:00:00+00:00","dateModified":"2011-10-03T22:00:00+00:00","mainEntityOfPage":{"@id":"https:\/\/www.gossip.it\/news\/simona-ventura-per-la-rai-un-delitto-lasciar-andare-x-factor\/"},"wordCount":483,"publisher":{"@id":"https:\/\/www.gossip.it\/#organization"},"image":{"@id":"https:\/\/www.gossip.it\/news\/simona-ventura-per-la-rai-un-delitto-lasciar-andare-x-factor\/#primaryimage"},"thumbnailUrl":"http:\/\/www.gossip.it\/images5\/1317713636_simona-ventura.jpg","keywords":["dichiarazioni","elio","gossip musica","gossip.tv","l'isola dei famosi","musica","quelli che il calcio","rai","rai due","reality","sky","sky uno","star academy","talent show","tv","x factor"],"articleSection":["News"],"inLanguage":"it-IT"},{"@type":"WebPage","@id":"https:\/\/www.gossip.it\/news\/simona-ventura-per-la-rai-un-delitto-lasciar-andare-x-factor\/","url":"https:\/\/www.gossip.it\/news\/simona-ventura-per-la-rai-un-delitto-lasciar-andare-x-factor\/","name":"Simona Ventura, per la Rai un delitto lasciar andare X-Factor - Gossip.it | News sul Gossip e VIP","isPartOf":{"@id":"https:\/\/www.gossip.it\/#website"},"primaryImageOfPage":{"@id":"https:\/\/www.gossip.it\/news\/simona-ventura-per-la-rai-un-delitto-lasciar-andare-x-factor\/#primaryimage"},"image":{"@id":"https:\/\/www.gossip.it\/news\/simona-ventura-per-la-rai-un-delitto-lasciar-andare-x-factor\/#primaryimage"},"thumbnailUrl":"http:\/\/www.gossip.it\/images5\/1317713636_simona-ventura.jpg","datePublished":"2011-10-03T22:00:00+00:00","dateModified":"2011-10-03T22:00:00+00:00","description":"Simona Ventura \u00e8 pronta a partire con \"X-Factor\". Dal 20 ottobre inizier\u00e0 ufficialmente la sua nuova avventura a Sky Uno. \"Morgan \u00e8 eclettico, siamo","breadcrumb":{"@id":"https:\/\/www.gossip.it\/news\/simona-ventura-per-la-rai-un-delitto-lasciar-andare-x-factor\/#breadcrumb"},"inLanguage":"it-IT","potentialAction":[{"@type":"ReadAction","target":["https:\/\/www.gossip.it\/news\/simona-ventura-per-la-rai-un-delitto-lasciar-andare-x-factor\/"]}]},{"@type":"ImageObject","inLanguage":"it-IT","@id":"https:\/\/www.gossip.it\/news\/simona-ventura-per-la-rai-un-delitto-lasciar-andare-x-factor\/#primaryimage","url":"http:\/\/www.gossip.it\/images5\/1317713636_simona-ventura.jpg","contentUrl":"http:\/\/www.gossip.it\/images5\/1317713636_simona-ventura.jpg"},{"@type":"BreadcrumbList","@id":"https:\/\/www.gossip.it\/news\/simona-ventura-per-la-rai-un-delitto-lasciar-andare-x-factor\/#breadcrumb","itemListElement":[{"@type":"ListItem","position":1,"name":"Home","item":"https:\/\/www.gossip.it\/"},{"@type":"ListItem","position":2,"name":"Simona Ventura, per la Rai un delitto lasciar andare X-Factor"}]},{"@type":"WebSite","@id":"https:\/\/www.gossip.it\/#website","url":"https:\/\/www.gossip.it\/","name":"Gossip and VIP News","description":"Quotidiano di cronaca rosa, costume e societ\u00e0","publisher":{"@id":"https:\/\/www.gossip.it\/#organization"},"alternateName":"Gossip and VIP News","potentialAction":[{"@type":"SearchAction","target":{"@type":"EntryPoint","urlTemplate":"https:\/\/www.gossip.it\/?s={search_term_string}"},"query-input":{"@type":"PropertyValueSpecification","valueRequired":true,"valueName":"search_term_string"}}],"inLanguage":"it-IT"},{"@type":"Organization","@id":"https:\/\/www.gossip.it\/#organization","name":"Gossip and VIP News","alternateName":"Gossip News","url":"https:\/\/www.gossip.it\/","logo":{"@type":"ImageObject","inLanguage":"it-IT","@id":"https:\/\/www.gossip.it\/#\/schema\/logo\/image\/","url":"https:\/\/www.gossip.it\/wp-content\/uploads\/2022\/04\/cropped-corna-alta-tiny.png","contentUrl":"https:\/\/www.gossip.it\/wp-content\/uploads\/2022\/04\/cropped-corna-alta-tiny.png","width":512,"height":512,"caption":"Gossip and VIP News"},"image":{"@id":"https:\/\/www.gossip.it\/#\/schema\/logo\/image\/"},"sameAs":["https:\/\/www.facebook.com\/GossipIT","https:\/\/x.com\/gossinews_it","https:\/\/instagram.com\/gossip_it"]},{"@type":"Person","@id":"https:\/\/www.gossip.it\/#\/schema\/person\/488896f75158bff1cc83c6c39d141110","name":"La Redazione","image":{"@type":"ImageObject","inLanguage":"it-IT","@id":"https:\/\/www.gossip.it\/#\/schema\/person\/image\/","url":"https:\/\/secure.gravatar.com\/avatar\/5a5f5c6fa3e6700e4249abdad0263a1e94e927d9e0499b1cb09c1cd29c044d80?s=96&d=mm&r=g","contentUrl":"https:\/\/secure.gravatar.com\/avatar\/5a5f5c6fa3e6700e4249abdad0263a1e94e927d9e0499b1cb09c1cd29c044d80?s=96&d=mm&r=g","caption":"La Redazione"},"sameAs":["https:\/\/www.gossip.it"]}]}},"amp_enabled":true,"_links":{"self":[{"href":"https:\/\/www.gossip.it\/api\/wp\/v2\/posts\/30685","targetHints":{"allow":["GET"]}}],"collection":[{"href":"https:\/\/www.gossip.it\/api\/wp\/v2\/posts"}],"about":[{"href":"https:\/\/www.gossip.it\/api\/wp\/v2\/types\/post"}],"author":[{"embeddable":true,"href":"https:\/\/www.gossip.it\/api\/wp\/v2\/users\/1"}],"replies":[{"embeddable":true,"href":"https:\/\/www.gossip.it\/api\/wp\/v2\/comments?post=30685"}],"version-history":[{"count":0,"href":"https:\/\/www.gossip.it\/api\/wp\/v2\/posts\/30685\/revisions"}],"wp:featuredmedia":[{"embeddable":true,"href":"https:\/\/www.gossip.it\/api\/wp\/v2\/media\/86732"}],"wp:attachment":[{"href":"https:\/\/www.gossip.it\/api\/wp\/v2\/media?parent=30685"}],"wp:term":[{"taxonomy":"category","embeddable":true,"href":"https:\/\/www.gossip.it\/api\/wp\/v2\/categories?post=30685"},{"taxonomy":"post_tag","embeddable":true,"href":"https:\/\/www.gossip.it\/api\/wp\/v2\/tags?post=30685"},{"taxonomy":"vip","embeddable":true,"href":"https:\/\/www.gossip.it\/api\/wp\/v2\/vip?post=30685"}],"curies":[{"name":"wp","href":"https:\/\/api.w.org\/{rel}","templated":true}]}}