{"id":31012,"date":"2011-11-08T00:00:00","date_gmt":"2011-11-07T23:00:00","guid":{"rendered":"https:\/\/www.gossip.it\/senza-categoria\/caterina-balivo-voglio-un-programma-tutto-mio\/"},"modified":"2011-11-08T00:00:00","modified_gmt":"2011-11-07T23:00:00","slug":"caterina-balivo-voglio-un-programma-tutto-mio","status":"publish","type":"post","link":"https:\/\/www.gossip.it\/news\/caterina-balivo-voglio-un-programma-tutto-mio\/","title":{"rendered":"Caterina Balivo: &quot;Voglio un programma tutto mio&quot;"},"content":{"rendered":"<p><a href=\"http:\/\/www.gossip.it\/news\/monografia.php?keyword=Caterina Balivo\">Caterina Balivo<\/a> fino alla scorsa stagione televisiva entrava tutti i giorni nelle case degli italiani. Poi qualcosa \u00e8 cambiato e nei nuovi palinsesti sembra non esserci pi\u00f9 posto per la bella conduttrice. Almeno per il momento...<\/p>\n<p>Caterina, per\u00f2, non si butta gi\u00f9 e, durante un'intervista rilasciata ad \"Oggi\", racconta che la lontananza dal piccolo schermo non dipende da lei: <em>\"Sono stati i dirigenti Rai a decidere per me. In realt\u00e0 per la mia conduzione a 'Domenica in'  c\u2019era un contratto gi\u00e0 pronto. Che cosa devo dire?  I direttori, nel bene e nel male, fanno le loro scelte\"<\/em>. La Balivo spiega anche come mai quest'anno non \u00e8 tornata al fianco di <a href=\"http:\/\/www.gossip.it\/news\/monografia.php?keyword=Milo Infante\">Milo Infante<\/a> al \"Pomeriggio Sul Due\": <em>\"Io lavoro in Rai da pi\u00f9 di dieci anni. Ho studiato, mi sono impegnata con la mente e con il cuore per essere una brava conduttrice e credo di meritarmi un programma tutto mio. Uno spazietto non mi basta pi\u00f9\"<\/em>. Ma sono momenti che capitano e la ruota gira: <em>\"Penso che le ingiustizie facciano parte della vita. Oggi \u00e8 toccato a me, un\u2019altra volta toccher\u00e0 a qualcun altro. E poi \u00e8 meglio sparire in pieno successo, come, nel mio caso, dimostrano i dati d\u2019ascolto, che dopo un flop\"<\/em>. Non resta che rimanere in panchina: <em>\"Per ora s\u00ec, ma la mia testa \u00e8 piena di idee. Non ho la sindrome della disoccupata, anche perch\u00e9 mi immedesimo in questo problema attraverso le lettere di tanti ragazzi disperati per la mancanza di lavoro che mi scrivono sul mio blog. I disoccupati veri sono loro e non io\"<\/em>. E nonostante tutto, Caterina rimane fedele a Mamma Rai: <em>\"Sono molto legata all\u2019azienda in cui mi sono formata professionalmente e ho realizzato tanti sogni. A trentuno anni non mi pare il caso di cambiare rotta perch\u00e9 qualcuno vuole tarparmi le ali. Posso aspettare e ho fiducia in un futuro migliore nell\u2019ambito dell\u2019azienda. Certo se la situazione di stallo non si sbloccasse, mi guarderei intorno\"<\/em>.<\/p>\n<p>Riguardo alla sfera privata, la Balivo, che \u00e8 felicemente fidanzata con l'imprenditore Guido Maria Brera, afferma: <em>\"Non ritengo indispensabile il matrimonio, ma in campo sentimentale \u00e8 inutile fare previsioni a lunga scadenza. Un figlio mi piacerebbe, ma se fossi incinta eviterei di impostare una campagna pubblicitaria sul pancione come fanno parecchie donne famose. Ho apprezzato molto il comportamento riservato di <a href=\"http:\/\/www.gossip.it\/news\/monografia.php?keyword=Alessia Marcuzzi\">Alessia Marcuzzi<\/a> durante la gravidanza\"<\/em>.<\/p>\n","protected":false},"excerpt":{"rendered":"<p>Caterina Balivo fino alla scorsa stagione televisiva entrava tutti i giorni nelle case degli italiani. Poi qualcosa \u00e8 cambiato e nei nuovi palinsesti sembra non esserci pi\u00f9 posto per la bella conduttrice. Almeno per il momento... Caterina, per\u00f2, non si butta gi\u00f9 e, durante un'intervista rilasciata ad \"Oggi\", racconta che la lontananza dal piccolo schermo [&hellip;]<\/p>\n","protected":false},"author":1,"featured_media":87059,"comment_status":"closed","ping_status":"closed","sticky":false,"template":"","format":"standard","meta":{"footnotes":""},"categories":[54],"tags":[2102,4135,3297,20287,34319,2281,2097],"vip":[275,466],"class_list":["post-31012","post","type-post","status-publish","format-standard","has-post-thumbnail","hentry","category-news","tag-dichiarazioni","tag-domenica-in","tag-gossip-tv","tag-milo-infante","tag-pomeriggio-sul-due","tag-televisione","tag-tv","vip-alessia_marcuzzi","vip-caterina_balivo"],"yoast_head":"<title>Caterina Balivo: &quot;Voglio un programma tutto mio&quot; - Gossip.it | News sul Gossip e VIP<\/title>\n<meta name=\"description\" content=\"Caterina Balivo fino alla scorsa stagione televisiva entrava tutti i giorni nelle case degli italiani. Poi qualcosa \u00e8 cambiato e nei nuovi palinsesti\" \/>\n<meta name=\"robots\" content=\"index, follow, max-snippet:-1, max-image-preview:large, max-video-preview:-1\" \/>\n<link rel=\"canonical\" href=\"https:\/\/www.gossip.it\/news\/caterina-balivo-voglio-un-programma-tutto-mio\/\" \/>\n<meta property=\"og:locale\" content=\"it_IT\" \/>\n<meta property=\"og:type\" content=\"article\" \/>\n<meta property=\"og:title\" content=\"Caterina Balivo: &quot;Voglio un programma tutto mio&quot; - Gossip.it | News sul Gossip e VIP\" \/>\n<meta property=\"og:description\" content=\"Caterina Balivo fino alla scorsa stagione televisiva entrava tutti i giorni nelle case degli italiani. Poi qualcosa \u00e8 cambiato e nei nuovi palinsesti\" \/>\n<meta property=\"og:url\" content=\"https:\/\/www.gossip.it\/news\/caterina-balivo-voglio-un-programma-tutto-mio\/\" \/>\n<meta property=\"og:site_name\" content=\"Gossip.it | News sul Gossip e VIP\" \/>\n<meta property=\"article:publisher\" content=\"https:\/\/www.facebook.com\/GossipIT\" \/>\n<meta property=\"article:published_time\" content=\"2011-11-07T23:00:00+00:00\" \/>\n<meta property=\"og:image\" content=\"http:\/\/www.gossip.it\/images5\/1320749112_.jpg\" \/>\n<meta name=\"author\" content=\"La Redazione\" \/>\n<meta name=\"twitter:card\" content=\"summary_large_image\" \/>\n<meta name=\"twitter:image\" content=\"http:\/\/www.gossip.it\/images5\/1320749112_.jpg\" \/>\n<meta name=\"twitter:creator\" content=\"@gossinews_it\" \/>\n<meta name=\"twitter:site\" content=\"@gossinews_it\" \/>\n<meta name=\"twitter:label1\" content=\"Scritto da\" \/>\n\t<meta name=\"twitter:data1\" content=\"La Redazione\" \/>\n\t<meta name=\"twitter:label2\" content=\"Tempo di lettura stimato\" \/>\n\t<meta name=\"twitter:data2\" content=\"2 minuti\" \/>","yoast_head_json":{"title":"Caterina Balivo: &quot;Voglio un programma tutto mio&quot; - Gossip.it | News sul Gossip e VIP","description":"Caterina Balivo fino alla scorsa stagione televisiva entrava tutti i giorni nelle case degli italiani. Poi qualcosa \u00e8 cambiato e nei nuovi palinsesti","robots":{"index":"index","follow":"follow","max-snippet":"max-snippet:-1","max-image-preview":"max-image-preview:large","max-video-preview":"max-video-preview:-1"},"canonical":"https:\/\/www.gossip.it\/news\/caterina-balivo-voglio-un-programma-tutto-mio\/","og_locale":"it_IT","og_type":"article","og_title":"Caterina Balivo: &quot;Voglio un programma tutto mio&quot; - Gossip.it | News sul Gossip e VIP","og_description":"Caterina Balivo fino alla scorsa stagione televisiva entrava tutti i giorni nelle case degli italiani. Poi qualcosa \u00e8 cambiato e nei nuovi palinsesti","og_url":"https:\/\/www.gossip.it\/news\/caterina-balivo-voglio-un-programma-tutto-mio\/","og_site_name":"Gossip.it | News sul Gossip e VIP","article_publisher":"https:\/\/www.facebook.com\/GossipIT","article_published_time":"2011-11-07T23:00:00+00:00","og_image":[{"url":"http:\/\/www.gossip.it\/images5\/1320749112_.jpg"}],"author":"La Redazione","twitter_card":"summary_large_image","twitter_image":"http:\/\/www.gossip.it\/images5\/1320749112_.jpg","twitter_creator":"@gossinews_it","twitter_site":"@gossinews_it","twitter_misc":{"Scritto da":"La Redazione","Tempo di lettura stimato":"2 minuti"},"schema":{"@context":"https:\/\/schema.org","@graph":[{"@type":"Article","@id":"https:\/\/www.gossip.it\/news\/caterina-balivo-voglio-un-programma-tutto-mio\/#article","isPartOf":{"@id":"https:\/\/www.gossip.it\/news\/caterina-balivo-voglio-un-programma-tutto-mio\/"},"author":{"name":"La Redazione","@id":"https:\/\/www.gossip.it\/#\/schema\/person\/488896f75158bff1cc83c6c39d141110"},"headline":"Caterina Balivo: &quot;Voglio un programma tutto mio&quot;","datePublished":"2011-11-07T23:00:00+00:00","dateModified":"2011-11-07T23:00:00+00:00","mainEntityOfPage":{"@id":"https:\/\/www.gossip.it\/news\/caterina-balivo-voglio-un-programma-tutto-mio\/"},"wordCount":400,"publisher":{"@id":"https:\/\/www.gossip.it\/#organization"},"image":{"@id":"https:\/\/www.gossip.it\/news\/caterina-balivo-voglio-un-programma-tutto-mio\/#primaryimage"},"thumbnailUrl":"http:\/\/www.gossip.it\/images5\/1320749112_.jpg","keywords":["dichiarazioni","domenica in","gossip.tv","milo infante","pomeriggio sul due","televisione","tv"],"articleSection":["News"],"inLanguage":"it-IT"},{"@type":"WebPage","@id":"https:\/\/www.gossip.it\/news\/caterina-balivo-voglio-un-programma-tutto-mio\/","url":"https:\/\/www.gossip.it\/news\/caterina-balivo-voglio-un-programma-tutto-mio\/","name":"Caterina Balivo: &quot;Voglio un programma tutto mio&quot; - Gossip.it | News sul Gossip e VIP","isPartOf":{"@id":"https:\/\/www.gossip.it\/#website"},"primaryImageOfPage":{"@id":"https:\/\/www.gossip.it\/news\/caterina-balivo-voglio-un-programma-tutto-mio\/#primaryimage"},"image":{"@id":"https:\/\/www.gossip.it\/news\/caterina-balivo-voglio-un-programma-tutto-mio\/#primaryimage"},"thumbnailUrl":"http:\/\/www.gossip.it\/images5\/1320749112_.jpg","datePublished":"2011-11-07T23:00:00+00:00","dateModified":"2011-11-07T23:00:00+00:00","description":"Caterina Balivo fino alla scorsa stagione televisiva entrava tutti i giorni nelle case degli italiani. Poi qualcosa \u00e8 cambiato e nei nuovi palinsesti","breadcrumb":{"@id":"https:\/\/www.gossip.it\/news\/caterina-balivo-voglio-un-programma-tutto-mio\/#breadcrumb"},"inLanguage":"it-IT","potentialAction":[{"@type":"ReadAction","target":["https:\/\/www.gossip.it\/news\/caterina-balivo-voglio-un-programma-tutto-mio\/"]}]},{"@type":"ImageObject","inLanguage":"it-IT","@id":"https:\/\/www.gossip.it\/news\/caterina-balivo-voglio-un-programma-tutto-mio\/#primaryimage","url":"http:\/\/www.gossip.it\/images5\/1320749112_.jpg","contentUrl":"http:\/\/www.gossip.it\/images5\/1320749112_.jpg"},{"@type":"BreadcrumbList","@id":"https:\/\/www.gossip.it\/news\/caterina-balivo-voglio-un-programma-tutto-mio\/#breadcrumb","itemListElement":[{"@type":"ListItem","position":1,"name":"Home","item":"https:\/\/www.gossip.it\/"},{"@type":"ListItem","position":2,"name":"Caterina Balivo: &quot;Voglio un programma tutto mio&quot;"}]},{"@type":"WebSite","@id":"https:\/\/www.gossip.it\/#website","url":"https:\/\/www.gossip.it\/","name":"Gossip and VIP News","description":"Quotidiano di cronaca rosa, costume e societ\u00e0","publisher":{"@id":"https:\/\/www.gossip.it\/#organization"},"alternateName":"Gossip and VIP News","potentialAction":[{"@type":"SearchAction","target":{"@type":"EntryPoint","urlTemplate":"https:\/\/www.gossip.it\/?s={search_term_string}"},"query-input":{"@type":"PropertyValueSpecification","valueRequired":true,"valueName":"search_term_string"}}],"inLanguage":"it-IT"},{"@type":"Organization","@id":"https:\/\/www.gossip.it\/#organization","name":"Gossip and VIP News","alternateName":"Gossip News","url":"https:\/\/www.gossip.it\/","logo":{"@type":"ImageObject","inLanguage":"it-IT","@id":"https:\/\/www.gossip.it\/#\/schema\/logo\/image\/","url":"https:\/\/www.gossip.it\/wp-content\/uploads\/2022\/04\/cropped-corna-alta-tiny.png","contentUrl":"https:\/\/www.gossip.it\/wp-content\/uploads\/2022\/04\/cropped-corna-alta-tiny.png","width":512,"height":512,"caption":"Gossip and VIP News"},"image":{"@id":"https:\/\/www.gossip.it\/#\/schema\/logo\/image\/"},"sameAs":["https:\/\/www.facebook.com\/GossipIT","https:\/\/x.com\/gossinews_it","https:\/\/instagram.com\/gossip_it"]},{"@type":"Person","@id":"https:\/\/www.gossip.it\/#\/schema\/person\/488896f75158bff1cc83c6c39d141110","name":"La Redazione","image":{"@type":"ImageObject","inLanguage":"it-IT","@id":"https:\/\/www.gossip.it\/#\/schema\/person\/image\/","url":"https:\/\/secure.gravatar.com\/avatar\/5a5f5c6fa3e6700e4249abdad0263a1e94e927d9e0499b1cb09c1cd29c044d80?s=96&d=mm&r=g","contentUrl":"https:\/\/secure.gravatar.com\/avatar\/5a5f5c6fa3e6700e4249abdad0263a1e94e927d9e0499b1cb09c1cd29c044d80?s=96&d=mm&r=g","caption":"La Redazione"},"sameAs":["https:\/\/www.gossip.it"]}]}},"amp_enabled":true,"_links":{"self":[{"href":"https:\/\/www.gossip.it\/api\/wp\/v2\/posts\/31012","targetHints":{"allow":["GET"]}}],"collection":[{"href":"https:\/\/www.gossip.it\/api\/wp\/v2\/posts"}],"about":[{"href":"https:\/\/www.gossip.it\/api\/wp\/v2\/types\/post"}],"author":[{"embeddable":true,"href":"https:\/\/www.gossip.it\/api\/wp\/v2\/users\/1"}],"replies":[{"embeddable":true,"href":"https:\/\/www.gossip.it\/api\/wp\/v2\/comments?post=31012"}],"version-history":[{"count":0,"href":"https:\/\/www.gossip.it\/api\/wp\/v2\/posts\/31012\/revisions"}],"wp:featuredmedia":[{"embeddable":true,"href":"https:\/\/www.gossip.it\/api\/wp\/v2\/media\/87059"}],"wp:attachment":[{"href":"https:\/\/www.gossip.it\/api\/wp\/v2\/media?parent=31012"}],"wp:term":[{"taxonomy":"category","embeddable":true,"href":"https:\/\/www.gossip.it\/api\/wp\/v2\/categories?post=31012"},{"taxonomy":"post_tag","embeddable":true,"href":"https:\/\/www.gossip.it\/api\/wp\/v2\/tags?post=31012"},{"taxonomy":"vip","embeddable":true,"href":"https:\/\/www.gossip.it\/api\/wp\/v2\/vip?post=31012"}],"curies":[{"name":"wp","href":"https:\/\/api.w.org\/{rel}","templated":true}]}}