{"id":31038,"date":"2011-11-10T00:00:00","date_gmt":"2011-11-09T23:00:00","guid":{"rendered":"https:\/\/www.gossip.it\/senza-categoria\/gf-biagio-in-love-con-la-cugina-della-sua-ex\/"},"modified":"2011-11-10T00:00:00","modified_gmt":"2011-11-09T23:00:00","slug":"gf-biagio-in-love-con-la-cugina-della-sua-ex","status":"publish","type":"post","link":"https:\/\/www.gossip.it\/news\/gf-biagio-in-love-con-la-cugina-della-sua-ex\/","title":{"rendered":"GF: Biagio in love con la cugina della sua ex"},"content":{"rendered":"<p><a href=\"http:\/\/www.gossip.it\/news\/monografia.php?keyword=Biagio D'Anelli\">Biagio D'Anelli<\/a> ha partecipato alla scorsa edizione del \"Grande Fratello\". A far parlare per\u00f2 \u00e8 stata la sua tormentata storia con <a href=\"http:\/\/www.gossip.it\/news\/monografia.php?keyword=Simona Salvemini\">Simona Salvemini<\/a> che nella Casa di Cinecitt\u00e0 ci soggiorn\u00f2 qualche edizione prima. Ora la liaison tra i due \u00e8 finita ma pare che il bel Biagio sia rimasto in famiglia: come mostrano le foto pubblicate da \"Visto\" nel numero in edicola, \u00e8 stato paparazzato a Rutigliano, in provincia di Bari, insieme ad <b>Ermelinda Redavid<\/b>, una bella mora di 23 anni, nonch\u00e9 cugina proprio della Salvemini.<\/p>\n<p>D'Anelli, a proposito di questo particolare flirt, ha dichiarato: <em>\"Tre anni fa abbiamo avuto una storia e io non l'ho mai dimenticata. Lei \u00e8 bellissima e ogni volta che la vedo mi squaglio. Ora ci sitamo risentendo e vorrei che la nostra frequentazione non si interrompesse come in passato\"<\/em>. Ermelinda \u00e8 dello stesso avviso: <em>\"Speriamo di non perderlo pi\u00f9 di vista. Stavolta sar\u00e0 meno difficile, per\u00f2, perch\u00e9 io ho met\u00e0 famiglia in provincia di Bari e l'altra met\u00e0 a Milano. E Biagio, come me, vive tra la Puglia e la Lombardia. Tre anni fa la distanza ci ha portato a separarci, ma non abbiamo mai smesso di sentirci, tranne quando lui poi si \u00e8 fidanzato con Simona Salvemini\"<\/em>. Gelosa? \"<em>No. Ero felice per lui. Non l'ho pi\u00f9 sentito solo per rispetto verso Simona, <b>che \u00e8 mia cugina<\/b> di secondo grado, anche se non abbiamo rapporti. Se ci incontrassimo, ci limiteremmo a salutarci, ma non capita mai: non ci vediamo da anni. So di non esserle simpatica, forse per la mia storia passata con Biagio. A me \u00e8 sempre piaciuto, ma con lui ho un rapporto molto speciale: possiamo anche non vederci per un lungo tempo, poi per\u00f2 quando ci incontriamo, la complicit\u00e0 \u00e8 talmente intensa che va al di l\u00e0 delle storie con altre persone. Quando lui era legato a Simona, non ero infastidita, perch\u00e9 so che lei \u00e8 una brava ragazza e la loro era una storia a tutti gli effetti. Ho vissuto peggio altre sue storielle, come quelle con Giordana Sali e Pamela Compagnucci, perch\u00e8 sapevo che erano di scarsa importanza. E oggi mi domando: se non era davvero interessato a loro perch\u00e9 ci ha passato del tempo insieme?\"<\/em>. <em>\"Semplice, perch\u00e9 ancora non ti avevo ritrovato\"<\/em> ha risposto lo stesso Biagio.<\/p>\n<p>Intanto, Simona Salvemini \u00e8 andata ospite a \"Pomeriggio Cinque\" dove ha raccontato che: <em>\"Io e <a href=\"http:\/\/www.gossip.it\/news\/monografia.php?keyword=Bobo Vieri\">Bobo Vieri<\/a>? Ma no, siamo solo amici. Ricordiamoci che \u00e8 l\u2019ex fidanzato della mia migliore amica (<a href=\"http:\/\/www.gossip.it\/news\/monografia.php?keyword=Melissa Satta\">Melissa Satta<\/a>, ndr). Anche con <a href=\"http:\/\/www.gossip.it\/news\/monografia.php?keyword=Davide Lippi\">Davide Lippi<\/a> siamo solo amici, a me piace ridere e scherzare\u2026<br \/>\n Sono una ragazza con tante paranoie, mi lamento sempre del mio aspetto fisico\u2026 <b>Biagio? E\u2019 sparito, ma meglio cos\u00ec<\/b>, non era la persona adatta a me\"<\/em>. Non \u00e8 tardata ad arrivare la risposta del ragazzo: <em>\"E\u2019 incredibile che ancora oggi mi ritrovo a parlare di Simona, una persona che risale a dieci ragazze fa\"<\/em>. Ma ora nel suo cuore c'\u00e8 solo Ermelinda che, guarda caso, \u00e8 la cugina della Salvemini. Meglio di \"Beautiful\"...<\/p>\n<p>Foto:  \u00a9  Visto<\/p>\n","protected":false},"excerpt":{"rendered":"<p>Biagio D'Anelli ha partecipato alla scorsa edizione del \"Grande Fratello\". A far parlare per\u00f2 \u00e8 stata la sua tormentata storia con Simona Salvemini che nella Casa di Cinecitt\u00e0 ci soggiorn\u00f2 qualche edizione prima. Ora la liaison tra i due \u00e8 finita ma pare che il bel Biagio sia rimasto in famiglia: come mostrano le foto [&hellip;]<\/p>\n","protected":false},"author":1,"featured_media":87085,"comment_status":"closed","ping_status":"closed","sticky":false,"template":"","format":"standard","meta":{"footnotes":""},"categories":[54],"tags":[6514,35659,6631,3297,2107,35660,2128,2097],"vip":[419,1333,1697],"class_list":["post-31038","post","type-post","status-publish","format-standard","has-post-thumbnail","hentry","category-news","tag-biagio-danelli","tag-ermelinda-redavid","tag-giordana-sali","tag-gossip-tv","tag-grande-fratello","tag-pamela-compugnucci","tag-reality-show","tag-tv","vip-bobo_vieri","vip-melissa_satta","vip-simona_salvemini"],"yoast_head":"<title>GF: Biagio in love con la cugina della sua ex - Gossip.it | News sul Gossip e VIP<\/title>\n<meta name=\"description\" content=\"Biagio D&#039;Anelli ha partecipato alla scorsa edizione del &quot;Grande Fratello&quot;. A far parlare per\u00f2 \u00e8 stata la sua tormentata storia con Simona Salvemini che\" \/>\n<meta name=\"robots\" content=\"index, follow, max-snippet:-1, max-image-preview:large, max-video-preview:-1\" \/>\n<link rel=\"canonical\" href=\"https:\/\/www.gossip.it\/news\/gf-biagio-in-love-con-la-cugina-della-sua-ex\/\" \/>\n<meta property=\"og:locale\" content=\"it_IT\" \/>\n<meta property=\"og:type\" content=\"article\" \/>\n<meta property=\"og:title\" content=\"GF: Biagio in love con la cugina della sua ex - Gossip.it | News sul Gossip e VIP\" \/>\n<meta property=\"og:description\" content=\"Biagio D&#039;Anelli ha partecipato alla scorsa edizione del &quot;Grande Fratello&quot;. A far parlare per\u00f2 \u00e8 stata la sua tormentata storia con Simona Salvemini che\" \/>\n<meta property=\"og:url\" content=\"https:\/\/www.gossip.it\/news\/gf-biagio-in-love-con-la-cugina-della-sua-ex\/\" \/>\n<meta property=\"og:site_name\" content=\"Gossip.it | News sul Gossip e VIP\" \/>\n<meta property=\"article:publisher\" content=\"https:\/\/www.facebook.com\/GossipIT\" \/>\n<meta property=\"article:published_time\" content=\"2011-11-09T23:00:00+00:00\" \/>\n<meta property=\"og:image\" content=\"http:\/\/www.gossip.it\/images5\/1320922586_.jpg\" \/>\n<meta name=\"author\" content=\"La Redazione\" \/>\n<meta name=\"twitter:card\" content=\"summary_large_image\" \/>\n<meta name=\"twitter:image\" content=\"http:\/\/www.gossip.it\/images5\/1320922586_.jpg\" \/>\n<meta name=\"twitter:creator\" content=\"@gossinews_it\" \/>\n<meta name=\"twitter:site\" content=\"@gossinews_it\" \/>\n<meta name=\"twitter:label1\" content=\"Scritto da\" \/>\n\t<meta name=\"twitter:data1\" content=\"La Redazione\" \/>\n\t<meta name=\"twitter:label2\" content=\"Tempo di lettura stimato\" \/>\n\t<meta name=\"twitter:data2\" content=\"2 minuti\" \/>","yoast_head_json":{"title":"GF: Biagio in love con la cugina della sua ex - Gossip.it | News sul Gossip e VIP","description":"Biagio D'Anelli ha partecipato alla scorsa edizione del \"Grande Fratello\". A far parlare per\u00f2 \u00e8 stata la sua tormentata storia con Simona Salvemini che","robots":{"index":"index","follow":"follow","max-snippet":"max-snippet:-1","max-image-preview":"max-image-preview:large","max-video-preview":"max-video-preview:-1"},"canonical":"https:\/\/www.gossip.it\/news\/gf-biagio-in-love-con-la-cugina-della-sua-ex\/","og_locale":"it_IT","og_type":"article","og_title":"GF: Biagio in love con la cugina della sua ex - Gossip.it | News sul Gossip e VIP","og_description":"Biagio D'Anelli ha partecipato alla scorsa edizione del \"Grande Fratello\". A far parlare per\u00f2 \u00e8 stata la sua tormentata storia con Simona Salvemini che","og_url":"https:\/\/www.gossip.it\/news\/gf-biagio-in-love-con-la-cugina-della-sua-ex\/","og_site_name":"Gossip.it | News sul Gossip e VIP","article_publisher":"https:\/\/www.facebook.com\/GossipIT","article_published_time":"2011-11-09T23:00:00+00:00","og_image":[{"url":"http:\/\/www.gossip.it\/images5\/1320922586_.jpg"}],"author":"La Redazione","twitter_card":"summary_large_image","twitter_image":"http:\/\/www.gossip.it\/images5\/1320922586_.jpg","twitter_creator":"@gossinews_it","twitter_site":"@gossinews_it","twitter_misc":{"Scritto da":"La Redazione","Tempo di lettura stimato":"2 minuti"},"schema":{"@context":"https:\/\/schema.org","@graph":[{"@type":"Article","@id":"https:\/\/www.gossip.it\/news\/gf-biagio-in-love-con-la-cugina-della-sua-ex\/#article","isPartOf":{"@id":"https:\/\/www.gossip.it\/news\/gf-biagio-in-love-con-la-cugina-della-sua-ex\/"},"author":{"name":"La Redazione","@id":"https:\/\/www.gossip.it\/#\/schema\/person\/488896f75158bff1cc83c6c39d141110"},"headline":"GF: Biagio in love con la cugina della sua ex","datePublished":"2011-11-09T23:00:00+00:00","dateModified":"2011-11-09T23:00:00+00:00","mainEntityOfPage":{"@id":"https:\/\/www.gossip.it\/news\/gf-biagio-in-love-con-la-cugina-della-sua-ex\/"},"wordCount":502,"publisher":{"@id":"https:\/\/www.gossip.it\/#organization"},"image":{"@id":"https:\/\/www.gossip.it\/news\/gf-biagio-in-love-con-la-cugina-della-sua-ex\/#primaryimage"},"thumbnailUrl":"http:\/\/www.gossip.it\/images5\/1320922586_.jpg","keywords":["biagio d'anelli","ermelinda redavid","giordana sali","gossip.tv","grande fratello","pamela compugnucci","reality show","tv"],"articleSection":["News"],"inLanguage":"it-IT"},{"@type":"WebPage","@id":"https:\/\/www.gossip.it\/news\/gf-biagio-in-love-con-la-cugina-della-sua-ex\/","url":"https:\/\/www.gossip.it\/news\/gf-biagio-in-love-con-la-cugina-della-sua-ex\/","name":"GF: Biagio in love con la cugina della sua ex - Gossip.it | News sul Gossip e VIP","isPartOf":{"@id":"https:\/\/www.gossip.it\/#website"},"primaryImageOfPage":{"@id":"https:\/\/www.gossip.it\/news\/gf-biagio-in-love-con-la-cugina-della-sua-ex\/#primaryimage"},"image":{"@id":"https:\/\/www.gossip.it\/news\/gf-biagio-in-love-con-la-cugina-della-sua-ex\/#primaryimage"},"thumbnailUrl":"http:\/\/www.gossip.it\/images5\/1320922586_.jpg","datePublished":"2011-11-09T23:00:00+00:00","dateModified":"2011-11-09T23:00:00+00:00","description":"Biagio D'Anelli ha partecipato alla scorsa edizione del \"Grande Fratello\". A far parlare per\u00f2 \u00e8 stata la sua tormentata storia con Simona Salvemini che","breadcrumb":{"@id":"https:\/\/www.gossip.it\/news\/gf-biagio-in-love-con-la-cugina-della-sua-ex\/#breadcrumb"},"inLanguage":"it-IT","potentialAction":[{"@type":"ReadAction","target":["https:\/\/www.gossip.it\/news\/gf-biagio-in-love-con-la-cugina-della-sua-ex\/"]}]},{"@type":"ImageObject","inLanguage":"it-IT","@id":"https:\/\/www.gossip.it\/news\/gf-biagio-in-love-con-la-cugina-della-sua-ex\/#primaryimage","url":"http:\/\/www.gossip.it\/images5\/1320922586_.jpg","contentUrl":"http:\/\/www.gossip.it\/images5\/1320922586_.jpg"},{"@type":"BreadcrumbList","@id":"https:\/\/www.gossip.it\/news\/gf-biagio-in-love-con-la-cugina-della-sua-ex\/#breadcrumb","itemListElement":[{"@type":"ListItem","position":1,"name":"Home","item":"https:\/\/www.gossip.it\/"},{"@type":"ListItem","position":2,"name":"GF: Biagio in love con la cugina della sua ex"}]},{"@type":"WebSite","@id":"https:\/\/www.gossip.it\/#website","url":"https:\/\/www.gossip.it\/","name":"Gossip and VIP News","description":"Quotidiano di cronaca rosa, costume e societ\u00e0","publisher":{"@id":"https:\/\/www.gossip.it\/#organization"},"alternateName":"Gossip and VIP News","potentialAction":[{"@type":"SearchAction","target":{"@type":"EntryPoint","urlTemplate":"https:\/\/www.gossip.it\/?s={search_term_string}"},"query-input":{"@type":"PropertyValueSpecification","valueRequired":true,"valueName":"search_term_string"}}],"inLanguage":"it-IT"},{"@type":"Organization","@id":"https:\/\/www.gossip.it\/#organization","name":"Gossip and VIP News","alternateName":"Gossip News","url":"https:\/\/www.gossip.it\/","logo":{"@type":"ImageObject","inLanguage":"it-IT","@id":"https:\/\/www.gossip.it\/#\/schema\/logo\/image\/","url":"https:\/\/www.gossip.it\/wp-content\/uploads\/2022\/04\/cropped-corna-alta-tiny.png","contentUrl":"https:\/\/www.gossip.it\/wp-content\/uploads\/2022\/04\/cropped-corna-alta-tiny.png","width":512,"height":512,"caption":"Gossip and VIP News"},"image":{"@id":"https:\/\/www.gossip.it\/#\/schema\/logo\/image\/"},"sameAs":["https:\/\/www.facebook.com\/GossipIT","https:\/\/x.com\/gossinews_it","https:\/\/instagram.com\/gossip_it"]},{"@type":"Person","@id":"https:\/\/www.gossip.it\/#\/schema\/person\/488896f75158bff1cc83c6c39d141110","name":"La Redazione","image":{"@type":"ImageObject","inLanguage":"it-IT","@id":"https:\/\/www.gossip.it\/#\/schema\/person\/image\/","url":"https:\/\/secure.gravatar.com\/avatar\/5a5f5c6fa3e6700e4249abdad0263a1e94e927d9e0499b1cb09c1cd29c044d80?s=96&d=mm&r=g","contentUrl":"https:\/\/secure.gravatar.com\/avatar\/5a5f5c6fa3e6700e4249abdad0263a1e94e927d9e0499b1cb09c1cd29c044d80?s=96&d=mm&r=g","caption":"La Redazione"},"sameAs":["https:\/\/www.gossip.it"]}]}},"amp_enabled":true,"_links":{"self":[{"href":"https:\/\/www.gossip.it\/api\/wp\/v2\/posts\/31038","targetHints":{"allow":["GET"]}}],"collection":[{"href":"https:\/\/www.gossip.it\/api\/wp\/v2\/posts"}],"about":[{"href":"https:\/\/www.gossip.it\/api\/wp\/v2\/types\/post"}],"author":[{"embeddable":true,"href":"https:\/\/www.gossip.it\/api\/wp\/v2\/users\/1"}],"replies":[{"embeddable":true,"href":"https:\/\/www.gossip.it\/api\/wp\/v2\/comments?post=31038"}],"version-history":[{"count":0,"href":"https:\/\/www.gossip.it\/api\/wp\/v2\/posts\/31038\/revisions"}],"wp:featuredmedia":[{"embeddable":true,"href":"https:\/\/www.gossip.it\/api\/wp\/v2\/media\/87085"}],"wp:attachment":[{"href":"https:\/\/www.gossip.it\/api\/wp\/v2\/media?parent=31038"}],"wp:term":[{"taxonomy":"category","embeddable":true,"href":"https:\/\/www.gossip.it\/api\/wp\/v2\/categories?post=31038"},{"taxonomy":"post_tag","embeddable":true,"href":"https:\/\/www.gossip.it\/api\/wp\/v2\/tags?post=31038"},{"taxonomy":"vip","embeddable":true,"href":"https:\/\/www.gossip.it\/api\/wp\/v2\/vip?post=31038"}],"curies":[{"name":"wp","href":"https:\/\/api.w.org\/{rel}","templated":true}]}}