{"id":31118,"date":"2011-11-18T00:00:00","date_gmt":"2011-11-17T23:00:00","guid":{"rendered":"https:\/\/www.gossip.it\/senza-categoria\/shakira-e-gerard-pique-amore-e-famiglia\/"},"modified":"2011-11-18T00:00:00","modified_gmt":"2011-11-17T23:00:00","slug":"shakira-e-gerard-pique-amore-e-famiglia","status":"publish","type":"post","link":"https:\/\/www.gossip.it\/news\/shakira-e-gerard-pique-amore-e-famiglia\/","title":{"rendered":"Shakira e Gerard Piqu\u00e9, amore e famiglia"},"content":{"rendered":"<p><a href=\"http:\/\/www.gossip.it\/news\/monografia.php?keyword=Shakira\">Shakira<\/a> \u00e8 <em>'loca'<\/em>, s\u00ec, ma d'amore. Con <a href=\"http:\/\/www.gossip.it\/news\/monografia.php?keyword=Gerard Piqu\u00e8\">Gerard Piqu\u00e8<\/a> ha trovato l'uomo dei sogni.<br \/>\nLa <a href=\"http:\/\/www.gossip.it\/news\/monografia.php?keyword=popstar\">popstar<\/a> colombiana 33enne non si separa mai dal difensore del <b>Barcellona<\/b>. Tutti i momenti liberi i due li trascorrono insieme. E ne approfittano pure per stare in famiglia, anche se in un modo molto singolare.<\/p>\n<p>La coppia \u00e8 arrivata alla presentazione del libro del pap\u00e0 del <a href=\"http:\/\/www.gossip.it\/news\/monografia.php?keyword=calciatore\">calciatore<\/a>, <b>Joan Piqu\u00e9<\/b>, <b>\"Dos Vidas\"<\/b>. Si \u00e8 seduta in prima fila insieme agli altri membri della <em>'dinastia'<\/em> alla Casa del Libro di Barcellona e ha seguito interessata la conferenza stampa. Poi baci e abbracci e tanto affetto.<\/p>\n<p>Ormai Shakira e Gerard fanno le cose sul serio. A quando le <a href=\"http:\/\/www.gossip.it\/news\/monografia.php?keyword=nozze\">nozze<\/a>?<\/p>\n","protected":false},"excerpt":{"rendered":"<p>Shakira \u00e8 'loca', s\u00ec, ma d'amore. Con Gerard Piqu\u00e8 ha trovato l'uomo dei sogni. La popstar colombiana 33enne non si separa mai dal difensore del Barcellona. Tutti i momenti liberi i due li trascorrono insieme. E ne approfittano pure per stare in famiglia, anche se in un modo molto singolare. La coppia \u00e8 arrivata alla [&hellip;]<\/p>\n","protected":false},"author":1,"featured_media":87165,"comment_status":"closed","ping_status":"closed","sticky":false,"template":"","format":"standard","meta":{"footnotes":""},"categories":[54],"tags":[9030,2218,1981,2140,9488,14716,3620,3075,2408,2484,2682],"vip":[1680],"class_list":["post-31118","post","type-post","status-publish","format-standard","has-post-thumbnail","hentry","category-news","tag-barcellona","tag-calciatore","tag-cantante","tag-flirt","tag-gerard-pique","tag-gossip-musica","tag-gossip-sport","tag-liaison","tag-musica","tag-popstar","tag-sport","vip-shakira"],"yoast_head":"<title>Shakira e Gerard Piqu\u00e9, amore e famiglia - Gossip.it | News sul Gossip e VIP<\/title>\n<meta name=\"description\" content=\"Shakira \u00e8 &#039;loca&#039;, s\u00ec, ma d&#039;amore. Con Gerard Piqu\u00e8 ha trovato l&#039;uomo dei sogni. La popstar colombiana 33enne non si separa mai dal difensore del\" \/>\n<meta name=\"robots\" content=\"index, follow, max-snippet:-1, max-image-preview:large, max-video-preview:-1\" \/>\n<link rel=\"canonical\" href=\"https:\/\/www.gossip.it\/news\/shakira-e-gerard-pique-amore-e-famiglia\/\" \/>\n<meta property=\"og:locale\" content=\"it_IT\" \/>\n<meta property=\"og:type\" content=\"article\" \/>\n<meta property=\"og:title\" content=\"Shakira e Gerard Piqu\u00e9, amore e famiglia - Gossip.it | News sul Gossip e VIP\" \/>\n<meta property=\"og:description\" content=\"Shakira \u00e8 &#039;loca&#039;, s\u00ec, ma d&#039;amore. Con Gerard Piqu\u00e8 ha trovato l&#039;uomo dei sogni. La popstar colombiana 33enne non si separa mai dal difensore del\" \/>\n<meta property=\"og:url\" content=\"https:\/\/www.gossip.it\/news\/shakira-e-gerard-pique-amore-e-famiglia\/\" \/>\n<meta property=\"og:site_name\" content=\"Gossip.it | News sul Gossip e VIP\" \/>\n<meta property=\"article:publisher\" content=\"https:\/\/www.facebook.com\/GossipIT\" \/>\n<meta property=\"article:published_time\" content=\"2011-11-17T23:00:00+00:00\" \/>\n<meta property=\"og:image\" content=\"http:\/\/www.gossip.it\/images5\/1321615120_.jpg\" \/>\n<meta name=\"author\" content=\"La Redazione\" \/>\n<meta name=\"twitter:card\" content=\"summary_large_image\" \/>\n<meta name=\"twitter:image\" content=\"http:\/\/www.gossip.it\/images5\/1321615120_.jpg\" \/>\n<meta name=\"twitter:creator\" content=\"@gossinews_it\" \/>\n<meta name=\"twitter:site\" content=\"@gossinews_it\" \/>\n<meta name=\"twitter:label1\" content=\"Scritto da\" \/>\n\t<meta name=\"twitter:data1\" content=\"Annamaria Capozzi\" \/>\n\t<meta name=\"twitter:label2\" content=\"Tempo di lettura stimato\" \/>\n\t<meta name=\"twitter:data2\" content=\"1 minuto\" \/>","yoast_head_json":{"title":"Shakira e Gerard Piqu\u00e9, amore e famiglia - Gossip.it | News sul Gossip e VIP","description":"Shakira \u00e8 'loca', s\u00ec, ma d'amore. Con Gerard Piqu\u00e8 ha trovato l'uomo dei sogni. La popstar colombiana 33enne non si separa mai dal difensore del","robots":{"index":"index","follow":"follow","max-snippet":"max-snippet:-1","max-image-preview":"max-image-preview:large","max-video-preview":"max-video-preview:-1"},"canonical":"https:\/\/www.gossip.it\/news\/shakira-e-gerard-pique-amore-e-famiglia\/","og_locale":"it_IT","og_type":"article","og_title":"Shakira e Gerard Piqu\u00e9, amore e famiglia - Gossip.it | News sul Gossip e VIP","og_description":"Shakira \u00e8 'loca', s\u00ec, ma d'amore. Con Gerard Piqu\u00e8 ha trovato l'uomo dei sogni. La popstar colombiana 33enne non si separa mai dal difensore del","og_url":"https:\/\/www.gossip.it\/news\/shakira-e-gerard-pique-amore-e-famiglia\/","og_site_name":"Gossip.it | News sul Gossip e VIP","article_publisher":"https:\/\/www.facebook.com\/GossipIT","article_published_time":"2011-11-17T23:00:00+00:00","og_image":[{"url":"http:\/\/www.gossip.it\/images5\/1321615120_.jpg"}],"author":"La Redazione","twitter_card":"summary_large_image","twitter_image":"http:\/\/www.gossip.it\/images5\/1321615120_.jpg","twitter_creator":"@gossinews_it","twitter_site":"@gossinews_it","twitter_misc":{"Scritto da":"Annamaria Capozzi","Tempo di lettura stimato":"1 minuto"},"schema":{"@context":"https:\/\/schema.org","@graph":[{"@type":"Article","@id":"https:\/\/www.gossip.it\/news\/shakira-e-gerard-pique-amore-e-famiglia\/#article","isPartOf":{"@id":"https:\/\/www.gossip.it\/news\/shakira-e-gerard-pique-amore-e-famiglia\/"},"author":{"name":"La Redazione","@id":"https:\/\/www.gossip.it\/#\/schema\/person\/488896f75158bff1cc83c6c39d141110"},"headline":"Shakira e Gerard Piqu\u00e9, amore e famiglia","datePublished":"2011-11-17T23:00:00+00:00","dateModified":"2011-11-17T23:00:00+00:00","mainEntityOfPage":{"@id":"https:\/\/www.gossip.it\/news\/shakira-e-gerard-pique-amore-e-famiglia\/"},"wordCount":117,"publisher":{"@id":"https:\/\/www.gossip.it\/#organization"},"image":{"@id":"https:\/\/www.gossip.it\/news\/shakira-e-gerard-pique-amore-e-famiglia\/#primaryimage"},"thumbnailUrl":"http:\/\/www.gossip.it\/images5\/1321615120_.jpg","keywords":["barcellona","calciatore","cantante","flirt","gerard piqu\u00e9","gossip musica","gossip sport","liaison","musica","popstar","sport"],"articleSection":["News"],"inLanguage":"it-IT"},{"@type":"WebPage","@id":"https:\/\/www.gossip.it\/news\/shakira-e-gerard-pique-amore-e-famiglia\/","url":"https:\/\/www.gossip.it\/news\/shakira-e-gerard-pique-amore-e-famiglia\/","name":"Shakira e Gerard Piqu\u00e9, amore e famiglia - Gossip.it | News sul Gossip e VIP","isPartOf":{"@id":"https:\/\/www.gossip.it\/#website"},"primaryImageOfPage":{"@id":"https:\/\/www.gossip.it\/news\/shakira-e-gerard-pique-amore-e-famiglia\/#primaryimage"},"image":{"@id":"https:\/\/www.gossip.it\/news\/shakira-e-gerard-pique-amore-e-famiglia\/#primaryimage"},"thumbnailUrl":"http:\/\/www.gossip.it\/images5\/1321615120_.jpg","datePublished":"2011-11-17T23:00:00+00:00","dateModified":"2011-11-17T23:00:00+00:00","description":"Shakira \u00e8 'loca', s\u00ec, ma d'amore. Con Gerard Piqu\u00e8 ha trovato l'uomo dei sogni. La popstar colombiana 33enne non si separa mai dal difensore del","breadcrumb":{"@id":"https:\/\/www.gossip.it\/news\/shakira-e-gerard-pique-amore-e-famiglia\/#breadcrumb"},"inLanguage":"it-IT","potentialAction":[{"@type":"ReadAction","target":["https:\/\/www.gossip.it\/news\/shakira-e-gerard-pique-amore-e-famiglia\/"]}]},{"@type":"ImageObject","inLanguage":"it-IT","@id":"https:\/\/www.gossip.it\/news\/shakira-e-gerard-pique-amore-e-famiglia\/#primaryimage","url":"http:\/\/www.gossip.it\/images5\/1321615120_.jpg","contentUrl":"http:\/\/www.gossip.it\/images5\/1321615120_.jpg"},{"@type":"BreadcrumbList","@id":"https:\/\/www.gossip.it\/news\/shakira-e-gerard-pique-amore-e-famiglia\/#breadcrumb","itemListElement":[{"@type":"ListItem","position":1,"name":"Home","item":"https:\/\/www.gossip.it\/"},{"@type":"ListItem","position":2,"name":"Shakira e Gerard Piqu\u00e9, amore e famiglia"}]},{"@type":"WebSite","@id":"https:\/\/www.gossip.it\/#website","url":"https:\/\/www.gossip.it\/","name":"Gossip and VIP News","description":"Quotidiano di cronaca rosa, costume e societ\u00e0","publisher":{"@id":"https:\/\/www.gossip.it\/#organization"},"alternateName":"Gossip and VIP News","potentialAction":[{"@type":"SearchAction","target":{"@type":"EntryPoint","urlTemplate":"https:\/\/www.gossip.it\/?s={search_term_string}"},"query-input":{"@type":"PropertyValueSpecification","valueRequired":true,"valueName":"search_term_string"}}],"inLanguage":"it-IT"},{"@type":"Organization","@id":"https:\/\/www.gossip.it\/#organization","name":"Gossip and VIP News","alternateName":"Gossip News","url":"https:\/\/www.gossip.it\/","logo":{"@type":"ImageObject","inLanguage":"it-IT","@id":"https:\/\/www.gossip.it\/#\/schema\/logo\/image\/","url":"https:\/\/www.gossip.it\/wp-content\/uploads\/2022\/04\/cropped-corna-alta-tiny.png","contentUrl":"https:\/\/www.gossip.it\/wp-content\/uploads\/2022\/04\/cropped-corna-alta-tiny.png","width":512,"height":512,"caption":"Gossip and VIP News"},"image":{"@id":"https:\/\/www.gossip.it\/#\/schema\/logo\/image\/"},"sameAs":["https:\/\/www.facebook.com\/GossipIT","https:\/\/x.com\/gossinews_it","https:\/\/instagram.com\/gossip_it"]},{"@type":"Person","@id":"https:\/\/www.gossip.it\/#\/schema\/person\/488896f75158bff1cc83c6c39d141110","name":"La Redazione","image":{"@type":"ImageObject","inLanguage":"it-IT","@id":"https:\/\/www.gossip.it\/#\/schema\/person\/image\/","url":"https:\/\/secure.gravatar.com\/avatar\/5a5f5c6fa3e6700e4249abdad0263a1e94e927d9e0499b1cb09c1cd29c044d80?s=96&d=mm&r=g","contentUrl":"https:\/\/secure.gravatar.com\/avatar\/5a5f5c6fa3e6700e4249abdad0263a1e94e927d9e0499b1cb09c1cd29c044d80?s=96&d=mm&r=g","caption":"La Redazione"},"sameAs":["https:\/\/www.gossip.it"]}]}},"amp_enabled":true,"_links":{"self":[{"href":"https:\/\/www.gossip.it\/api\/wp\/v2\/posts\/31118","targetHints":{"allow":["GET"]}}],"collection":[{"href":"https:\/\/www.gossip.it\/api\/wp\/v2\/posts"}],"about":[{"href":"https:\/\/www.gossip.it\/api\/wp\/v2\/types\/post"}],"author":[{"embeddable":true,"href":"https:\/\/www.gossip.it\/api\/wp\/v2\/users\/1"}],"replies":[{"embeddable":true,"href":"https:\/\/www.gossip.it\/api\/wp\/v2\/comments?post=31118"}],"version-history":[{"count":0,"href":"https:\/\/www.gossip.it\/api\/wp\/v2\/posts\/31118\/revisions"}],"wp:featuredmedia":[{"embeddable":true,"href":"https:\/\/www.gossip.it\/api\/wp\/v2\/media\/87165"}],"wp:attachment":[{"href":"https:\/\/www.gossip.it\/api\/wp\/v2\/media?parent=31118"}],"wp:term":[{"taxonomy":"category","embeddable":true,"href":"https:\/\/www.gossip.it\/api\/wp\/v2\/categories?post=31118"},{"taxonomy":"post_tag","embeddable":true,"href":"https:\/\/www.gossip.it\/api\/wp\/v2\/tags?post=31118"},{"taxonomy":"vip","embeddable":true,"href":"https:\/\/www.gossip.it\/api\/wp\/v2\/vip?post=31118"}],"curies":[{"name":"wp","href":"https:\/\/api.w.org\/{rel}","templated":true}]}}