{"id":31963,"date":"2012-02-23T00:00:00","date_gmt":"2012-02-22T23:00:00","guid":{"rendered":"https:\/\/www.gossip.it\/senza-categoria\/karina-cascella-e-sasa-angelucci-crisi-superata\/"},"modified":"2012-02-23T00:00:00","modified_gmt":"2012-02-22T23:00:00","slug":"karina-cascella-e-sasa-angelucci-crisi-superata","status":"publish","type":"post","link":"https:\/\/www.gossip.it\/news\/karina-cascella-e-sasa-angelucci-crisi-superata\/","title":{"rendered":"Karina Cascella e Sas\u00e0 Angelucci, crisi superata"},"content":{"rendered":"<p>Dopo la crisi, la rottura. Sembrava finita tra <a href=\"http:\/\/www.gossip.it\/news\/monografia.php?keyword=Karina Cascella\">Karina Cascella<\/a> e <a href=\"http:\/\/www.gossip.it\/news\/monografia.php?keyword=Salvatore Angelucci\">Salvatore Angelucci<\/a>. La coppia, che ha anche una figlia, la piccola <b>Ginevra<\/b>, pareva ormai destinata all'addio.<\/p>\n<p> Karina aveva raccontato di aver preso armi e bagagli e di essere andata via di casa. Per fortuna, a starle vicino c'era la sua amica <a href=\"http:\/\/www.gossip.it\/news\/monografia.php?keyword=Guendalina Canessa\">Guendalina Canessa<\/a>: <em>\"Ho deciso di trasferirmi perch\u00e9 era impossibile rimanere ferma. Andare avanti da sola con una bambina piccola non \u00e8 semplice per nessuno. Per fortuna, per\u00f2, Guenda mi \u00e8 molto vicina e mi sta aiutando moltissimo. Gli amici veri si vedono nel momento del bisogno\"<\/em> aveva detto Karina. Il trasloco, per\u00f2, \u00e8 durato poco: proprio Guendalina ha annunciato che tra la Cascella e il suo Sas\u00e0 \u00e8 tornato il sereno. L'ex gieffina ha cinguettato sul suo profilo Twitter: <em>\"Ragazziiiiii la crisi tra Kari e Sasa' e' finitaaaaaa viva l'amore!!! \"<\/em>.<\/p>\n<p>Dopo le lacrime versate in tv (<a href=\"http:\/\/www.gossip.it\/spettacolo\/karina_cascella_parla_della_crisi_con_sasa_angelucci_a_pomeriggio_cinque_e_scoppia_in_lacrime_le_foto_sperw.html?id=7e889071736fe39ae60c957cd512838a\"><b><u>clicca qui per vedere le foto<\/u><\/b><\/a>), finalmente Karina ha ritrovato il sorriso. Almeno cos\u00ec racconta la sua amica del cuore.<\/p>\n<p>Foto: C.Mangiarotti \u00a9 Gossip.it<\/p>\n","protected":false},"excerpt":{"rendered":"<p>Dopo la crisi, la rottura. Sembrava finita tra Karina Cascella e Salvatore Angelucci. La coppia, che ha anche una figlia, la piccola Ginevra, pareva ormai destinata all'addio. Karina aveva raccontato di aver preso armi e bagagli e di essere andata via di casa. Per fortuna, a starle vicino c'era la sua amica Guendalina Canessa: \"Ho [&hellip;]<\/p>\n","protected":false},"author":1,"featured_media":88010,"comment_status":"closed","ping_status":"closed","sticky":false,"template":"","format":"standard","meta":{"footnotes":""},"categories":[54],"tags":[2188,6334,3297,27154,3680,2097,7346],"vip":[925,1038,1644],"class_list":["post-31963","post","type-post","status-publish","format-standard","has-post-thumbnail","hentry","category-news","tag-crisi","tag-gieffina","tag-gossip-tv","tag-riconciliazione","tag-rottura","tag-tv","tag-twitter","vip-guendalina_canessa","vip-karina_cascella","vip-salvatore_angelucci"],"yoast_head":"<title>Karina Cascella e Sas\u00e0 Angelucci, crisi superata - Gossip.it | News sul Gossip e VIP<\/title>\n<meta name=\"description\" content=\"Dopo la crisi, la rottura. Sembrava finita tra Karina Cascella e Salvatore Angelucci. La coppia, che ha anche una figlia, la piccola Ginevra, pareva ormai\" \/>\n<meta name=\"robots\" content=\"index, follow, max-snippet:-1, max-image-preview:large, max-video-preview:-1\" \/>\n<link rel=\"canonical\" href=\"https:\/\/www.gossip.it\/news\/karina-cascella-e-sasa-angelucci-crisi-superata\/\" \/>\n<meta property=\"og:locale\" content=\"it_IT\" \/>\n<meta property=\"og:type\" content=\"article\" \/>\n<meta property=\"og:title\" content=\"Karina Cascella e Sas\u00e0 Angelucci, crisi superata - Gossip.it | News sul Gossip e VIP\" \/>\n<meta property=\"og:description\" content=\"Dopo la crisi, la rottura. Sembrava finita tra Karina Cascella e Salvatore Angelucci. La coppia, che ha anche una figlia, la piccola Ginevra, pareva ormai\" \/>\n<meta property=\"og:url\" content=\"https:\/\/www.gossip.it\/news\/karina-cascella-e-sasa-angelucci-crisi-superata\/\" \/>\n<meta property=\"og:site_name\" content=\"Gossip.it | News sul Gossip e VIP\" \/>\n<meta property=\"article:publisher\" content=\"https:\/\/www.facebook.com\/GossipIT\" \/>\n<meta property=\"article:published_time\" content=\"2012-02-22T23:00:00+00:00\" \/>\n<meta property=\"og:image\" content=\"http:\/\/www.gossip.it\/images5\/1329995445_angelucci-cascella.jpg\" \/>\n<meta name=\"author\" content=\"La Redazione\" \/>\n<meta name=\"twitter:card\" content=\"summary_large_image\" \/>\n<meta name=\"twitter:image\" content=\"http:\/\/www.gossip.it\/images5\/1329995445_angelucci-cascella.jpg\" \/>\n<meta name=\"twitter:creator\" content=\"@gossinews_it\" \/>\n<meta name=\"twitter:site\" content=\"@gossinews_it\" \/>\n<meta name=\"twitter:label1\" content=\"Scritto da\" \/>\n\t<meta name=\"twitter:data1\" content=\"Francesca Romana Domenici\" \/>\n\t<meta name=\"twitter:label2\" content=\"Tempo di lettura stimato\" \/>\n\t<meta name=\"twitter:data2\" content=\"1 minuto\" \/>","yoast_head_json":{"title":"Karina Cascella e Sas\u00e0 Angelucci, crisi superata - Gossip.it | News sul Gossip e VIP","description":"Dopo la crisi, la rottura. Sembrava finita tra Karina Cascella e Salvatore Angelucci. La coppia, che ha anche una figlia, la piccola Ginevra, pareva ormai","robots":{"index":"index","follow":"follow","max-snippet":"max-snippet:-1","max-image-preview":"max-image-preview:large","max-video-preview":"max-video-preview:-1"},"canonical":"https:\/\/www.gossip.it\/news\/karina-cascella-e-sasa-angelucci-crisi-superata\/","og_locale":"it_IT","og_type":"article","og_title":"Karina Cascella e Sas\u00e0 Angelucci, crisi superata - Gossip.it | News sul Gossip e VIP","og_description":"Dopo la crisi, la rottura. Sembrava finita tra Karina Cascella e Salvatore Angelucci. La coppia, che ha anche una figlia, la piccola Ginevra, pareva ormai","og_url":"https:\/\/www.gossip.it\/news\/karina-cascella-e-sasa-angelucci-crisi-superata\/","og_site_name":"Gossip.it | News sul Gossip e VIP","article_publisher":"https:\/\/www.facebook.com\/GossipIT","article_published_time":"2012-02-22T23:00:00+00:00","og_image":[{"url":"http:\/\/www.gossip.it\/images5\/1329995445_angelucci-cascella.jpg"}],"author":"La Redazione","twitter_card":"summary_large_image","twitter_image":"http:\/\/www.gossip.it\/images5\/1329995445_angelucci-cascella.jpg","twitter_creator":"@gossinews_it","twitter_site":"@gossinews_it","twitter_misc":{"Scritto da":"Francesca Romana Domenici","Tempo di lettura stimato":"1 minuto"},"schema":{"@context":"https:\/\/schema.org","@graph":[{"@type":"Article","@id":"https:\/\/www.gossip.it\/news\/karina-cascella-e-sasa-angelucci-crisi-superata\/#article","isPartOf":{"@id":"https:\/\/www.gossip.it\/news\/karina-cascella-e-sasa-angelucci-crisi-superata\/"},"author":{"name":"La Redazione","@id":"https:\/\/www.gossip.it\/#\/schema\/person\/488896f75158bff1cc83c6c39d141110"},"headline":"Karina Cascella e Sas\u00e0 Angelucci, crisi superata","datePublished":"2012-02-22T23:00:00+00:00","dateModified":"2012-02-22T23:00:00+00:00","mainEntityOfPage":{"@id":"https:\/\/www.gossip.it\/news\/karina-cascella-e-sasa-angelucci-crisi-superata\/"},"wordCount":180,"publisher":{"@id":"https:\/\/www.gossip.it\/#organization"},"image":{"@id":"https:\/\/www.gossip.it\/news\/karina-cascella-e-sasa-angelucci-crisi-superata\/#primaryimage"},"thumbnailUrl":"http:\/\/www.gossip.it\/images5\/1329995445_angelucci-cascella.jpg","keywords":["crisi","gieffina","gossip.tv","riconciliazione","rottura","tv","twitter"],"articleSection":["News"],"inLanguage":"it-IT"},{"@type":"WebPage","@id":"https:\/\/www.gossip.it\/news\/karina-cascella-e-sasa-angelucci-crisi-superata\/","url":"https:\/\/www.gossip.it\/news\/karina-cascella-e-sasa-angelucci-crisi-superata\/","name":"Karina Cascella e Sas\u00e0 Angelucci, crisi superata - Gossip.it | News sul Gossip e VIP","isPartOf":{"@id":"https:\/\/www.gossip.it\/#website"},"primaryImageOfPage":{"@id":"https:\/\/www.gossip.it\/news\/karina-cascella-e-sasa-angelucci-crisi-superata\/#primaryimage"},"image":{"@id":"https:\/\/www.gossip.it\/news\/karina-cascella-e-sasa-angelucci-crisi-superata\/#primaryimage"},"thumbnailUrl":"http:\/\/www.gossip.it\/images5\/1329995445_angelucci-cascella.jpg","datePublished":"2012-02-22T23:00:00+00:00","dateModified":"2012-02-22T23:00:00+00:00","description":"Dopo la crisi, la rottura. Sembrava finita tra Karina Cascella e Salvatore Angelucci. La coppia, che ha anche una figlia, la piccola Ginevra, pareva ormai","breadcrumb":{"@id":"https:\/\/www.gossip.it\/news\/karina-cascella-e-sasa-angelucci-crisi-superata\/#breadcrumb"},"inLanguage":"it-IT","potentialAction":[{"@type":"ReadAction","target":["https:\/\/www.gossip.it\/news\/karina-cascella-e-sasa-angelucci-crisi-superata\/"]}]},{"@type":"ImageObject","inLanguage":"it-IT","@id":"https:\/\/www.gossip.it\/news\/karina-cascella-e-sasa-angelucci-crisi-superata\/#primaryimage","url":"http:\/\/www.gossip.it\/images5\/1329995445_angelucci-cascella.jpg","contentUrl":"http:\/\/www.gossip.it\/images5\/1329995445_angelucci-cascella.jpg"},{"@type":"BreadcrumbList","@id":"https:\/\/www.gossip.it\/news\/karina-cascella-e-sasa-angelucci-crisi-superata\/#breadcrumb","itemListElement":[{"@type":"ListItem","position":1,"name":"Home","item":"https:\/\/www.gossip.it\/"},{"@type":"ListItem","position":2,"name":"Karina Cascella e Sas\u00e0 Angelucci, crisi superata"}]},{"@type":"WebSite","@id":"https:\/\/www.gossip.it\/#website","url":"https:\/\/www.gossip.it\/","name":"Gossip and VIP News","description":"Quotidiano di cronaca rosa, costume e societ\u00e0","publisher":{"@id":"https:\/\/www.gossip.it\/#organization"},"alternateName":"Gossip and VIP News","potentialAction":[{"@type":"SearchAction","target":{"@type":"EntryPoint","urlTemplate":"https:\/\/www.gossip.it\/?s={search_term_string}"},"query-input":{"@type":"PropertyValueSpecification","valueRequired":true,"valueName":"search_term_string"}}],"inLanguage":"it-IT"},{"@type":"Organization","@id":"https:\/\/www.gossip.it\/#organization","name":"Gossip and VIP News","alternateName":"Gossip News","url":"https:\/\/www.gossip.it\/","logo":{"@type":"ImageObject","inLanguage":"it-IT","@id":"https:\/\/www.gossip.it\/#\/schema\/logo\/image\/","url":"https:\/\/www.gossip.it\/wp-content\/uploads\/2022\/04\/cropped-corna-alta-tiny.png","contentUrl":"https:\/\/www.gossip.it\/wp-content\/uploads\/2022\/04\/cropped-corna-alta-tiny.png","width":512,"height":512,"caption":"Gossip and VIP News"},"image":{"@id":"https:\/\/www.gossip.it\/#\/schema\/logo\/image\/"},"sameAs":["https:\/\/www.facebook.com\/GossipIT","https:\/\/x.com\/gossinews_it","https:\/\/instagram.com\/gossip_it"]},{"@type":"Person","@id":"https:\/\/www.gossip.it\/#\/schema\/person\/488896f75158bff1cc83c6c39d141110","name":"La Redazione","image":{"@type":"ImageObject","inLanguage":"it-IT","@id":"https:\/\/www.gossip.it\/#\/schema\/person\/image\/","url":"https:\/\/secure.gravatar.com\/avatar\/5a5f5c6fa3e6700e4249abdad0263a1e94e927d9e0499b1cb09c1cd29c044d80?s=96&d=mm&r=g","contentUrl":"https:\/\/secure.gravatar.com\/avatar\/5a5f5c6fa3e6700e4249abdad0263a1e94e927d9e0499b1cb09c1cd29c044d80?s=96&d=mm&r=g","caption":"La Redazione"},"sameAs":["https:\/\/www.gossip.it"]}]}},"amp_enabled":true,"_links":{"self":[{"href":"https:\/\/www.gossip.it\/api\/wp\/v2\/posts\/31963","targetHints":{"allow":["GET"]}}],"collection":[{"href":"https:\/\/www.gossip.it\/api\/wp\/v2\/posts"}],"about":[{"href":"https:\/\/www.gossip.it\/api\/wp\/v2\/types\/post"}],"author":[{"embeddable":true,"href":"https:\/\/www.gossip.it\/api\/wp\/v2\/users\/1"}],"replies":[{"embeddable":true,"href":"https:\/\/www.gossip.it\/api\/wp\/v2\/comments?post=31963"}],"version-history":[{"count":0,"href":"https:\/\/www.gossip.it\/api\/wp\/v2\/posts\/31963\/revisions"}],"wp:featuredmedia":[{"embeddable":true,"href":"https:\/\/www.gossip.it\/api\/wp\/v2\/media\/88010"}],"wp:attachment":[{"href":"https:\/\/www.gossip.it\/api\/wp\/v2\/media?parent=31963"}],"wp:term":[{"taxonomy":"category","embeddable":true,"href":"https:\/\/www.gossip.it\/api\/wp\/v2\/categories?post=31963"},{"taxonomy":"post_tag","embeddable":true,"href":"https:\/\/www.gossip.it\/api\/wp\/v2\/tags?post=31963"},{"taxonomy":"vip","embeddable":true,"href":"https:\/\/www.gossip.it\/api\/wp\/v2\/vip?post=31963"}],"curies":[{"name":"wp","href":"https:\/\/api.w.org\/{rel}","templated":true}]}}