{"id":32369,"date":"2012-04-03T00:00:00","date_gmt":"2012-04-02T22:00:00","guid":{"rendered":"https:\/\/www.gossip.it\/senza-categoria\/bar-refaeli-shopping-a-milano\/"},"modified":"2012-04-03T00:00:00","modified_gmt":"2012-04-02T22:00:00","slug":"bar-refaeli-shopping-a-milano","status":"publish","type":"post","link":"https:\/\/www.gossip.it\/news\/bar-refaeli-shopping-a-milano\/","title":{"rendered":"Bar Refaeli, shopping a Milano"},"content":{"rendered":"<p>Sar\u00e0 che non aveva un filo di trucco sul viso, sar\u00e0 per il look pi\u00f9 che <b>casual<\/b>, ma <a href=\"http:\/\/www.gossip.it\/news\/monografia.php?keyword=Bar Refaeli\">Bar Refaeli<\/a> alla vista dei fotografi si \u00e8 parecchio stranita. La supermodel tedesca \u00e8 stata pizzicata durante un pomeriggio di shopping a <b>Milano<\/b>.<\/p>\n<p>In compagnia di un amico, la bionda israeliana, in citt\u00e0 per impegni di lavoro, si \u00e8 fatta un giro per il quadrilatero della <b>moda<\/b>. Forse non si aspettava di essere riconisciuta... eppure \u00e8 ormai una celebrit\u00e0 anche nel <b>Bel Paese<\/b>. Dovrebbe saperlo.<\/p>\n<p>Le <a href=\"http:\/\/www.gossip.it\/paparazzate\/bar_refaeli_pizzicata_nel_centro_di_milano_con_look_very_casual_e_niente_make_up_foto_sperw.html?id=63b0b3a001c25a58848f09eb748005ed\"><b><u>foto di Bar senza trucco e molto casual nel centro di Milano sono<\/u><\/b><\/a> su GossipNews.<\/p>\n","protected":false},"excerpt":{"rendered":"<p>Sar\u00e0 che non aveva un filo di trucco sul viso, sar\u00e0 per il look pi\u00f9 che casual, ma Bar Refaeli alla vista dei fotografi si \u00e8 parecchio stranita. La supermodel tedesca \u00e8 stata pizzicata durante un pomeriggio di shopping a Milano. In compagnia di un amico, la bionda israeliana, in citt\u00e0 per impegni di lavoro, [&hellip;]<\/p>\n","protected":false},"author":1,"featured_media":88416,"comment_status":"closed","ping_status":"closed","sticky":false,"template":"","format":"standard","meta":{"footnotes":""},"categories":[54],"tags":[2955,9468,3458,1948,4920,1979,1997,2110,5386,7022,13021,4862],"vip":[1093],"class_list":["post-32369","post","type-post","status-publish","format-standard","has-post-thumbnail","hentry","category-news","tag-amico","tag-bar-refaeli","tag-casual","tag-ex","tag-make-up","tag-milano","tag-modella","tag-paparazzata","tag-shopping","tag-struccata","tag-supermodel","tag-trucco","vip-leonardo_di_caprio"],"yoast_head":"<title>Bar Refaeli, shopping a Milano - Gossip.it | News sul Gossip e VIP<\/title>\n<meta name=\"description\" content=\"Sar\u00e0 che non aveva un filo di trucco sul viso, sar\u00e0 per il look pi\u00f9 che casual, ma Bar Refaeli alla vista dei fotografi si \u00e8 parecchio stranita. La\" \/>\n<meta name=\"robots\" content=\"index, follow, max-snippet:-1, max-image-preview:large, max-video-preview:-1\" \/>\n<link rel=\"canonical\" href=\"https:\/\/www.gossip.it\/news\/bar-refaeli-shopping-a-milano\/\" \/>\n<meta property=\"og:locale\" content=\"it_IT\" \/>\n<meta property=\"og:type\" content=\"article\" \/>\n<meta property=\"og:title\" content=\"Bar Refaeli, shopping a Milano - Gossip.it | News sul Gossip e VIP\" \/>\n<meta property=\"og:description\" content=\"Sar\u00e0 che non aveva un filo di trucco sul viso, sar\u00e0 per il look pi\u00f9 che casual, ma Bar Refaeli alla vista dei fotografi si \u00e8 parecchio stranita. La\" \/>\n<meta property=\"og:url\" content=\"https:\/\/www.gossip.it\/news\/bar-refaeli-shopping-a-milano\/\" \/>\n<meta property=\"og:site_name\" content=\"Gossip.it | News sul Gossip e VIP\" \/>\n<meta property=\"article:publisher\" content=\"https:\/\/www.facebook.com\/GossipIT\" \/>\n<meta property=\"article:published_time\" content=\"2012-04-02T22:00:00+00:00\" \/>\n<meta property=\"og:image\" content=\"http:\/\/www.gossip.it\/images5\/1333462431_.jpg\" \/>\n<meta name=\"author\" content=\"La Redazione\" \/>\n<meta name=\"twitter:card\" content=\"summary_large_image\" \/>\n<meta name=\"twitter:image\" content=\"http:\/\/www.gossip.it\/images5\/1333462431_.jpg\" \/>\n<meta name=\"twitter:creator\" content=\"@gossinews_it\" \/>\n<meta name=\"twitter:site\" content=\"@gossinews_it\" \/>\n<meta name=\"twitter:label1\" content=\"Scritto da\" \/>\n\t<meta name=\"twitter:data1\" content=\"Edoardo Rossi\" \/>","yoast_head_json":{"title":"Bar Refaeli, shopping a Milano - Gossip.it | News sul Gossip e VIP","description":"Sar\u00e0 che non aveva un filo di trucco sul viso, sar\u00e0 per il look pi\u00f9 che casual, ma Bar Refaeli alla vista dei fotografi si \u00e8 parecchio stranita. La","robots":{"index":"index","follow":"follow","max-snippet":"max-snippet:-1","max-image-preview":"max-image-preview:large","max-video-preview":"max-video-preview:-1"},"canonical":"https:\/\/www.gossip.it\/news\/bar-refaeli-shopping-a-milano\/","og_locale":"it_IT","og_type":"article","og_title":"Bar Refaeli, shopping a Milano - Gossip.it | News sul Gossip e VIP","og_description":"Sar\u00e0 che non aveva un filo di trucco sul viso, sar\u00e0 per il look pi\u00f9 che casual, ma Bar Refaeli alla vista dei fotografi si \u00e8 parecchio stranita. La","og_url":"https:\/\/www.gossip.it\/news\/bar-refaeli-shopping-a-milano\/","og_site_name":"Gossip.it | News sul Gossip e VIP","article_publisher":"https:\/\/www.facebook.com\/GossipIT","article_published_time":"2012-04-02T22:00:00+00:00","og_image":[{"url":"http:\/\/www.gossip.it\/images5\/1333462431_.jpg"}],"author":"La Redazione","twitter_card":"summary_large_image","twitter_image":"http:\/\/www.gossip.it\/images5\/1333462431_.jpg","twitter_creator":"@gossinews_it","twitter_site":"@gossinews_it","twitter_misc":{"Scritto da":"Edoardo Rossi"},"schema":{"@context":"https:\/\/schema.org","@graph":[{"@type":"Article","@id":"https:\/\/www.gossip.it\/news\/bar-refaeli-shopping-a-milano\/#article","isPartOf":{"@id":"https:\/\/www.gossip.it\/news\/bar-refaeli-shopping-a-milano\/"},"author":{"name":"La Redazione","@id":"https:\/\/www.gossip.it\/#\/schema\/person\/488896f75158bff1cc83c6c39d141110"},"headline":"Bar Refaeli, shopping a Milano","datePublished":"2012-04-02T22:00:00+00:00","dateModified":"2012-04-02T22:00:00+00:00","mainEntityOfPage":{"@id":"https:\/\/www.gossip.it\/news\/bar-refaeli-shopping-a-milano\/"},"wordCount":100,"publisher":{"@id":"https:\/\/www.gossip.it\/#organization"},"image":{"@id":"https:\/\/www.gossip.it\/news\/bar-refaeli-shopping-a-milano\/#primaryimage"},"thumbnailUrl":"http:\/\/www.gossip.it\/images5\/1333462431_.jpg","keywords":["amico","bar refaeli","casual","ex","make up","milano","modella","paparazzata","shopping","struccata","supermodel","trucco"],"articleSection":["News"],"inLanguage":"it-IT"},{"@type":"WebPage","@id":"https:\/\/www.gossip.it\/news\/bar-refaeli-shopping-a-milano\/","url":"https:\/\/www.gossip.it\/news\/bar-refaeli-shopping-a-milano\/","name":"Bar Refaeli, shopping a Milano - Gossip.it | News sul Gossip e VIP","isPartOf":{"@id":"https:\/\/www.gossip.it\/#website"},"primaryImageOfPage":{"@id":"https:\/\/www.gossip.it\/news\/bar-refaeli-shopping-a-milano\/#primaryimage"},"image":{"@id":"https:\/\/www.gossip.it\/news\/bar-refaeli-shopping-a-milano\/#primaryimage"},"thumbnailUrl":"http:\/\/www.gossip.it\/images5\/1333462431_.jpg","datePublished":"2012-04-02T22:00:00+00:00","dateModified":"2012-04-02T22:00:00+00:00","description":"Sar\u00e0 che non aveva un filo di trucco sul viso, sar\u00e0 per il look pi\u00f9 che casual, ma Bar Refaeli alla vista dei fotografi si \u00e8 parecchio stranita. La","breadcrumb":{"@id":"https:\/\/www.gossip.it\/news\/bar-refaeli-shopping-a-milano\/#breadcrumb"},"inLanguage":"it-IT","potentialAction":[{"@type":"ReadAction","target":["https:\/\/www.gossip.it\/news\/bar-refaeli-shopping-a-milano\/"]}]},{"@type":"ImageObject","inLanguage":"it-IT","@id":"https:\/\/www.gossip.it\/news\/bar-refaeli-shopping-a-milano\/#primaryimage","url":"http:\/\/www.gossip.it\/images5\/1333462431_.jpg","contentUrl":"http:\/\/www.gossip.it\/images5\/1333462431_.jpg"},{"@type":"BreadcrumbList","@id":"https:\/\/www.gossip.it\/news\/bar-refaeli-shopping-a-milano\/#breadcrumb","itemListElement":[{"@type":"ListItem","position":1,"name":"Home","item":"https:\/\/www.gossip.it\/"},{"@type":"ListItem","position":2,"name":"Bar Refaeli, shopping a Milano"}]},{"@type":"WebSite","@id":"https:\/\/www.gossip.it\/#website","url":"https:\/\/www.gossip.it\/","name":"Gossip and VIP News","description":"Quotidiano di cronaca rosa, costume e societ\u00e0","publisher":{"@id":"https:\/\/www.gossip.it\/#organization"},"alternateName":"Gossip and VIP News","potentialAction":[{"@type":"SearchAction","target":{"@type":"EntryPoint","urlTemplate":"https:\/\/www.gossip.it\/?s={search_term_string}"},"query-input":{"@type":"PropertyValueSpecification","valueRequired":true,"valueName":"search_term_string"}}],"inLanguage":"it-IT"},{"@type":"Organization","@id":"https:\/\/www.gossip.it\/#organization","name":"Gossip and VIP News","alternateName":"Gossip News","url":"https:\/\/www.gossip.it\/","logo":{"@type":"ImageObject","inLanguage":"it-IT","@id":"https:\/\/www.gossip.it\/#\/schema\/logo\/image\/","url":"https:\/\/www.gossip.it\/wp-content\/uploads\/2022\/04\/cropped-corna-alta-tiny.png","contentUrl":"https:\/\/www.gossip.it\/wp-content\/uploads\/2022\/04\/cropped-corna-alta-tiny.png","width":512,"height":512,"caption":"Gossip and VIP News"},"image":{"@id":"https:\/\/www.gossip.it\/#\/schema\/logo\/image\/"},"sameAs":["https:\/\/www.facebook.com\/GossipIT","https:\/\/x.com\/gossinews_it","https:\/\/instagram.com\/gossip_it"]},{"@type":"Person","@id":"https:\/\/www.gossip.it\/#\/schema\/person\/488896f75158bff1cc83c6c39d141110","name":"La Redazione","image":{"@type":"ImageObject","inLanguage":"it-IT","@id":"https:\/\/www.gossip.it\/#\/schema\/person\/image\/","url":"https:\/\/secure.gravatar.com\/avatar\/5a5f5c6fa3e6700e4249abdad0263a1e94e927d9e0499b1cb09c1cd29c044d80?s=96&d=mm&r=g","contentUrl":"https:\/\/secure.gravatar.com\/avatar\/5a5f5c6fa3e6700e4249abdad0263a1e94e927d9e0499b1cb09c1cd29c044d80?s=96&d=mm&r=g","caption":"La Redazione"},"sameAs":["https:\/\/www.gossip.it"]}]}},"amp_enabled":true,"_links":{"self":[{"href":"https:\/\/www.gossip.it\/api\/wp\/v2\/posts\/32369","targetHints":{"allow":["GET"]}}],"collection":[{"href":"https:\/\/www.gossip.it\/api\/wp\/v2\/posts"}],"about":[{"href":"https:\/\/www.gossip.it\/api\/wp\/v2\/types\/post"}],"author":[{"embeddable":true,"href":"https:\/\/www.gossip.it\/api\/wp\/v2\/users\/1"}],"replies":[{"embeddable":true,"href":"https:\/\/www.gossip.it\/api\/wp\/v2\/comments?post=32369"}],"version-history":[{"count":0,"href":"https:\/\/www.gossip.it\/api\/wp\/v2\/posts\/32369\/revisions"}],"wp:featuredmedia":[{"embeddable":true,"href":"https:\/\/www.gossip.it\/api\/wp\/v2\/media\/88416"}],"wp:attachment":[{"href":"https:\/\/www.gossip.it\/api\/wp\/v2\/media?parent=32369"}],"wp:term":[{"taxonomy":"category","embeddable":true,"href":"https:\/\/www.gossip.it\/api\/wp\/v2\/categories?post=32369"},{"taxonomy":"post_tag","embeddable":true,"href":"https:\/\/www.gossip.it\/api\/wp\/v2\/tags?post=32369"},{"taxonomy":"vip","embeddable":true,"href":"https:\/\/www.gossip.it\/api\/wp\/v2\/vip?post=32369"}],"curies":[{"name":"wp","href":"https:\/\/api.w.org\/{rel}","templated":true}]}}