{"id":32393,"date":"2012-04-05T00:00:00","date_gmt":"2012-04-04T22:00:00","guid":{"rendered":"https:\/\/www.gossip.it\/senza-categoria\/sabrina-ferilli-da-lele-mora-in-carcere\/"},"modified":"2012-04-05T00:00:00","modified_gmt":"2012-04-04T22:00:00","slug":"sabrina-ferilli-da-lele-mora-in-carcere","status":"publish","type":"post","link":"https:\/\/www.gossip.it\/news\/sabrina-ferilli-da-lele-mora-in-carcere\/","title":{"rendered":"Sabrina Ferilli da Lele Mora in carcere"},"content":{"rendered":"<p>Non lo ha mai dimenticato. Si sono scritti e per il suo compleanno, <a href=\"http:\/\/www.gossip.it\/news\/monografia.php?keyword=Sabrina Ferilli\">Sabrina Ferilli<\/a> \u00e8 volata a Milano per andare a trovarlo nel carcere di <b>Opera<\/b>, dove e rinchiuso dallo scorso 20 giugno.<br \/>\nL'<a href=\"http:\/\/www.gossip.it\/news\/monografia.php?keyword=attrice\">attrice<\/a> ha varcato i cancelli della prigione insieme ai figli di <a href=\"http:\/\/www.gossip.it\/news\/monografia.php?keyword=Lele Mora\">Lele Mora<\/a>, <b>Diana<\/b>, 37 anni, e <b>Mirko<\/b>, 31, come mostrano gli scatti pubblicati da <em>Novella 2000<\/em>. L'ex agente dei vip il 31 marzo ha compiuto 57 anni. Sabrina voleva fargli personalmente gli auguri.<\/p>\n<p>Grazie a un permesso speciale concesso dal direttore del carcere, la Ferilli ha potuto parlare con Lele per un'ora. Lo ha visto dimagrito e con la barba incolta. I due si sono abbracciati, le lacrime non sono mancate.<br \/>\nMora ogni giorno guarda la tv, parla con il suo psicologo e il parroco di Opera, poi tiene la corrispondenza con gli amici pi\u00f9 cari. Purtroppo non sta bene, sente molto caldo, per fortuna ha il conforto della Madonna di Fatima che prega ogni giorno.<br \/>\nL'agente spera di ottenere al pi\u00f9 preso i domiciliari. Sabrina gli ha fatto forza. Continuer\u00e0 a stargli vicino e aiutarlo come pu\u00f2.<\/p>\n","protected":false},"excerpt":{"rendered":"<p>Non lo ha mai dimenticato. Si sono scritti e per il suo compleanno, Sabrina Ferilli \u00e8 volata a Milano per andare a trovarlo nel carcere di Opera, dove e rinchiuso dallo scorso 20 giugno. L'attrice ha varcato i cancelli della prigione insieme ai figli di Lele Mora, Diana, 37 anni, e Mirko, 31, come mostrano [&hellip;]<\/p>\n","protected":false},"author":1,"featured_media":88440,"comment_status":"closed","ping_status":"closed","sticky":false,"template":"","format":"standard","meta":{"footnotes":""},"categories":[54],"tags":[4174,1983,7308,9005,3297,19225,2964,36672,6907,2702,2097],"vip":[1091],"class_list":["post-32393","post","type-post","status-publish","format-standard","has-post-thumbnail","hentry","category-news","tag-agente","tag-attrice","tag-carcere","tag-diana","tag-gossip-tv","tag-mirko","tag-opera","tag-sabrina-felrilli","tag-scandali","tag-star","tag-tv","vip-lele_mora"],"yoast_head":"<title>Sabrina Ferilli da Lele Mora in carcere - Gossip.it | News sul Gossip e VIP<\/title>\n<meta name=\"description\" content=\"Non lo ha mai dimenticato. Si sono scritti e per il suo compleanno, Sabrina Ferilli \u00e8 volata a Milano per andare a trovarlo nel carcere di Opera, dove e\" \/>\n<meta name=\"robots\" content=\"index, follow, max-snippet:-1, max-image-preview:large, max-video-preview:-1\" \/>\n<link rel=\"canonical\" href=\"https:\/\/www.gossip.it\/news\/sabrina-ferilli-da-lele-mora-in-carcere\/\" \/>\n<meta property=\"og:locale\" content=\"it_IT\" \/>\n<meta property=\"og:type\" content=\"article\" \/>\n<meta property=\"og:title\" content=\"Sabrina Ferilli da Lele Mora in carcere - Gossip.it | News sul Gossip e VIP\" \/>\n<meta property=\"og:description\" content=\"Non lo ha mai dimenticato. Si sono scritti e per il suo compleanno, Sabrina Ferilli \u00e8 volata a Milano per andare a trovarlo nel carcere di Opera, dove e\" \/>\n<meta property=\"og:url\" content=\"https:\/\/www.gossip.it\/news\/sabrina-ferilli-da-lele-mora-in-carcere\/\" \/>\n<meta property=\"og:site_name\" content=\"Gossip.it | News sul Gossip e VIP\" \/>\n<meta property=\"article:publisher\" content=\"https:\/\/www.facebook.com\/GossipIT\" \/>\n<meta property=\"article:published_time\" content=\"2012-04-04T22:00:00+00:00\" \/>\n<meta property=\"og:image\" content=\"http:\/\/www.gossip.it\/images5\/1333624161_sabrina-ferilli.jpg\" \/>\n<meta name=\"author\" content=\"La Redazione\" \/>\n<meta name=\"twitter:card\" content=\"summary_large_image\" \/>\n<meta name=\"twitter:image\" content=\"http:\/\/www.gossip.it\/images5\/1333624161_sabrina-ferilli.jpg\" \/>\n<meta name=\"twitter:creator\" content=\"@gossinews_it\" \/>\n<meta name=\"twitter:site\" content=\"@gossinews_it\" \/>\n<meta name=\"twitter:label1\" content=\"Scritto da\" \/>\n\t<meta name=\"twitter:data1\" content=\"Annamaria Capozzi\" \/>\n\t<meta name=\"twitter:label2\" content=\"Tempo di lettura stimato\" \/>\n\t<meta name=\"twitter:data2\" content=\"1 minuto\" \/>","yoast_head_json":{"title":"Sabrina Ferilli da Lele Mora in carcere - Gossip.it | News sul Gossip e VIP","description":"Non lo ha mai dimenticato. Si sono scritti e per il suo compleanno, Sabrina Ferilli \u00e8 volata a Milano per andare a trovarlo nel carcere di Opera, dove e","robots":{"index":"index","follow":"follow","max-snippet":"max-snippet:-1","max-image-preview":"max-image-preview:large","max-video-preview":"max-video-preview:-1"},"canonical":"https:\/\/www.gossip.it\/news\/sabrina-ferilli-da-lele-mora-in-carcere\/","og_locale":"it_IT","og_type":"article","og_title":"Sabrina Ferilli da Lele Mora in carcere - Gossip.it | News sul Gossip e VIP","og_description":"Non lo ha mai dimenticato. Si sono scritti e per il suo compleanno, Sabrina Ferilli \u00e8 volata a Milano per andare a trovarlo nel carcere di Opera, dove e","og_url":"https:\/\/www.gossip.it\/news\/sabrina-ferilli-da-lele-mora-in-carcere\/","og_site_name":"Gossip.it | News sul Gossip e VIP","article_publisher":"https:\/\/www.facebook.com\/GossipIT","article_published_time":"2012-04-04T22:00:00+00:00","og_image":[{"url":"http:\/\/www.gossip.it\/images5\/1333624161_sabrina-ferilli.jpg"}],"author":"La Redazione","twitter_card":"summary_large_image","twitter_image":"http:\/\/www.gossip.it\/images5\/1333624161_sabrina-ferilli.jpg","twitter_creator":"@gossinews_it","twitter_site":"@gossinews_it","twitter_misc":{"Scritto da":"Annamaria Capozzi","Tempo di lettura stimato":"1 minuto"},"schema":{"@context":"https:\/\/schema.org","@graph":[{"@type":"Article","@id":"https:\/\/www.gossip.it\/news\/sabrina-ferilli-da-lele-mora-in-carcere\/#article","isPartOf":{"@id":"https:\/\/www.gossip.it\/news\/sabrina-ferilli-da-lele-mora-in-carcere\/"},"author":{"name":"La Redazione","@id":"https:\/\/www.gossip.it\/#\/schema\/person\/488896f75158bff1cc83c6c39d141110"},"headline":"Sabrina Ferilli da Lele Mora in carcere","datePublished":"2012-04-04T22:00:00+00:00","dateModified":"2012-04-04T22:00:00+00:00","mainEntityOfPage":{"@id":"https:\/\/www.gossip.it\/news\/sabrina-ferilli-da-lele-mora-in-carcere\/"},"wordCount":187,"publisher":{"@id":"https:\/\/www.gossip.it\/#organization"},"image":{"@id":"https:\/\/www.gossip.it\/news\/sabrina-ferilli-da-lele-mora-in-carcere\/#primaryimage"},"thumbnailUrl":"http:\/\/www.gossip.it\/images5\/1333624161_sabrina-ferilli.jpg","keywords":["agente","attrice","carcere","diana","gossip.tv","mirko","opera","sabrina felrilli","scandali","star","tv"],"articleSection":["News"],"inLanguage":"it-IT"},{"@type":"WebPage","@id":"https:\/\/www.gossip.it\/news\/sabrina-ferilli-da-lele-mora-in-carcere\/","url":"https:\/\/www.gossip.it\/news\/sabrina-ferilli-da-lele-mora-in-carcere\/","name":"Sabrina Ferilli da Lele Mora in carcere - Gossip.it | News sul Gossip e VIP","isPartOf":{"@id":"https:\/\/www.gossip.it\/#website"},"primaryImageOfPage":{"@id":"https:\/\/www.gossip.it\/news\/sabrina-ferilli-da-lele-mora-in-carcere\/#primaryimage"},"image":{"@id":"https:\/\/www.gossip.it\/news\/sabrina-ferilli-da-lele-mora-in-carcere\/#primaryimage"},"thumbnailUrl":"http:\/\/www.gossip.it\/images5\/1333624161_sabrina-ferilli.jpg","datePublished":"2012-04-04T22:00:00+00:00","dateModified":"2012-04-04T22:00:00+00:00","description":"Non lo ha mai dimenticato. Si sono scritti e per il suo compleanno, Sabrina Ferilli \u00e8 volata a Milano per andare a trovarlo nel carcere di Opera, dove e","breadcrumb":{"@id":"https:\/\/www.gossip.it\/news\/sabrina-ferilli-da-lele-mora-in-carcere\/#breadcrumb"},"inLanguage":"it-IT","potentialAction":[{"@type":"ReadAction","target":["https:\/\/www.gossip.it\/news\/sabrina-ferilli-da-lele-mora-in-carcere\/"]}]},{"@type":"ImageObject","inLanguage":"it-IT","@id":"https:\/\/www.gossip.it\/news\/sabrina-ferilli-da-lele-mora-in-carcere\/#primaryimage","url":"http:\/\/www.gossip.it\/images5\/1333624161_sabrina-ferilli.jpg","contentUrl":"http:\/\/www.gossip.it\/images5\/1333624161_sabrina-ferilli.jpg"},{"@type":"BreadcrumbList","@id":"https:\/\/www.gossip.it\/news\/sabrina-ferilli-da-lele-mora-in-carcere\/#breadcrumb","itemListElement":[{"@type":"ListItem","position":1,"name":"Home","item":"https:\/\/www.gossip.it\/"},{"@type":"ListItem","position":2,"name":"Sabrina Ferilli da Lele Mora in carcere"}]},{"@type":"WebSite","@id":"https:\/\/www.gossip.it\/#website","url":"https:\/\/www.gossip.it\/","name":"Gossip and VIP News","description":"Quotidiano di cronaca rosa, costume e societ\u00e0","publisher":{"@id":"https:\/\/www.gossip.it\/#organization"},"alternateName":"Gossip and VIP News","potentialAction":[{"@type":"SearchAction","target":{"@type":"EntryPoint","urlTemplate":"https:\/\/www.gossip.it\/?s={search_term_string}"},"query-input":{"@type":"PropertyValueSpecification","valueRequired":true,"valueName":"search_term_string"}}],"inLanguage":"it-IT"},{"@type":"Organization","@id":"https:\/\/www.gossip.it\/#organization","name":"Gossip and VIP News","alternateName":"Gossip News","url":"https:\/\/www.gossip.it\/","logo":{"@type":"ImageObject","inLanguage":"it-IT","@id":"https:\/\/www.gossip.it\/#\/schema\/logo\/image\/","url":"https:\/\/www.gossip.it\/wp-content\/uploads\/2022\/04\/cropped-corna-alta-tiny.png","contentUrl":"https:\/\/www.gossip.it\/wp-content\/uploads\/2022\/04\/cropped-corna-alta-tiny.png","width":512,"height":512,"caption":"Gossip and VIP News"},"image":{"@id":"https:\/\/www.gossip.it\/#\/schema\/logo\/image\/"},"sameAs":["https:\/\/www.facebook.com\/GossipIT","https:\/\/x.com\/gossinews_it","https:\/\/instagram.com\/gossip_it"]},{"@type":"Person","@id":"https:\/\/www.gossip.it\/#\/schema\/person\/488896f75158bff1cc83c6c39d141110","name":"La Redazione","image":{"@type":"ImageObject","inLanguage":"it-IT","@id":"https:\/\/www.gossip.it\/#\/schema\/person\/image\/","url":"https:\/\/secure.gravatar.com\/avatar\/5a5f5c6fa3e6700e4249abdad0263a1e94e927d9e0499b1cb09c1cd29c044d80?s=96&d=mm&r=g","contentUrl":"https:\/\/secure.gravatar.com\/avatar\/5a5f5c6fa3e6700e4249abdad0263a1e94e927d9e0499b1cb09c1cd29c044d80?s=96&d=mm&r=g","caption":"La Redazione"},"sameAs":["https:\/\/www.gossip.it"]}]}},"amp_enabled":true,"_links":{"self":[{"href":"https:\/\/www.gossip.it\/api\/wp\/v2\/posts\/32393","targetHints":{"allow":["GET"]}}],"collection":[{"href":"https:\/\/www.gossip.it\/api\/wp\/v2\/posts"}],"about":[{"href":"https:\/\/www.gossip.it\/api\/wp\/v2\/types\/post"}],"author":[{"embeddable":true,"href":"https:\/\/www.gossip.it\/api\/wp\/v2\/users\/1"}],"replies":[{"embeddable":true,"href":"https:\/\/www.gossip.it\/api\/wp\/v2\/comments?post=32393"}],"version-history":[{"count":0,"href":"https:\/\/www.gossip.it\/api\/wp\/v2\/posts\/32393\/revisions"}],"wp:featuredmedia":[{"embeddable":true,"href":"https:\/\/www.gossip.it\/api\/wp\/v2\/media\/88440"}],"wp:attachment":[{"href":"https:\/\/www.gossip.it\/api\/wp\/v2\/media?parent=32393"}],"wp:term":[{"taxonomy":"category","embeddable":true,"href":"https:\/\/www.gossip.it\/api\/wp\/v2\/categories?post=32393"},{"taxonomy":"post_tag","embeddable":true,"href":"https:\/\/www.gossip.it\/api\/wp\/v2\/tags?post=32393"},{"taxonomy":"vip","embeddable":true,"href":"https:\/\/www.gossip.it\/api\/wp\/v2\/vip?post=32393"}],"curies":[{"name":"wp","href":"https:\/\/api.w.org\/{rel}","templated":true}]}}