{"id":32582,"date":"2010-08-25T00:00:00","date_gmt":"2010-08-24T22:00:00","guid":{"rendered":"https:\/\/www.gossip.it\/senza-categoria\/laura-e-flavia-incantano-ostia\/"},"modified":"2010-08-25T00:00:00","modified_gmt":"2010-08-24T22:00:00","slug":"laura-e-flavia-incantano-ostia","status":"publish","type":"post","link":"https:\/\/www.gossip.it\/news\/laura-e-flavia-incantano-ostia\/","title":{"rendered":"Laura e Flavia incantano Ostia"},"content":{"rendered":"<p>L'estate sta volgendo al termine, per molti le vacanze sono finite e anche i personaggi famosi sono rientrati dalle ferie. Alcuni di loro per\u00f2 non rinunciano a trascorrere ancora qualche giornata al mare, cos\u00ec \u00e8 possibile incrociare i volti noti sul litorale laziale.<\/p>\n<p>Ieri allo stabilimento Corallo di <b>Ostia<\/b>, vicino <b>Roma<\/b>, si sono godute sole e tintarella, una splendida <a href=\"https:\/\/www.gossip.it\/news\/monografia.php?keyword=Laura Freddi\">Laura Freddi<\/a>, che ha sfoggiato un fisico mozzafiato cinto da un bikini rosa e viola, e una spumeggiante e formosa <a href=\"https:\/\/www.gossip.it\/news\/monografia.php?keyword=Flavia Vento\">Flavia Vento<\/a>. Oltre alle due biondine della televisione nostrana, era presente anche il centrocampista dell'<b>A.S. Roma<\/b> <a href=\"https:\/\/www.gossip.it\/news\/monografia.php?keyword=Taddei\">Taddei<\/a>. Il giallorosso si \u00e8 cimentato, per la gioia dei presenti, in una partita di footvolley insieme all'ex romanista <a href=\"https:\/\/www.gossip.it\/news\/monografia.php?keyword=Aldair\">Aldair<\/a>. Con loro un altro ex calciatore che ha militato nella Roma e nella Sampdoria e che oggi riveste il ruolo di commentatore a Roma Channel, <b>Alessio Scarchilli<\/b>. Nel pomeriggio, poi, ha raggiunto lo stabilimento balneare anche l'arbitro <a href=\"https:\/\/www.gossip.it\/news\/monografia.php?keyword=Stefano Farina\">Stefano Farina<\/a>.<\/p>\n<p>Una delle mete pi\u00f9 gettonate dell'estate 2010, per\u00f2, \u00e8 stata <b>Formentera<\/b>, localit\u00e0 scelta da tantissimi vip. Tra gli ultimi pizzicati sull'isola spagnola, un rilassato <a href=\"https:\/\/www.gossip.it\/news\/monografia.php?keyword=Luca Laurenti\">Luca Laurenti<\/a> che in spiaggia indossava un costume da bagno a slip bianco. Pi\u00f9 mondano <a href=\"https:\/\/www.gossip.it\/news\/monografia.php?keyword=Francesco Coco\">Francesco Coco<\/a> che, invece, \u00e8 stato avvistato  al Pachanka, nota discoteca del posto.<\/p>\n<p>Foto: MariaNovellaDeLuca028\/ Kikapress.com \u00a9 Gossip.it<\/p>\n","protected":false},"excerpt":{"rendered":"<p>L'estate sta volgendo al termine, per molti le vacanze sono finite e anche i personaggi famosi sono rientrati dalle ferie. Alcuni di loro per\u00f2 non rinunciano a trascorrere ancora qualche giornata al mare, cos\u00ec \u00e8 possibile incrociare i volti noti sul litorale laziale. Ieri allo stabilimento Corallo di Ostia, vicino Roma, si sono godute sole [&hellip;]<\/p>\n","protected":false},"author":1,"featured_media":88628,"comment_status":"closed","ping_status":"closed","sticky":false,"template":"","format":"standard","meta":{"footnotes":""},"categories":[54],"tags":[19942,2392,2622,8911,17248,3297,14829,3170,6358,1879,10314,2952,18851,2097,2978],"vip":[761,1080],"class_list":["post-32582","post","type-post","status-publish","format-standard","has-post-thumbnail","hentry","category-news","tag-aldair","tag-as-roma","tag-estate","tag-footvolley","tag-francesco-coco","tag-gossip-tv","tag-luca-laurenti","tag-mare","tag-ostia","tag-roma","tag-sampdoria","tag-spiaggia","tag-taddei","tag-tv","tag-vacanze","vip-flavia_vento","vip-laura_freddi"],"yoast_head":"<title>Laura e Flavia incantano Ostia - Gossip.it | News sul Gossip e VIP<\/title>\n<meta name=\"description\" content=\"L&#039;estate sta volgendo al termine, per molti le vacanze sono finite e anche i personaggi famosi sono rientrati dalle ferie. Alcuni di loro per\u00f2 non\" \/>\n<meta name=\"robots\" content=\"index, follow, max-snippet:-1, max-image-preview:large, max-video-preview:-1\" \/>\n<link rel=\"canonical\" href=\"https:\/\/www.gossip.it\/news\/laura-e-flavia-incantano-ostia\/\" \/>\n<meta property=\"og:locale\" content=\"it_IT\" \/>\n<meta property=\"og:type\" content=\"article\" \/>\n<meta property=\"og:title\" content=\"Laura e Flavia incantano Ostia - Gossip.it | News sul Gossip e VIP\" \/>\n<meta property=\"og:description\" content=\"L&#039;estate sta volgendo al termine, per molti le vacanze sono finite e anche i personaggi famosi sono rientrati dalle ferie. Alcuni di loro per\u00f2 non\" \/>\n<meta property=\"og:url\" content=\"https:\/\/www.gossip.it\/news\/laura-e-flavia-incantano-ostia\/\" \/>\n<meta property=\"og:site_name\" content=\"Gossip.it | News sul Gossip e VIP\" \/>\n<meta property=\"article:publisher\" content=\"https:\/\/www.facebook.com\/GossipIT\" \/>\n<meta property=\"article:published_time\" content=\"2010-08-24T22:00:00+00:00\" \/>\n<meta property=\"og:image\" content=\"https:\/\/www.gossip.it\/images5\/1282722722_laura-freddi.jpg\" \/>\n<meta name=\"author\" content=\"La Redazione\" \/>\n<meta name=\"twitter:card\" content=\"summary_large_image\" \/>\n<meta name=\"twitter:image\" content=\"https:\/\/www.gossip.it\/images5\/1282722722_laura-freddi.jpg\" \/>\n<meta name=\"twitter:creator\" content=\"@gossinews_it\" \/>\n<meta name=\"twitter:site\" content=\"@gossinews_it\" \/>\n<meta name=\"twitter:label1\" content=\"Scritto da\" \/>\n\t<meta name=\"twitter:data1\" content=\"Francesca Romana Domenici\" \/>\n\t<meta name=\"twitter:label2\" content=\"Tempo di lettura stimato\" \/>\n\t<meta name=\"twitter:data2\" content=\"1 minuto\" \/>","yoast_head_json":{"title":"Laura e Flavia incantano Ostia - Gossip.it | News sul Gossip e VIP","description":"L'estate sta volgendo al termine, per molti le vacanze sono finite e anche i personaggi famosi sono rientrati dalle ferie. Alcuni di loro per\u00f2 non","robots":{"index":"index","follow":"follow","max-snippet":"max-snippet:-1","max-image-preview":"max-image-preview:large","max-video-preview":"max-video-preview:-1"},"canonical":"https:\/\/www.gossip.it\/news\/laura-e-flavia-incantano-ostia\/","og_locale":"it_IT","og_type":"article","og_title":"Laura e Flavia incantano Ostia - Gossip.it | News sul Gossip e VIP","og_description":"L'estate sta volgendo al termine, per molti le vacanze sono finite e anche i personaggi famosi sono rientrati dalle ferie. Alcuni di loro per\u00f2 non","og_url":"https:\/\/www.gossip.it\/news\/laura-e-flavia-incantano-ostia\/","og_site_name":"Gossip.it | News sul Gossip e VIP","article_publisher":"https:\/\/www.facebook.com\/GossipIT","article_published_time":"2010-08-24T22:00:00+00:00","og_image":[{"url":"https:\/\/www.gossip.it\/images5\/1282722722_laura-freddi.jpg"}],"author":"La Redazione","twitter_card":"summary_large_image","twitter_image":"https:\/\/www.gossip.it\/images5\/1282722722_laura-freddi.jpg","twitter_creator":"@gossinews_it","twitter_site":"@gossinews_it","twitter_misc":{"Scritto da":"Francesca Romana Domenici","Tempo di lettura stimato":"1 minuto"},"schema":{"@context":"https:\/\/schema.org","@graph":[{"@type":"Article","@id":"https:\/\/www.gossip.it\/news\/laura-e-flavia-incantano-ostia\/#article","isPartOf":{"@id":"https:\/\/www.gossip.it\/news\/laura-e-flavia-incantano-ostia\/"},"author":{"name":"La Redazione","@id":"https:\/\/www.gossip.it\/#\/schema\/person\/488896f75158bff1cc83c6c39d141110"},"headline":"Laura e Flavia incantano Ostia","datePublished":"2010-08-24T22:00:00+00:00","dateModified":"2010-08-24T22:00:00+00:00","mainEntityOfPage":{"@id":"https:\/\/www.gossip.it\/news\/laura-e-flavia-incantano-ostia\/"},"wordCount":219,"publisher":{"@id":"https:\/\/www.gossip.it\/#organization"},"image":{"@id":"https:\/\/www.gossip.it\/news\/laura-e-flavia-incantano-ostia\/#primaryimage"},"thumbnailUrl":"https:\/\/www.gossip.it\/images5\/1282722722_laura-freddi.jpg","keywords":["aldair","as roma","estate","footvolley","francesco coco","gossip.tv","luca laurenti","mare","ostia","roma","sampdoria","spiaggia","Taddei","tv","vacanze"],"articleSection":["News"],"inLanguage":"it-IT"},{"@type":"WebPage","@id":"https:\/\/www.gossip.it\/news\/laura-e-flavia-incantano-ostia\/","url":"https:\/\/www.gossip.it\/news\/laura-e-flavia-incantano-ostia\/","name":"Laura e Flavia incantano Ostia - Gossip.it | News sul Gossip e VIP","isPartOf":{"@id":"https:\/\/www.gossip.it\/#website"},"primaryImageOfPage":{"@id":"https:\/\/www.gossip.it\/news\/laura-e-flavia-incantano-ostia\/#primaryimage"},"image":{"@id":"https:\/\/www.gossip.it\/news\/laura-e-flavia-incantano-ostia\/#primaryimage"},"thumbnailUrl":"https:\/\/www.gossip.it\/images5\/1282722722_laura-freddi.jpg","datePublished":"2010-08-24T22:00:00+00:00","dateModified":"2010-08-24T22:00:00+00:00","description":"L'estate sta volgendo al termine, per molti le vacanze sono finite e anche i personaggi famosi sono rientrati dalle ferie. Alcuni di loro per\u00f2 non","breadcrumb":{"@id":"https:\/\/www.gossip.it\/news\/laura-e-flavia-incantano-ostia\/#breadcrumb"},"inLanguage":"it-IT","potentialAction":[{"@type":"ReadAction","target":["https:\/\/www.gossip.it\/news\/laura-e-flavia-incantano-ostia\/"]}]},{"@type":"ImageObject","inLanguage":"it-IT","@id":"https:\/\/www.gossip.it\/news\/laura-e-flavia-incantano-ostia\/#primaryimage","url":"https:\/\/www.gossip.it\/images5\/1282722722_laura-freddi.jpg","contentUrl":"https:\/\/www.gossip.it\/images5\/1282722722_laura-freddi.jpg"},{"@type":"BreadcrumbList","@id":"https:\/\/www.gossip.it\/news\/laura-e-flavia-incantano-ostia\/#breadcrumb","itemListElement":[{"@type":"ListItem","position":1,"name":"Home","item":"https:\/\/www.gossip.it\/"},{"@type":"ListItem","position":2,"name":"Laura e Flavia incantano Ostia"}]},{"@type":"WebSite","@id":"https:\/\/www.gossip.it\/#website","url":"https:\/\/www.gossip.it\/","name":"Gossip and VIP News","description":"Quotidiano di cronaca rosa, costume e societ\u00e0","publisher":{"@id":"https:\/\/www.gossip.it\/#organization"},"alternateName":"Gossip and VIP News","potentialAction":[{"@type":"SearchAction","target":{"@type":"EntryPoint","urlTemplate":"https:\/\/www.gossip.it\/?s={search_term_string}"},"query-input":{"@type":"PropertyValueSpecification","valueRequired":true,"valueName":"search_term_string"}}],"inLanguage":"it-IT"},{"@type":"Organization","@id":"https:\/\/www.gossip.it\/#organization","name":"Gossip and VIP News","alternateName":"Gossip News","url":"https:\/\/www.gossip.it\/","logo":{"@type":"ImageObject","inLanguage":"it-IT","@id":"https:\/\/www.gossip.it\/#\/schema\/logo\/image\/","url":"https:\/\/www.gossip.it\/wp-content\/uploads\/2022\/04\/cropped-corna-alta-tiny.png","contentUrl":"https:\/\/www.gossip.it\/wp-content\/uploads\/2022\/04\/cropped-corna-alta-tiny.png","width":512,"height":512,"caption":"Gossip and VIP News"},"image":{"@id":"https:\/\/www.gossip.it\/#\/schema\/logo\/image\/"},"sameAs":["https:\/\/www.facebook.com\/GossipIT","https:\/\/x.com\/gossinews_it","https:\/\/instagram.com\/gossip_it"]},{"@type":"Person","@id":"https:\/\/www.gossip.it\/#\/schema\/person\/488896f75158bff1cc83c6c39d141110","name":"La Redazione","image":{"@type":"ImageObject","inLanguage":"it-IT","@id":"https:\/\/www.gossip.it\/#\/schema\/person\/image\/","url":"https:\/\/secure.gravatar.com\/avatar\/5a5f5c6fa3e6700e4249abdad0263a1e94e927d9e0499b1cb09c1cd29c044d80?s=96&d=mm&r=g","contentUrl":"https:\/\/secure.gravatar.com\/avatar\/5a5f5c6fa3e6700e4249abdad0263a1e94e927d9e0499b1cb09c1cd29c044d80?s=96&d=mm&r=g","caption":"La Redazione"},"sameAs":["https:\/\/www.gossip.it"]}]}},"amp_enabled":true,"_links":{"self":[{"href":"https:\/\/www.gossip.it\/api\/wp\/v2\/posts\/32582","targetHints":{"allow":["GET"]}}],"collection":[{"href":"https:\/\/www.gossip.it\/api\/wp\/v2\/posts"}],"about":[{"href":"https:\/\/www.gossip.it\/api\/wp\/v2\/types\/post"}],"author":[{"embeddable":true,"href":"https:\/\/www.gossip.it\/api\/wp\/v2\/users\/1"}],"replies":[{"embeddable":true,"href":"https:\/\/www.gossip.it\/api\/wp\/v2\/comments?post=32582"}],"version-history":[{"count":0,"href":"https:\/\/www.gossip.it\/api\/wp\/v2\/posts\/32582\/revisions"}],"wp:featuredmedia":[{"embeddable":true,"href":"https:\/\/www.gossip.it\/api\/wp\/v2\/media\/88628"}],"wp:attachment":[{"href":"https:\/\/www.gossip.it\/api\/wp\/v2\/media?parent=32582"}],"wp:term":[{"taxonomy":"category","embeddable":true,"href":"https:\/\/www.gossip.it\/api\/wp\/v2\/categories?post=32582"},{"taxonomy":"post_tag","embeddable":true,"href":"https:\/\/www.gossip.it\/api\/wp\/v2\/tags?post=32582"},{"taxonomy":"vip","embeddable":true,"href":"https:\/\/www.gossip.it\/api\/wp\/v2\/vip?post=32582"}],"curies":[{"name":"wp","href":"https:\/\/api.w.org\/{rel}","templated":true}]}}