{"id":32623,"date":"2010-09-01T00:00:00","date_gmt":"2010-08-31T22:00:00","guid":{"rendered":"https:\/\/www.gossip.it\/senza-categoria\/anna-tatangelo-contro-elio\/"},"modified":"2010-09-01T00:00:00","modified_gmt":"2010-08-31T22:00:00","slug":"anna-tatangelo-contro-elio","status":"publish","type":"post","link":"https:\/\/www.gossip.it\/news\/anna-tatangelo-contro-elio\/","title":{"rendered":"Anna Tatangelo contro Elio"},"content":{"rendered":"<p>Il sette settembre riparte il talent-show targato Rai Due, <b>\"X Factor\"<\/b>. Ma, se il gossip \u00e8 focalizzato sul conduttore <a href=\"https:\/\/www.gossip.it\/news\/monografia.php?keyword=Francesco Facchinetti\">Francesco Facchinetti<\/a>, perdutamente innamorato di <a href=\"https:\/\/www.gossip.it\/news\/monografia.php?keyword=Alessia Marcuzzi\">Alessia Marcuzzi<\/a>, le polemiche della vigilia sono alimentate da due giudici in particolare: <a href=\"https:\/\/www.gossip.it\/news\/monografia.php?keyword=Anna Tatangelo \">Anna Tatangelo <\/a>ed <b>Elio<\/b>. I due si stanno facendo la \"guerra\" dalle pagine dei giornali e, se il buongiorno si vede dal mattino, si prospettano dei siparietti niente male all'interno della trasmissione...<\/p>\n<p>Intervistato da <em>Vanity Fair<\/em> Elio, riguardo alla sua giovane collega, aveva dichiarato: <em>\"Purtroppo finora ha gi\u00e0 detto due, tre cose che mi hanno fatto rizzare i capelli in testa, e temo che non saranno le ultime. Io valuto il valore sulla base di dati oggettivi. Lei fa come <a href=\"https:\/\/www.gossip.it\/news\/monografia.php?keyword=Simona Ventura\">Simona Ventura<\/a>: giudica a pelle e questo non lo sopporto. E' un modo di fare superficiale, che mortifica, chi dall\u2019altra parte, si gioca tutto. La Tatangelo voleva bocciare un candidato perch\u00e9 cantava in falsetto e cos\u00ec ci siamo scontrati\"<\/em>. Il musicista aveva anche affermato che Anna <em>\"esprime un mondo che non mi interessa conoscere\"<\/em> e, ciliegina sulla torta, <em>\"ha 23 anni e sembra che ne abbia 37\"<\/em>. La Tatangelo per\u00f2 non ci sta e ha risposto a Elio dalle pagine dello stesso <em>Vanity Fair<\/em>: <em>\"Ci sono rimasta male. <a href=\"https:\/\/www.gossip.it\/news\/monografia.php?keyword=Mara Maionchi\">Mara Maionchi<\/a>, almeno, mi ha detto che inizialmente aveva avuto pregiudizi nei miei confronti, ma che poi, conoscendomi, aveva cambiato idea. Lui, invece, niente. E certi commenti, tipo che non comprer\u00e0 mai un mio disco, poteva risparmiarseli. Io non vado in giro dicendo che non conosco le sue canzoni\"<\/em>. Neppure una? <em>\"Solo 'La terra dei cachi', e nemmeno tutta. Elio sar\u00e0 anche bravo e simpatico, ma non conosco il suo percorso artistico: ha pi\u00f9 del doppio dei miei anni. E poi, se io con le mie valutazioni gli ho fatto rizzare i capelli, lui a me ha fatto rizzare le sopracciglia: non \u00e8 vero che sono contraria al falsetto, valuto a seconda dei casi. Finora credo di essere stata il giudice che pi\u00f9 si \u00e8 espresso tecnicamente sulle doti vocali dei partecipanti. Semmai \u00e8 Elio che ha pregiudizi e quando esamina ha un approccio sbagliato. Ha bocciato bravi cantanti solo perch\u00e9 non avevano rispettato l\u2019arrangiamento originale. E l\u2019interpretazione dove la mettiamo? E il cuore?\"<\/em>. Anna non si spiega come mai ci siano tanti pregiudizi nei suoi confronti e a tal proposito ha sottolineato: <em>\"Non saprei. La storia con <b>Gigi<\/b> \u00e8 pubblica e consolidata, abbiamo un figlio e non credo di essere l\u2019unica cantante a truccarsi un po'\"<\/em><\/em> .<\/p>\n<p>Si arriver\u00e0 a una tregua? Non resta che attendere il prossimo sette settembre!<\/p>\n<p>Foto: GianmarcoMaggiolini\/Kikapress.com \u00a9 Gossip.it<\/p>\n","protected":false},"excerpt":{"rendered":"<p>Il sette settembre riparte il talent-show targato Rai Due, \"X Factor\". Ma, se il gossip \u00e8 focalizzato sul conduttore Francesco Facchinetti, perdutamente innamorato di Alessia Marcuzzi, le polemiche della vigilia sono alimentate da due giudici in particolare: Anna Tatangelo ed Elio. I due si stanno facendo la \"guerra\" dalle pagine dei giornali e, se il [&hellip;]<\/p>\n","protected":false},"author":1,"featured_media":88669,"comment_status":"closed","ping_status":"closed","sticky":false,"template":"","format":"standard","meta":{"footnotes":""},"categories":[54],"tags":[31670,18440,14716,3297,9107,2408,3595,2097,5411],"vip":[275,337,788,1698],"class_list":["post-32623","post","type-post","status-publish","format-standard","has-post-thumbnail","hentry","category-news","tag-elio","tag-elio-e-le-storie-tese","tag-gossip-musica","tag-gossip-tv","tag-mara-maionchi","tag-musica","tag-talent-show","tag-tv","tag-x-factor","vip-alessia_marcuzzi","vip-anna_tatangelo","vip-francesco_facchinetti","vip-simona_ventura"],"yoast_head":"<title>Anna Tatangelo contro Elio - Gossip.it | News sul Gossip e VIP<\/title>\n<meta name=\"description\" content=\"Il sette settembre riparte il talent-show targato Rai Due, &quot;X Factor&quot;. Ma, se il gossip \u00e8 focalizzato sul conduttore Francesco Facchinetti, perdutamente\" \/>\n<meta name=\"robots\" content=\"index, follow, max-snippet:-1, max-image-preview:large, max-video-preview:-1\" \/>\n<link rel=\"canonical\" href=\"https:\/\/www.gossip.it\/news\/anna-tatangelo-contro-elio\/\" \/>\n<meta property=\"og:locale\" content=\"it_IT\" \/>\n<meta property=\"og:type\" content=\"article\" \/>\n<meta property=\"og:title\" content=\"Anna Tatangelo contro Elio - Gossip.it | News sul Gossip e VIP\" \/>\n<meta property=\"og:description\" content=\"Il sette settembre riparte il talent-show targato Rai Due, &quot;X Factor&quot;. Ma, se il gossip \u00e8 focalizzato sul conduttore Francesco Facchinetti, perdutamente\" \/>\n<meta property=\"og:url\" content=\"https:\/\/www.gossip.it\/news\/anna-tatangelo-contro-elio\/\" \/>\n<meta property=\"og:site_name\" content=\"Gossip.it | News sul Gossip e VIP\" \/>\n<meta property=\"article:publisher\" content=\"https:\/\/www.facebook.com\/GossipIT\" \/>\n<meta property=\"article:published_time\" content=\"2010-08-31T22:00:00+00:00\" \/>\n<meta property=\"og:image\" content=\"https:\/\/www.gossip.it\/images5\/1283325526_anna-tatangelo.jpg\" \/>\n<meta name=\"author\" content=\"La Redazione\" \/>\n<meta name=\"twitter:card\" content=\"summary_large_image\" \/>\n<meta name=\"twitter:image\" content=\"https:\/\/www.gossip.it\/images5\/1283325526_anna-tatangelo.jpg\" \/>\n<meta name=\"twitter:creator\" content=\"@gossinews_it\" \/>\n<meta name=\"twitter:site\" content=\"@gossinews_it\" \/>\n<meta name=\"twitter:label1\" content=\"Scritto da\" \/>\n\t<meta name=\"twitter:data1\" content=\"Francesca Romana Domenici\" \/>\n\t<meta name=\"twitter:label2\" content=\"Tempo di lettura stimato\" \/>\n\t<meta name=\"twitter:data2\" content=\"2 minuti\" \/>","yoast_head_json":{"title":"Anna Tatangelo contro Elio - Gossip.it | News sul Gossip e VIP","description":"Il sette settembre riparte il talent-show targato Rai Due, \"X Factor\". Ma, se il gossip \u00e8 focalizzato sul conduttore Francesco Facchinetti, perdutamente","robots":{"index":"index","follow":"follow","max-snippet":"max-snippet:-1","max-image-preview":"max-image-preview:large","max-video-preview":"max-video-preview:-1"},"canonical":"https:\/\/www.gossip.it\/news\/anna-tatangelo-contro-elio\/","og_locale":"it_IT","og_type":"article","og_title":"Anna Tatangelo contro Elio - Gossip.it | News sul Gossip e VIP","og_description":"Il sette settembre riparte il talent-show targato Rai Due, \"X Factor\". Ma, se il gossip \u00e8 focalizzato sul conduttore Francesco Facchinetti, perdutamente","og_url":"https:\/\/www.gossip.it\/news\/anna-tatangelo-contro-elio\/","og_site_name":"Gossip.it | News sul Gossip e VIP","article_publisher":"https:\/\/www.facebook.com\/GossipIT","article_published_time":"2010-08-31T22:00:00+00:00","og_image":[{"url":"https:\/\/www.gossip.it\/images5\/1283325526_anna-tatangelo.jpg"}],"author":"La Redazione","twitter_card":"summary_large_image","twitter_image":"https:\/\/www.gossip.it\/images5\/1283325526_anna-tatangelo.jpg","twitter_creator":"@gossinews_it","twitter_site":"@gossinews_it","twitter_misc":{"Scritto da":"Francesca Romana Domenici","Tempo di lettura stimato":"2 minuti"},"schema":{"@context":"https:\/\/schema.org","@graph":[{"@type":"Article","@id":"https:\/\/www.gossip.it\/news\/anna-tatangelo-contro-elio\/#article","isPartOf":{"@id":"https:\/\/www.gossip.it\/news\/anna-tatangelo-contro-elio\/"},"author":{"name":"La Redazione","@id":"https:\/\/www.gossip.it\/#\/schema\/person\/488896f75158bff1cc83c6c39d141110"},"headline":"Anna Tatangelo contro Elio","datePublished":"2010-08-31T22:00:00+00:00","dateModified":"2010-08-31T22:00:00+00:00","mainEntityOfPage":{"@id":"https:\/\/www.gossip.it\/news\/anna-tatangelo-contro-elio\/"},"wordCount":433,"publisher":{"@id":"https:\/\/www.gossip.it\/#organization"},"image":{"@id":"https:\/\/www.gossip.it\/news\/anna-tatangelo-contro-elio\/#primaryimage"},"thumbnailUrl":"https:\/\/www.gossip.it\/images5\/1283325526_anna-tatangelo.jpg","keywords":["elio","Elio e le storie tese","gossip musica","gossip.tv","mara maionchi","musica","talent show","tv","x factor"],"articleSection":["News"],"inLanguage":"it-IT"},{"@type":"WebPage","@id":"https:\/\/www.gossip.it\/news\/anna-tatangelo-contro-elio\/","url":"https:\/\/www.gossip.it\/news\/anna-tatangelo-contro-elio\/","name":"Anna Tatangelo contro Elio - Gossip.it | News sul Gossip e VIP","isPartOf":{"@id":"https:\/\/www.gossip.it\/#website"},"primaryImageOfPage":{"@id":"https:\/\/www.gossip.it\/news\/anna-tatangelo-contro-elio\/#primaryimage"},"image":{"@id":"https:\/\/www.gossip.it\/news\/anna-tatangelo-contro-elio\/#primaryimage"},"thumbnailUrl":"https:\/\/www.gossip.it\/images5\/1283325526_anna-tatangelo.jpg","datePublished":"2010-08-31T22:00:00+00:00","dateModified":"2010-08-31T22:00:00+00:00","description":"Il sette settembre riparte il talent-show targato Rai Due, \"X Factor\". Ma, se il gossip \u00e8 focalizzato sul conduttore Francesco Facchinetti, perdutamente","breadcrumb":{"@id":"https:\/\/www.gossip.it\/news\/anna-tatangelo-contro-elio\/#breadcrumb"},"inLanguage":"it-IT","potentialAction":[{"@type":"ReadAction","target":["https:\/\/www.gossip.it\/news\/anna-tatangelo-contro-elio\/"]}]},{"@type":"ImageObject","inLanguage":"it-IT","@id":"https:\/\/www.gossip.it\/news\/anna-tatangelo-contro-elio\/#primaryimage","url":"https:\/\/www.gossip.it\/images5\/1283325526_anna-tatangelo.jpg","contentUrl":"https:\/\/www.gossip.it\/images5\/1283325526_anna-tatangelo.jpg"},{"@type":"BreadcrumbList","@id":"https:\/\/www.gossip.it\/news\/anna-tatangelo-contro-elio\/#breadcrumb","itemListElement":[{"@type":"ListItem","position":1,"name":"Home","item":"https:\/\/www.gossip.it\/"},{"@type":"ListItem","position":2,"name":"Anna Tatangelo contro Elio"}]},{"@type":"WebSite","@id":"https:\/\/www.gossip.it\/#website","url":"https:\/\/www.gossip.it\/","name":"Gossip and VIP News","description":"Quotidiano di cronaca rosa, costume e societ\u00e0","publisher":{"@id":"https:\/\/www.gossip.it\/#organization"},"alternateName":"Gossip and VIP News","potentialAction":[{"@type":"SearchAction","target":{"@type":"EntryPoint","urlTemplate":"https:\/\/www.gossip.it\/?s={search_term_string}"},"query-input":{"@type":"PropertyValueSpecification","valueRequired":true,"valueName":"search_term_string"}}],"inLanguage":"it-IT"},{"@type":"Organization","@id":"https:\/\/www.gossip.it\/#organization","name":"Gossip and VIP News","alternateName":"Gossip News","url":"https:\/\/www.gossip.it\/","logo":{"@type":"ImageObject","inLanguage":"it-IT","@id":"https:\/\/www.gossip.it\/#\/schema\/logo\/image\/","url":"https:\/\/www.gossip.it\/wp-content\/uploads\/2022\/04\/cropped-corna-alta-tiny.png","contentUrl":"https:\/\/www.gossip.it\/wp-content\/uploads\/2022\/04\/cropped-corna-alta-tiny.png","width":512,"height":512,"caption":"Gossip and VIP News"},"image":{"@id":"https:\/\/www.gossip.it\/#\/schema\/logo\/image\/"},"sameAs":["https:\/\/www.facebook.com\/GossipIT","https:\/\/x.com\/gossinews_it","https:\/\/instagram.com\/gossip_it"]},{"@type":"Person","@id":"https:\/\/www.gossip.it\/#\/schema\/person\/488896f75158bff1cc83c6c39d141110","name":"La Redazione","image":{"@type":"ImageObject","inLanguage":"it-IT","@id":"https:\/\/www.gossip.it\/#\/schema\/person\/image\/","url":"https:\/\/secure.gravatar.com\/avatar\/5a5f5c6fa3e6700e4249abdad0263a1e94e927d9e0499b1cb09c1cd29c044d80?s=96&d=mm&r=g","contentUrl":"https:\/\/secure.gravatar.com\/avatar\/5a5f5c6fa3e6700e4249abdad0263a1e94e927d9e0499b1cb09c1cd29c044d80?s=96&d=mm&r=g","caption":"La Redazione"},"sameAs":["https:\/\/www.gossip.it"]}]}},"amp_enabled":true,"_links":{"self":[{"href":"https:\/\/www.gossip.it\/api\/wp\/v2\/posts\/32623","targetHints":{"allow":["GET"]}}],"collection":[{"href":"https:\/\/www.gossip.it\/api\/wp\/v2\/posts"}],"about":[{"href":"https:\/\/www.gossip.it\/api\/wp\/v2\/types\/post"}],"author":[{"embeddable":true,"href":"https:\/\/www.gossip.it\/api\/wp\/v2\/users\/1"}],"replies":[{"embeddable":true,"href":"https:\/\/www.gossip.it\/api\/wp\/v2\/comments?post=32623"}],"version-history":[{"count":0,"href":"https:\/\/www.gossip.it\/api\/wp\/v2\/posts\/32623\/revisions"}],"wp:featuredmedia":[{"embeddable":true,"href":"https:\/\/www.gossip.it\/api\/wp\/v2\/media\/88669"}],"wp:attachment":[{"href":"https:\/\/www.gossip.it\/api\/wp\/v2\/media?parent=32623"}],"wp:term":[{"taxonomy":"category","embeddable":true,"href":"https:\/\/www.gossip.it\/api\/wp\/v2\/categories?post=32623"},{"taxonomy":"post_tag","embeddable":true,"href":"https:\/\/www.gossip.it\/api\/wp\/v2\/tags?post=32623"},{"taxonomy":"vip","embeddable":true,"href":"https:\/\/www.gossip.it\/api\/wp\/v2\/vip?post=32623"}],"curies":[{"name":"wp","href":"https:\/\/api.w.org\/{rel}","templated":true}]}}