{"id":32817,"date":"2010-09-28T00:00:00","date_gmt":"2010-09-27T22:00:00","guid":{"rendered":"https:\/\/www.gossip.it\/senza-categoria\/anna-tatangelo-criticata-la-difende-il-papa\/"},"modified":"2010-09-28T00:00:00","modified_gmt":"2010-09-27T22:00:00","slug":"anna-tatangelo-criticata-la-difende-il-papa","status":"publish","type":"post","link":"https:\/\/www.gossip.it\/news\/anna-tatangelo-criticata-la-difende-il-papa\/","title":{"rendered":"Anna Tatangelo criticata? La difende il pap\u00e0..."},"content":{"rendered":"<p><a href=\"https:\/\/www.gossip.it\/news\/monografia.php?keyword=Anna Tatangelo\">Anna Tatangelo<\/a>, nonostante sia sulla cresta dell'onda da molti anni, \u00e8 giovanissima, classe 1987, e ha soli 23 anni. La sua carriera musicale, iniziata a qundici anni con il debutto a <b>Sanremo<\/b>, oggi la vede impegnata come giudice nel talent show, targato Rai Due, <b>\"X Factor\"<\/b>. Anche nella vita privata, la cantante di Sora ha bruciato le tappe: gi\u00e0 mamma del piccolo <b>Andrea<\/b>, vive un'importante storia d'amore con <a href=\"https:\/\/www.gossip.it\/news\/monografia.php?keyword=Gigi D'Alessio\">Gigi D'Alessio<\/a>. Spesso attaccata e criticata, ora, Anna viene difesa dal padre <b>Dante<\/b> che ha rilasciato un'intervista dove parla della figlia.<\/p>\n<p>L'uomo ha dichiarato a <em>Di Pi\u00f9<\/em>: <em>\"A X Factor c\u2019\u00e8 qualcuno che critica mia figlia, sostiene che \u00e8 troppo giovane per esprimere dei giudizi musicali. Altri, invece, le fanno i complimenti perch\u00e9 in pochi anni ha saputo dimostrare di avere stoffa da vendere. Quello che posso dire \u00e8 che Anna ha nel sangue lo spirito di sacrificio, lo stesso che scorre nelle mie vene\"<\/em>. Ma il signor Tatangelo ha anche detto che il vero periodo buio di Anna \u00e8 coinciso con la perdita del bimbo che aspettava da D'Alessio. La tristezza della figlia ha coinvolto tutta la famiglia ma il padre racconta come l'amore di Gigi abbia fatto superare alla ragazza quel momento cos\u00ec difficile: <em>\"Gigi D\u2019Alessio \u00e8 un genero perfetto. Mi piace perch\u00e9 ho capito col tempo che \u00e8 una persona semplice come noi Tatangelo. Non si \u00e8 mai montato la testa. Siamo una grande famiglia\"<\/em>.<\/p>\n<p>Rispetto alla sua relazione con il cantante partenopeo, la stessa Anna Tatangelo ha rilasciato delle dichiarazioni a Tgcom raccontando che la loro storia va a gonfie vele anche se tra alti e bassi: <em>\"come \u00e8 normale in una convivenza dove ci sono confronti a volte pi\u00f9 accesi, a volte meno\"<\/em>. Per quanto riguarda le sospirate nozze che tutti aspettano, la star di \"X Factor\" ha detto: <em>\"Il matrimonio? Quando Dio vorr\u00e0... per il momento ci dedichiamo a fare i genitori e a lavorare\"<\/em>.<\/p>\n<p>Foto: GianmarcoMaggiolini\/Kikapress.com \u00a9 Gossip.it<\/p>\n","protected":false},"excerpt":{"rendered":"<p>Anna Tatangelo, nonostante sia sulla cresta dell'onda da molti anni, \u00e8 giovanissima, classe 1987, e ha soli 23 anni. La sua carriera musicale, iniziata a qundici anni con il debutto a Sanremo, oggi la vede impegnata come giudice nel talent show, targato Rai Due, \"X Factor\". Anche nella vita privata, la cantante di Sora ha [&hellip;]<\/p>\n","protected":false},"author":1,"featured_media":88863,"comment_status":"closed","ping_status":"closed","sticky":false,"template":"","format":"standard","meta":{"footnotes":""},"categories":[54],"tags":[3410,37058,14716,3297,2181,1950,2408,2097,5411],"vip":[337],"class_list":["post-32817","post","type-post","status-publish","format-standard","has-post-thumbnail","hentry","category-news","tag-bambino","tag-dante-tatangelo","tag-gossip-musica","tag-gossip-tv","tag-gravidanza","tag-matrimonio","tag-musica","tag-tv","tag-x-factor","vip-anna_tatangelo"],"yoast_head":"<title>Anna Tatangelo criticata? La difende il pap\u00e0... - Gossip.it | News sul Gossip e VIP<\/title>\n<meta name=\"description\" content=\"Anna Tatangelo, nonostante sia sulla cresta dell&#039;onda da molti anni, \u00e8 giovanissima, classe 1987, e ha soli 23 anni. La sua carriera musicale, iniziata a\" \/>\n<meta name=\"robots\" content=\"index, follow, max-snippet:-1, max-image-preview:large, max-video-preview:-1\" \/>\n<link rel=\"canonical\" href=\"https:\/\/www.gossip.it\/news\/anna-tatangelo-criticata-la-difende-il-papa\/\" \/>\n<meta property=\"og:locale\" content=\"it_IT\" \/>\n<meta property=\"og:type\" content=\"article\" \/>\n<meta property=\"og:title\" content=\"Anna Tatangelo criticata? La difende il pap\u00e0... - Gossip.it | News sul Gossip e VIP\" \/>\n<meta property=\"og:description\" content=\"Anna Tatangelo, nonostante sia sulla cresta dell&#039;onda da molti anni, \u00e8 giovanissima, classe 1987, e ha soli 23 anni. La sua carriera musicale, iniziata a\" \/>\n<meta property=\"og:url\" content=\"https:\/\/www.gossip.it\/news\/anna-tatangelo-criticata-la-difende-il-papa\/\" \/>\n<meta property=\"og:site_name\" content=\"Gossip.it | News sul Gossip e VIP\" \/>\n<meta property=\"article:publisher\" content=\"https:\/\/www.facebook.com\/GossipIT\" \/>\n<meta property=\"article:published_time\" content=\"2010-09-27T22:00:00+00:00\" \/>\n<meta property=\"og:image\" content=\"https:\/\/www.gossip.it\/images5\/1285661334_anna-tatangelo.jpg\" \/>\n<meta name=\"author\" content=\"La Redazione\" \/>\n<meta name=\"twitter:card\" content=\"summary_large_image\" \/>\n<meta name=\"twitter:image\" content=\"https:\/\/www.gossip.it\/images5\/1285661334_anna-tatangelo.jpg\" \/>\n<meta name=\"twitter:creator\" content=\"@gossinews_it\" \/>\n<meta name=\"twitter:site\" content=\"@gossinews_it\" \/>\n<meta name=\"twitter:label1\" content=\"Scritto da\" \/>\n\t<meta name=\"twitter:data1\" content=\"Francesca Romana Domenici\" \/>\n\t<meta name=\"twitter:label2\" content=\"Tempo di lettura stimato\" \/>\n\t<meta name=\"twitter:data2\" content=\"2 minuti\" \/>","yoast_head_json":{"title":"Anna Tatangelo criticata? La difende il pap\u00e0... - Gossip.it | News sul Gossip e VIP","description":"Anna Tatangelo, nonostante sia sulla cresta dell'onda da molti anni, \u00e8 giovanissima, classe 1987, e ha soli 23 anni. La sua carriera musicale, iniziata a","robots":{"index":"index","follow":"follow","max-snippet":"max-snippet:-1","max-image-preview":"max-image-preview:large","max-video-preview":"max-video-preview:-1"},"canonical":"https:\/\/www.gossip.it\/news\/anna-tatangelo-criticata-la-difende-il-papa\/","og_locale":"it_IT","og_type":"article","og_title":"Anna Tatangelo criticata? La difende il pap\u00e0... - Gossip.it | News sul Gossip e VIP","og_description":"Anna Tatangelo, nonostante sia sulla cresta dell'onda da molti anni, \u00e8 giovanissima, classe 1987, e ha soli 23 anni. La sua carriera musicale, iniziata a","og_url":"https:\/\/www.gossip.it\/news\/anna-tatangelo-criticata-la-difende-il-papa\/","og_site_name":"Gossip.it | News sul Gossip e VIP","article_publisher":"https:\/\/www.facebook.com\/GossipIT","article_published_time":"2010-09-27T22:00:00+00:00","og_image":[{"url":"https:\/\/www.gossip.it\/images5\/1285661334_anna-tatangelo.jpg"}],"author":"La Redazione","twitter_card":"summary_large_image","twitter_image":"https:\/\/www.gossip.it\/images5\/1285661334_anna-tatangelo.jpg","twitter_creator":"@gossinews_it","twitter_site":"@gossinews_it","twitter_misc":{"Scritto da":"Francesca Romana Domenici","Tempo di lettura stimato":"2 minuti"},"schema":{"@context":"https:\/\/schema.org","@graph":[{"@type":"Article","@id":"https:\/\/www.gossip.it\/news\/anna-tatangelo-criticata-la-difende-il-papa\/#article","isPartOf":{"@id":"https:\/\/www.gossip.it\/news\/anna-tatangelo-criticata-la-difende-il-papa\/"},"author":{"name":"La Redazione","@id":"https:\/\/www.gossip.it\/#\/schema\/person\/488896f75158bff1cc83c6c39d141110"},"headline":"Anna Tatangelo criticata? La difende il pap\u00e0...","datePublished":"2010-09-27T22:00:00+00:00","dateModified":"2010-09-27T22:00:00+00:00","mainEntityOfPage":{"@id":"https:\/\/www.gossip.it\/news\/anna-tatangelo-criticata-la-difende-il-papa\/"},"wordCount":331,"publisher":{"@id":"https:\/\/www.gossip.it\/#organization"},"image":{"@id":"https:\/\/www.gossip.it\/news\/anna-tatangelo-criticata-la-difende-il-papa\/#primaryimage"},"thumbnailUrl":"https:\/\/www.gossip.it\/images5\/1285661334_anna-tatangelo.jpg","keywords":["bambino","dante tatangelo","gossip musica","gossip.tv","gravidanza","matrimonio","musica","tv","x factor"],"articleSection":["News"],"inLanguage":"it-IT"},{"@type":"WebPage","@id":"https:\/\/www.gossip.it\/news\/anna-tatangelo-criticata-la-difende-il-papa\/","url":"https:\/\/www.gossip.it\/news\/anna-tatangelo-criticata-la-difende-il-papa\/","name":"Anna Tatangelo criticata? La difende il pap\u00e0... - Gossip.it | News sul Gossip e VIP","isPartOf":{"@id":"https:\/\/www.gossip.it\/#website"},"primaryImageOfPage":{"@id":"https:\/\/www.gossip.it\/news\/anna-tatangelo-criticata-la-difende-il-papa\/#primaryimage"},"image":{"@id":"https:\/\/www.gossip.it\/news\/anna-tatangelo-criticata-la-difende-il-papa\/#primaryimage"},"thumbnailUrl":"https:\/\/www.gossip.it\/images5\/1285661334_anna-tatangelo.jpg","datePublished":"2010-09-27T22:00:00+00:00","dateModified":"2010-09-27T22:00:00+00:00","description":"Anna Tatangelo, nonostante sia sulla cresta dell'onda da molti anni, \u00e8 giovanissima, classe 1987, e ha soli 23 anni. La sua carriera musicale, iniziata a","breadcrumb":{"@id":"https:\/\/www.gossip.it\/news\/anna-tatangelo-criticata-la-difende-il-papa\/#breadcrumb"},"inLanguage":"it-IT","potentialAction":[{"@type":"ReadAction","target":["https:\/\/www.gossip.it\/news\/anna-tatangelo-criticata-la-difende-il-papa\/"]}]},{"@type":"ImageObject","inLanguage":"it-IT","@id":"https:\/\/www.gossip.it\/news\/anna-tatangelo-criticata-la-difende-il-papa\/#primaryimage","url":"https:\/\/www.gossip.it\/images5\/1285661334_anna-tatangelo.jpg","contentUrl":"https:\/\/www.gossip.it\/images5\/1285661334_anna-tatangelo.jpg"},{"@type":"BreadcrumbList","@id":"https:\/\/www.gossip.it\/news\/anna-tatangelo-criticata-la-difende-il-papa\/#breadcrumb","itemListElement":[{"@type":"ListItem","position":1,"name":"Home","item":"https:\/\/www.gossip.it\/"},{"@type":"ListItem","position":2,"name":"Anna Tatangelo criticata? La difende il pap\u00e0..."}]},{"@type":"WebSite","@id":"https:\/\/www.gossip.it\/#website","url":"https:\/\/www.gossip.it\/","name":"Gossip and VIP News","description":"Quotidiano di cronaca rosa, costume e societ\u00e0","publisher":{"@id":"https:\/\/www.gossip.it\/#organization"},"alternateName":"Gossip and VIP News","potentialAction":[{"@type":"SearchAction","target":{"@type":"EntryPoint","urlTemplate":"https:\/\/www.gossip.it\/?s={search_term_string}"},"query-input":{"@type":"PropertyValueSpecification","valueRequired":true,"valueName":"search_term_string"}}],"inLanguage":"it-IT"},{"@type":"Organization","@id":"https:\/\/www.gossip.it\/#organization","name":"Gossip and VIP News","alternateName":"Gossip News","url":"https:\/\/www.gossip.it\/","logo":{"@type":"ImageObject","inLanguage":"it-IT","@id":"https:\/\/www.gossip.it\/#\/schema\/logo\/image\/","url":"https:\/\/www.gossip.it\/wp-content\/uploads\/2022\/04\/cropped-corna-alta-tiny.png","contentUrl":"https:\/\/www.gossip.it\/wp-content\/uploads\/2022\/04\/cropped-corna-alta-tiny.png","width":512,"height":512,"caption":"Gossip and VIP News"},"image":{"@id":"https:\/\/www.gossip.it\/#\/schema\/logo\/image\/"},"sameAs":["https:\/\/www.facebook.com\/GossipIT","https:\/\/x.com\/gossinews_it","https:\/\/instagram.com\/gossip_it"]},{"@type":"Person","@id":"https:\/\/www.gossip.it\/#\/schema\/person\/488896f75158bff1cc83c6c39d141110","name":"La Redazione","image":{"@type":"ImageObject","inLanguage":"it-IT","@id":"https:\/\/www.gossip.it\/#\/schema\/person\/image\/","url":"https:\/\/secure.gravatar.com\/avatar\/5a5f5c6fa3e6700e4249abdad0263a1e94e927d9e0499b1cb09c1cd29c044d80?s=96&d=mm&r=g","contentUrl":"https:\/\/secure.gravatar.com\/avatar\/5a5f5c6fa3e6700e4249abdad0263a1e94e927d9e0499b1cb09c1cd29c044d80?s=96&d=mm&r=g","caption":"La Redazione"},"sameAs":["https:\/\/www.gossip.it"]}]}},"amp_enabled":true,"_links":{"self":[{"href":"https:\/\/www.gossip.it\/api\/wp\/v2\/posts\/32817","targetHints":{"allow":["GET"]}}],"collection":[{"href":"https:\/\/www.gossip.it\/api\/wp\/v2\/posts"}],"about":[{"href":"https:\/\/www.gossip.it\/api\/wp\/v2\/types\/post"}],"author":[{"embeddable":true,"href":"https:\/\/www.gossip.it\/api\/wp\/v2\/users\/1"}],"replies":[{"embeddable":true,"href":"https:\/\/www.gossip.it\/api\/wp\/v2\/comments?post=32817"}],"version-history":[{"count":0,"href":"https:\/\/www.gossip.it\/api\/wp\/v2\/posts\/32817\/revisions"}],"wp:featuredmedia":[{"embeddable":true,"href":"https:\/\/www.gossip.it\/api\/wp\/v2\/media\/88863"}],"wp:attachment":[{"href":"https:\/\/www.gossip.it\/api\/wp\/v2\/media?parent=32817"}],"wp:term":[{"taxonomy":"category","embeddable":true,"href":"https:\/\/www.gossip.it\/api\/wp\/v2\/categories?post=32817"},{"taxonomy":"post_tag","embeddable":true,"href":"https:\/\/www.gossip.it\/api\/wp\/v2\/tags?post=32817"},{"taxonomy":"vip","embeddable":true,"href":"https:\/\/www.gossip.it\/api\/wp\/v2\/vip?post=32817"}],"curies":[{"name":"wp","href":"https:\/\/api.w.org\/{rel}","templated":true}]}}