{"id":32885,"date":"2010-10-07T00:00:00","date_gmt":"2010-10-06T22:00:00","guid":{"rendered":"https:\/\/www.gossip.it\/senza-categoria\/sanremo-c-e-con-morandi-belen-ed-elisabetta\/"},"modified":"2010-10-07T00:00:00","modified_gmt":"2010-10-06T22:00:00","slug":"sanremo-c-e-con-morandi-belen-ed-elisabetta","status":"publish","type":"post","link":"https:\/\/www.gossip.it\/news\/sanremo-c-e-con-morandi-belen-ed-elisabetta\/","title":{"rendered":"Sanremo c'\u00e8: con Morandi, Belen ed Elisabetta!"},"content":{"rendered":"<p>Dopo varie notizie e tentennamenti, finalmente il profilo della prossima edizione del <b>Festival di Sanremo<\/b> si sta ufficialmente delineando: durante il Cda Rai che si \u00e8 tenuto ieri mattina, in cui il direttore di Rai Uno <b>Mauro Mazza<\/b> ha esposto la sua proposta al Consiglio di Amministrazione e al Direttore della Rai <b>Masi<\/b> (non c'\u00e8 stata nessuna votazione o via libera ma, si legge in una nota della Rai, <em>\"la responsabilit\u00e0 della proposta editoriale\"<\/em> \u00e8 prerogativa di Rai Uno), i vertici della tv di Stato hanno preso atto di quello che si intende realizzare per la messa in scena della pi\u00f9 importante kermesse canora del Bel Paese. Direttore artistico <b>Gianmarco Mazzi<\/b>, conduttore <a href=\"https:\/\/www.gossip.it\/news\/monografia.php?keyword=Gianni Morandi\">Gianni Morandi<\/a> e, a sorpresa, rispunta il nome di <a href=\"https:\/\/www.gossip.it\/news\/monografia.php?keyword=Belen Rodriguez\">Belen Rodriguez<\/a>...<\/p>\n<p>Nelle ultime settimane sembrava che la bella Argentina fosse stata esclusa dal progetto e che a lei si preferisse l'italianissima <a href=\"https:\/\/www.gossip.it\/news\/monografia.php?keyword=Manuela Arcuri\">Manuela Arcuri<\/a>. Si era anche parlato della possibile presenza di <a href=\"https:\/\/www.gossip.it\/news\/monografia.php?keyword=Vanessa Incontrada\">Vanessa Incontrada<\/a>. Invece, sar\u00e0 la chiacchierata show-girl ad affiancare Morandi. Con lei <a href=\"https:\/\/www.gossip.it\/news\/monografia.php?keyword=Elisabetta Canalis\">Elisabetta Canalis<\/a> e il duo delle <b>\"Iene\"<\/b> <b>Luca<\/b> e <b>Paolo<\/b>.<br \/>\nPositivo il commento di <b>Giorgio Merlo<\/b>, vicepresidente della commissione di Vigilanza Rai: <em>\"Essendo una edizione 'speciale' perch\u00e9 coincide con l'anno delle celebrazioni per il 150 anniversario dell'Unit\u00e0 d'Italia, se anche al Festival di Sanremo prevale il richiamo alla miglior tradizione della canzone italiana non c'\u00e8 che da rallegrarsene. Al di l\u00e0 degli artisti e dei collaboratori che affiancheranno Gianni Morandi\"<\/em>.<\/p>\n<p>Anche <a href=\"https:\/\/www.gossip.it\/news\/monografia.php?keyword=Michelle Hunziker\">Michelle Hunziker<\/a>, che in passato ha condotto Sanremo insieme a Pippo Baudo, intervenuta in diretta nella trasmissione <b>\"Attenti a Pupo\"<\/b>, si \u00e8 detta entusiasta della scelta di Morandi: <em>\"E' un uomo molto amato, trasversale, un grande cantante, io ce lo vedo a condurre Sanremo. Trovo che sia un grande comunicatore e un grande professionista. Con Pippo abbiamo fatto un Sanremo semplice, dando molto spazio alla musica, cos\u00ec dovrebbe essere\"<\/em>.<\/p>\n<p>Foto: lauravillan \/Kikapress.com \u00a9 Gossip.it<\/p>\n","protected":false},"excerpt":{"rendered":"<p>Dopo varie notizie e tentennamenti, finalmente il profilo della prossima edizione del Festival di Sanremo si sta ufficialmente delineando: durante il Cda Rai che si \u00e8 tenuto ieri mattina, in cui il direttore di Rai Uno Mauro Mazza ha esposto la sua proposta al Consiglio di Amministrazione e al Direttore della Rai Masi (non c'\u00e8 [&hellip;]<\/p>\n","protected":false},"author":1,"featured_media":88931,"comment_status":"closed","ping_status":"closed","sticky":false,"template":"","format":"standard","meta":{"footnotes":""},"categories":[54],"tags":[3336,2637,24002,8583,30970,32652,2562,2097],"vip":[396,649,1325],"class_list":["post-32885","post","type-post","status-publish","format-standard","has-post-thumbnail","hentry","category-news","tag-ariston","tag-festival-di-sanremo","tag-gianmarco-mazzi","tag-gianni-morandi","tag-gossio-tv","tag-mauro-mazza","tag-rai","tag-tv","vip-belen_rodriguez","vip-elisabetta_canalis","vip-mauro_masi"],"yoast_head":"<title>Sanremo c&#039;\u00e8: con Morandi, Belen ed Elisabetta! - Gossip.it | News sul Gossip e VIP<\/title>\n<meta name=\"description\" content=\"Dopo varie notizie e tentennamenti, finalmente il profilo della prossima edizione del Festival di Sanremo si sta ufficialmente delineando: durante il Cda\" \/>\n<meta name=\"robots\" content=\"index, follow, max-snippet:-1, max-image-preview:large, max-video-preview:-1\" \/>\n<link rel=\"canonical\" href=\"https:\/\/www.gossip.it\/news\/sanremo-c-e-con-morandi-belen-ed-elisabetta\/\" \/>\n<meta property=\"og:locale\" content=\"it_IT\" \/>\n<meta property=\"og:type\" content=\"article\" \/>\n<meta property=\"og:title\" content=\"Sanremo c&#039;\u00e8: con Morandi, Belen ed Elisabetta! - Gossip.it | News sul Gossip e VIP\" \/>\n<meta property=\"og:description\" content=\"Dopo varie notizie e tentennamenti, finalmente il profilo della prossima edizione del Festival di Sanremo si sta ufficialmente delineando: durante il Cda\" \/>\n<meta property=\"og:url\" content=\"https:\/\/www.gossip.it\/news\/sanremo-c-e-con-morandi-belen-ed-elisabetta\/\" \/>\n<meta property=\"og:site_name\" content=\"Gossip.it | News sul Gossip e VIP\" \/>\n<meta property=\"article:publisher\" content=\"https:\/\/www.facebook.com\/GossipIT\" \/>\n<meta property=\"article:published_time\" content=\"2010-10-06T22:00:00+00:00\" \/>\n<meta property=\"og:image\" content=\"https:\/\/www.gossip.it\/images5\/1286438291_belen-rodriguez.jpg\" \/>\n<meta name=\"author\" content=\"La Redazione\" \/>\n<meta name=\"twitter:card\" content=\"summary_large_image\" \/>\n<meta name=\"twitter:image\" content=\"https:\/\/www.gossip.it\/images5\/1286438291_belen-rodriguez.jpg\" \/>\n<meta name=\"twitter:creator\" content=\"@gossinews_it\" \/>\n<meta name=\"twitter:site\" content=\"@gossinews_it\" \/>\n<meta name=\"twitter:label1\" content=\"Scritto da\" \/>\n\t<meta name=\"twitter:data1\" content=\"Francesca Romana Domenici\" \/>\n\t<meta name=\"twitter:label2\" content=\"Tempo di lettura stimato\" \/>\n\t<meta name=\"twitter:data2\" content=\"2 minuti\" \/>","yoast_head_json":{"title":"Sanremo c'\u00e8: con Morandi, Belen ed Elisabetta! - Gossip.it | News sul Gossip e VIP","description":"Dopo varie notizie e tentennamenti, finalmente il profilo della prossima edizione del Festival di Sanremo si sta ufficialmente delineando: durante il Cda","robots":{"index":"index","follow":"follow","max-snippet":"max-snippet:-1","max-image-preview":"max-image-preview:large","max-video-preview":"max-video-preview:-1"},"canonical":"https:\/\/www.gossip.it\/news\/sanremo-c-e-con-morandi-belen-ed-elisabetta\/","og_locale":"it_IT","og_type":"article","og_title":"Sanremo c'\u00e8: con Morandi, Belen ed Elisabetta! - Gossip.it | News sul Gossip e VIP","og_description":"Dopo varie notizie e tentennamenti, finalmente il profilo della prossima edizione del Festival di Sanremo si sta ufficialmente delineando: durante il Cda","og_url":"https:\/\/www.gossip.it\/news\/sanremo-c-e-con-morandi-belen-ed-elisabetta\/","og_site_name":"Gossip.it | News sul Gossip e VIP","article_publisher":"https:\/\/www.facebook.com\/GossipIT","article_published_time":"2010-10-06T22:00:00+00:00","og_image":[{"url":"https:\/\/www.gossip.it\/images5\/1286438291_belen-rodriguez.jpg"}],"author":"La Redazione","twitter_card":"summary_large_image","twitter_image":"https:\/\/www.gossip.it\/images5\/1286438291_belen-rodriguez.jpg","twitter_creator":"@gossinews_it","twitter_site":"@gossinews_it","twitter_misc":{"Scritto da":"Francesca Romana Domenici","Tempo di lettura stimato":"2 minuti"},"schema":{"@context":"https:\/\/schema.org","@graph":[{"@type":"Article","@id":"https:\/\/www.gossip.it\/news\/sanremo-c-e-con-morandi-belen-ed-elisabetta\/#article","isPartOf":{"@id":"https:\/\/www.gossip.it\/news\/sanremo-c-e-con-morandi-belen-ed-elisabetta\/"},"author":{"name":"La Redazione","@id":"https:\/\/www.gossip.it\/#\/schema\/person\/488896f75158bff1cc83c6c39d141110"},"headline":"Sanremo c'\u00e8: con Morandi, Belen ed Elisabetta!","datePublished":"2010-10-06T22:00:00+00:00","dateModified":"2010-10-06T22:00:00+00:00","mainEntityOfPage":{"@id":"https:\/\/www.gossip.it\/news\/sanremo-c-e-con-morandi-belen-ed-elisabetta\/"},"wordCount":318,"publisher":{"@id":"https:\/\/www.gossip.it\/#organization"},"image":{"@id":"https:\/\/www.gossip.it\/news\/sanremo-c-e-con-morandi-belen-ed-elisabetta\/#primaryimage"},"thumbnailUrl":"https:\/\/www.gossip.it\/images5\/1286438291_belen-rodriguez.jpg","keywords":["ariston","festival di sanremo","Gianmarco Mazzi","gianni morandi","gossio tv","mauro mazza","rai","tv"],"articleSection":["News"],"inLanguage":"it-IT"},{"@type":"WebPage","@id":"https:\/\/www.gossip.it\/news\/sanremo-c-e-con-morandi-belen-ed-elisabetta\/","url":"https:\/\/www.gossip.it\/news\/sanremo-c-e-con-morandi-belen-ed-elisabetta\/","name":"Sanremo c'\u00e8: con Morandi, Belen ed Elisabetta! - Gossip.it | News sul Gossip e VIP","isPartOf":{"@id":"https:\/\/www.gossip.it\/#website"},"primaryImageOfPage":{"@id":"https:\/\/www.gossip.it\/news\/sanremo-c-e-con-morandi-belen-ed-elisabetta\/#primaryimage"},"image":{"@id":"https:\/\/www.gossip.it\/news\/sanremo-c-e-con-morandi-belen-ed-elisabetta\/#primaryimage"},"thumbnailUrl":"https:\/\/www.gossip.it\/images5\/1286438291_belen-rodriguez.jpg","datePublished":"2010-10-06T22:00:00+00:00","dateModified":"2010-10-06T22:00:00+00:00","description":"Dopo varie notizie e tentennamenti, finalmente il profilo della prossima edizione del Festival di Sanremo si sta ufficialmente delineando: durante il Cda","breadcrumb":{"@id":"https:\/\/www.gossip.it\/news\/sanremo-c-e-con-morandi-belen-ed-elisabetta\/#breadcrumb"},"inLanguage":"it-IT","potentialAction":[{"@type":"ReadAction","target":["https:\/\/www.gossip.it\/news\/sanremo-c-e-con-morandi-belen-ed-elisabetta\/"]}]},{"@type":"ImageObject","inLanguage":"it-IT","@id":"https:\/\/www.gossip.it\/news\/sanremo-c-e-con-morandi-belen-ed-elisabetta\/#primaryimage","url":"https:\/\/www.gossip.it\/images5\/1286438291_belen-rodriguez.jpg","contentUrl":"https:\/\/www.gossip.it\/images5\/1286438291_belen-rodriguez.jpg"},{"@type":"BreadcrumbList","@id":"https:\/\/www.gossip.it\/news\/sanremo-c-e-con-morandi-belen-ed-elisabetta\/#breadcrumb","itemListElement":[{"@type":"ListItem","position":1,"name":"Home","item":"https:\/\/www.gossip.it\/"},{"@type":"ListItem","position":2,"name":"Sanremo c'\u00e8: con Morandi, Belen ed Elisabetta!"}]},{"@type":"WebSite","@id":"https:\/\/www.gossip.it\/#website","url":"https:\/\/www.gossip.it\/","name":"Gossip and VIP News","description":"Quotidiano di cronaca rosa, costume e societ\u00e0","publisher":{"@id":"https:\/\/www.gossip.it\/#organization"},"alternateName":"Gossip and VIP News","potentialAction":[{"@type":"SearchAction","target":{"@type":"EntryPoint","urlTemplate":"https:\/\/www.gossip.it\/?s={search_term_string}"},"query-input":{"@type":"PropertyValueSpecification","valueRequired":true,"valueName":"search_term_string"}}],"inLanguage":"it-IT"},{"@type":"Organization","@id":"https:\/\/www.gossip.it\/#organization","name":"Gossip and VIP News","alternateName":"Gossip News","url":"https:\/\/www.gossip.it\/","logo":{"@type":"ImageObject","inLanguage":"it-IT","@id":"https:\/\/www.gossip.it\/#\/schema\/logo\/image\/","url":"https:\/\/www.gossip.it\/wp-content\/uploads\/2022\/04\/cropped-corna-alta-tiny.png","contentUrl":"https:\/\/www.gossip.it\/wp-content\/uploads\/2022\/04\/cropped-corna-alta-tiny.png","width":512,"height":512,"caption":"Gossip and VIP News"},"image":{"@id":"https:\/\/www.gossip.it\/#\/schema\/logo\/image\/"},"sameAs":["https:\/\/www.facebook.com\/GossipIT","https:\/\/x.com\/gossinews_it","https:\/\/instagram.com\/gossip_it"]},{"@type":"Person","@id":"https:\/\/www.gossip.it\/#\/schema\/person\/488896f75158bff1cc83c6c39d141110","name":"La Redazione","image":{"@type":"ImageObject","inLanguage":"it-IT","@id":"https:\/\/www.gossip.it\/#\/schema\/person\/image\/","url":"https:\/\/secure.gravatar.com\/avatar\/5a5f5c6fa3e6700e4249abdad0263a1e94e927d9e0499b1cb09c1cd29c044d80?s=96&d=mm&r=g","contentUrl":"https:\/\/secure.gravatar.com\/avatar\/5a5f5c6fa3e6700e4249abdad0263a1e94e927d9e0499b1cb09c1cd29c044d80?s=96&d=mm&r=g","caption":"La Redazione"},"sameAs":["https:\/\/www.gossip.it"]}]}},"amp_enabled":true,"_links":{"self":[{"href":"https:\/\/www.gossip.it\/api\/wp\/v2\/posts\/32885","targetHints":{"allow":["GET"]}}],"collection":[{"href":"https:\/\/www.gossip.it\/api\/wp\/v2\/posts"}],"about":[{"href":"https:\/\/www.gossip.it\/api\/wp\/v2\/types\/post"}],"author":[{"embeddable":true,"href":"https:\/\/www.gossip.it\/api\/wp\/v2\/users\/1"}],"replies":[{"embeddable":true,"href":"https:\/\/www.gossip.it\/api\/wp\/v2\/comments?post=32885"}],"version-history":[{"count":0,"href":"https:\/\/www.gossip.it\/api\/wp\/v2\/posts\/32885\/revisions"}],"wp:featuredmedia":[{"embeddable":true,"href":"https:\/\/www.gossip.it\/api\/wp\/v2\/media\/88931"}],"wp:attachment":[{"href":"https:\/\/www.gossip.it\/api\/wp\/v2\/media?parent=32885"}],"wp:term":[{"taxonomy":"category","embeddable":true,"href":"https:\/\/www.gossip.it\/api\/wp\/v2\/categories?post=32885"},{"taxonomy":"post_tag","embeddable":true,"href":"https:\/\/www.gossip.it\/api\/wp\/v2\/tags?post=32885"},{"taxonomy":"vip","embeddable":true,"href":"https:\/\/www.gossip.it\/api\/wp\/v2\/vip?post=32885"}],"curies":[{"name":"wp","href":"https:\/\/api.w.org\/{rel}","templated":true}]}}