{"id":32896,"date":"2010-10-08T00:00:00","date_gmt":"2010-10-07T22:00:00","guid":{"rendered":"https:\/\/www.gossip.it\/senza-categoria\/carmela-vado-a-vivere-con-george\/"},"modified":"2010-10-08T00:00:00","modified_gmt":"2010-10-07T22:00:00","slug":"carmela-vado-a-vivere-con-george","status":"publish","type":"post","link":"https:\/\/www.gossip.it\/news\/carmela-vado-a-vivere-con-george\/","title":{"rendered":"Carmela: 'Vado a vivere con George'"},"content":{"rendered":"<p>Sono stata la coppia pi\u00f9 chiacchierata della scorsa edizione del <b>\"Grande Fratello\"<\/b>. <a href=\"https:\/\/www.gossip.it\/news\/monografia.php?keyword=Carmela Gualtieri\">Carmela Gualtieri<\/a> e <a href=\"https:\/\/www.gossip.it\/news\/monografia.php?keyword=George Leonard\">George Leonard<\/a> non si arrendono e continuano a credere, nonostante i pettegolezzi, al loro amore. La stessa Carmela ha rivelato che con il suo \"Principe\" ci sono grandi progetti in vista...<\/p>\n<p>La bella siciliana ha confermato ad <em>Eva<\/em> le voci su una loro prossima convivenza:<em> \"Sono state dette tante cose su di noi ma questa \u00e8 proprio vera. lo e George abbiamo grandi progetti di vita insieme ed \u00e8 per questo che stiamo cercando casa dalle parti di Perugia . Tutto questo alla faccia di chi non ha mai creduto che il nostro amore sarebbe durato\"<\/em>. Carmela non teme la quotidianit\u00e0 e  ci\u00f2 che comporta vivere sotto lo stesso tetto: <em>\"Non ho paura di litigare con lui. Assolutamente no, anche perch\u00e9 l'abbiamo gi\u00e0 sperimentata in varie occasioni. Siamo sempre rimasti insieme, tra alti e bassi, passioni e litigi ... lo definisco la nostra relazione 'multicolor' perch\u00e9 tra noi c'\u00e8 stato veramente un po' di tutto. Per il resto non temo di litigare con lui perch\u00e9 magari lascia in giro i calzini sporchi. George \u00e8 molto ordinato. Semmai la confusionaria sono io\"<\/em>.<br \/>\nL'ex gieffina ha anche commentato il caso <b>Gucci<\/b> che, questa estate, ha tenuto banco sui giornali di cronaca rosa: <em>\"Alla fine Gucci ha pi\u00f9 o meno ammesso di aver architettato tutto, \u00e8 chiaro che ha cercato un espediente per farsi della pubblicit\u00e0 e l'ha ottenuta. Peraltro \u00e8 andato a raccontare tutta la storia anche a 'Pomeriggio 5'\"<\/em>. Ma la Gualtieri c'\u00e8 comunque rimasta male: <em>\"Essere sfruttati in questo modo non fa mai piacere ma spero che la gente abbia capito dov'\u00e8 la verit\u00e0. Tra l'altro George \u00e8 riuscito ad avere delle foto che mostrano Vittorio Gucci insieme a delle belle ragazze in atteggiamenti non proprio pudichi. Non le abbiamo ancora fatte vedere a nessuno ma se sar\u00e0 il caso, lo faremo. E pensare che sua moglie mi aveva attaccata chiamando mi 'sfasciafamiglie' ...\"<\/em>.<\/p>\n<p>Carmela infine ha raccontato di quanto siano cambiate le cose dopo la sua partecipazione al \"Grande Fratello\": <em>\"Non ho pi\u00f9 la mia vita di prima. La grinta, l'energia, quelle ce le ho ancora ma non so pi\u00f9 come applicarle. Mi manca il mio senso di libert\u00e0, l'autonomia che avevo e poi mi manca tanto mia mamma, la colazione che mi portava a letto ogni mattina, le nostre chiacchierate. Ora sono felice perch\u00e9 ho trovato l'amore grazie a George\"<\/em>.<\/p>\n<p>Foto: M.Bruni \u00a9 Gossip.it<\/p>\n","protected":false},"excerpt":{"rendered":"<p>Sono stata la coppia pi\u00f9 chiacchierata della scorsa edizione del \"Grande Fratello\". Carmela Gualtieri e George Leonard non si arrendono e continuano a credere, nonostante i pettegolezzi, al loro amore. La stessa Carmela ha rivelato che con il suo \"Principe\" ci sono grandi progetti in vista... La bella siciliana ha confermato ad Eva le voci [&hellip;]<\/p>\n","protected":false},"author":1,"featured_media":88942,"comment_status":"closed","ping_status":"closed","sticky":false,"template":"","format":"standard","meta":{"footnotes":""},"categories":[54],"tags":[2172,3297,2107,11226,37161,2128,2097],"vip":[451,824],"class_list":["post-32896","post","type-post","status-publish","format-standard","has-post-thumbnail","hentry","category-news","tag-convivenza","tag-gossip-tv","tag-grande-fratello","tag-gucci","tag-petegolezzi","tag-reality-show","tag-tv","vip-carmela_gualtieri","vip-george_leonard"],"yoast_head":"<title>Carmela: &#039;Vado a vivere con George&#039; - Gossip.it | News sul Gossip e VIP<\/title>\n<meta name=\"description\" content=\"Sono stata la coppia pi\u00f9 chiacchierata della scorsa edizione del &quot;Grande Fratello&quot;. Carmela Gualtieri e George Leonard non si arrendono e continuano a\" \/>\n<meta name=\"robots\" content=\"index, follow, max-snippet:-1, max-image-preview:large, max-video-preview:-1\" \/>\n<link rel=\"canonical\" href=\"https:\/\/www.gossip.it\/news\/carmela-vado-a-vivere-con-george\/\" \/>\n<meta property=\"og:locale\" content=\"it_IT\" \/>\n<meta property=\"og:type\" content=\"article\" \/>\n<meta property=\"og:title\" content=\"Carmela: &#039;Vado a vivere con George&#039; - Gossip.it | News sul Gossip e VIP\" \/>\n<meta property=\"og:description\" content=\"Sono stata la coppia pi\u00f9 chiacchierata della scorsa edizione del &quot;Grande Fratello&quot;. Carmela Gualtieri e George Leonard non si arrendono e continuano a\" \/>\n<meta property=\"og:url\" content=\"https:\/\/www.gossip.it\/news\/carmela-vado-a-vivere-con-george\/\" \/>\n<meta property=\"og:site_name\" content=\"Gossip.it | News sul Gossip e VIP\" \/>\n<meta property=\"article:publisher\" content=\"https:\/\/www.facebook.com\/GossipIT\" \/>\n<meta property=\"article:published_time\" content=\"2010-10-07T22:00:00+00:00\" \/>\n<meta property=\"og:image\" content=\"https:\/\/www.gossip.it\/images5\/1286524279_carmela-gualtieri.jpg\" \/>\n<meta name=\"author\" content=\"La Redazione\" \/>\n<meta name=\"twitter:card\" content=\"summary_large_image\" \/>\n<meta name=\"twitter:image\" content=\"https:\/\/www.gossip.it\/images5\/1286524279_carmela-gualtieri.jpg\" \/>\n<meta name=\"twitter:creator\" content=\"@gossinews_it\" \/>\n<meta name=\"twitter:site\" content=\"@gossinews_it\" \/>\n<meta name=\"twitter:label1\" content=\"Scritto da\" \/>\n\t<meta name=\"twitter:data1\" content=\"La Redazione\" \/>\n\t<meta name=\"twitter:label2\" content=\"Tempo di lettura stimato\" \/>\n\t<meta name=\"twitter:data2\" content=\"2 minuti\" \/>","yoast_head_json":{"title":"Carmela: 'Vado a vivere con George' - Gossip.it | News sul Gossip e VIP","description":"Sono stata la coppia pi\u00f9 chiacchierata della scorsa edizione del \"Grande Fratello\". Carmela Gualtieri e George Leonard non si arrendono e continuano a","robots":{"index":"index","follow":"follow","max-snippet":"max-snippet:-1","max-image-preview":"max-image-preview:large","max-video-preview":"max-video-preview:-1"},"canonical":"https:\/\/www.gossip.it\/news\/carmela-vado-a-vivere-con-george\/","og_locale":"it_IT","og_type":"article","og_title":"Carmela: 'Vado a vivere con George' - Gossip.it | News sul Gossip e VIP","og_description":"Sono stata la coppia pi\u00f9 chiacchierata della scorsa edizione del \"Grande Fratello\". Carmela Gualtieri e George Leonard non si arrendono e continuano a","og_url":"https:\/\/www.gossip.it\/news\/carmela-vado-a-vivere-con-george\/","og_site_name":"Gossip.it | News sul Gossip e VIP","article_publisher":"https:\/\/www.facebook.com\/GossipIT","article_published_time":"2010-10-07T22:00:00+00:00","og_image":[{"url":"https:\/\/www.gossip.it\/images5\/1286524279_carmela-gualtieri.jpg"}],"author":"La Redazione","twitter_card":"summary_large_image","twitter_image":"https:\/\/www.gossip.it\/images5\/1286524279_carmela-gualtieri.jpg","twitter_creator":"@gossinews_it","twitter_site":"@gossinews_it","twitter_misc":{"Scritto da":"La Redazione","Tempo di lettura stimato":"2 minuti"},"schema":{"@context":"https:\/\/schema.org","@graph":[{"@type":"Article","@id":"https:\/\/www.gossip.it\/news\/carmela-vado-a-vivere-con-george\/#article","isPartOf":{"@id":"https:\/\/www.gossip.it\/news\/carmela-vado-a-vivere-con-george\/"},"author":{"name":"La Redazione","@id":"https:\/\/www.gossip.it\/#\/schema\/person\/488896f75158bff1cc83c6c39d141110"},"headline":"Carmela: 'Vado a vivere con George'","datePublished":"2010-10-07T22:00:00+00:00","dateModified":"2010-10-07T22:00:00+00:00","mainEntityOfPage":{"@id":"https:\/\/www.gossip.it\/news\/carmela-vado-a-vivere-con-george\/"},"wordCount":415,"publisher":{"@id":"https:\/\/www.gossip.it\/#organization"},"image":{"@id":"https:\/\/www.gossip.it\/news\/carmela-vado-a-vivere-con-george\/#primaryimage"},"thumbnailUrl":"https:\/\/www.gossip.it\/images5\/1286524279_carmela-gualtieri.jpg","keywords":["convivenza","gossip.tv","grande fratello","gucci","petegolezzi","reality show","tv"],"articleSection":["News"],"inLanguage":"it-IT"},{"@type":"WebPage","@id":"https:\/\/www.gossip.it\/news\/carmela-vado-a-vivere-con-george\/","url":"https:\/\/www.gossip.it\/news\/carmela-vado-a-vivere-con-george\/","name":"Carmela: 'Vado a vivere con George' - Gossip.it | News sul Gossip e VIP","isPartOf":{"@id":"https:\/\/www.gossip.it\/#website"},"primaryImageOfPage":{"@id":"https:\/\/www.gossip.it\/news\/carmela-vado-a-vivere-con-george\/#primaryimage"},"image":{"@id":"https:\/\/www.gossip.it\/news\/carmela-vado-a-vivere-con-george\/#primaryimage"},"thumbnailUrl":"https:\/\/www.gossip.it\/images5\/1286524279_carmela-gualtieri.jpg","datePublished":"2010-10-07T22:00:00+00:00","dateModified":"2010-10-07T22:00:00+00:00","description":"Sono stata la coppia pi\u00f9 chiacchierata della scorsa edizione del \"Grande Fratello\". Carmela Gualtieri e George Leonard non si arrendono e continuano a","breadcrumb":{"@id":"https:\/\/www.gossip.it\/news\/carmela-vado-a-vivere-con-george\/#breadcrumb"},"inLanguage":"it-IT","potentialAction":[{"@type":"ReadAction","target":["https:\/\/www.gossip.it\/news\/carmela-vado-a-vivere-con-george\/"]}]},{"@type":"ImageObject","inLanguage":"it-IT","@id":"https:\/\/www.gossip.it\/news\/carmela-vado-a-vivere-con-george\/#primaryimage","url":"https:\/\/www.gossip.it\/images5\/1286524279_carmela-gualtieri.jpg","contentUrl":"https:\/\/www.gossip.it\/images5\/1286524279_carmela-gualtieri.jpg"},{"@type":"BreadcrumbList","@id":"https:\/\/www.gossip.it\/news\/carmela-vado-a-vivere-con-george\/#breadcrumb","itemListElement":[{"@type":"ListItem","position":1,"name":"Home","item":"https:\/\/www.gossip.it\/"},{"@type":"ListItem","position":2,"name":"Carmela: 'Vado a vivere con George'"}]},{"@type":"WebSite","@id":"https:\/\/www.gossip.it\/#website","url":"https:\/\/www.gossip.it\/","name":"Gossip and VIP News","description":"Quotidiano di cronaca rosa, costume e societ\u00e0","publisher":{"@id":"https:\/\/www.gossip.it\/#organization"},"alternateName":"Gossip and VIP News","potentialAction":[{"@type":"SearchAction","target":{"@type":"EntryPoint","urlTemplate":"https:\/\/www.gossip.it\/?s={search_term_string}"},"query-input":{"@type":"PropertyValueSpecification","valueRequired":true,"valueName":"search_term_string"}}],"inLanguage":"it-IT"},{"@type":"Organization","@id":"https:\/\/www.gossip.it\/#organization","name":"Gossip and VIP News","alternateName":"Gossip News","url":"https:\/\/www.gossip.it\/","logo":{"@type":"ImageObject","inLanguage":"it-IT","@id":"https:\/\/www.gossip.it\/#\/schema\/logo\/image\/","url":"https:\/\/www.gossip.it\/wp-content\/uploads\/2022\/04\/cropped-corna-alta-tiny.png","contentUrl":"https:\/\/www.gossip.it\/wp-content\/uploads\/2022\/04\/cropped-corna-alta-tiny.png","width":512,"height":512,"caption":"Gossip and VIP News"},"image":{"@id":"https:\/\/www.gossip.it\/#\/schema\/logo\/image\/"},"sameAs":["https:\/\/www.facebook.com\/GossipIT","https:\/\/x.com\/gossinews_it","https:\/\/instagram.com\/gossip_it"]},{"@type":"Person","@id":"https:\/\/www.gossip.it\/#\/schema\/person\/488896f75158bff1cc83c6c39d141110","name":"La Redazione","image":{"@type":"ImageObject","inLanguage":"it-IT","@id":"https:\/\/www.gossip.it\/#\/schema\/person\/image\/","url":"https:\/\/secure.gravatar.com\/avatar\/5a5f5c6fa3e6700e4249abdad0263a1e94e927d9e0499b1cb09c1cd29c044d80?s=96&d=mm&r=g","contentUrl":"https:\/\/secure.gravatar.com\/avatar\/5a5f5c6fa3e6700e4249abdad0263a1e94e927d9e0499b1cb09c1cd29c044d80?s=96&d=mm&r=g","caption":"La Redazione"},"sameAs":["https:\/\/www.gossip.it"]}]}},"amp_enabled":true,"_links":{"self":[{"href":"https:\/\/www.gossip.it\/api\/wp\/v2\/posts\/32896","targetHints":{"allow":["GET"]}}],"collection":[{"href":"https:\/\/www.gossip.it\/api\/wp\/v2\/posts"}],"about":[{"href":"https:\/\/www.gossip.it\/api\/wp\/v2\/types\/post"}],"author":[{"embeddable":true,"href":"https:\/\/www.gossip.it\/api\/wp\/v2\/users\/1"}],"replies":[{"embeddable":true,"href":"https:\/\/www.gossip.it\/api\/wp\/v2\/comments?post=32896"}],"version-history":[{"count":0,"href":"https:\/\/www.gossip.it\/api\/wp\/v2\/posts\/32896\/revisions"}],"wp:featuredmedia":[{"embeddable":true,"href":"https:\/\/www.gossip.it\/api\/wp\/v2\/media\/88942"}],"wp:attachment":[{"href":"https:\/\/www.gossip.it\/api\/wp\/v2\/media?parent=32896"}],"wp:term":[{"taxonomy":"category","embeddable":true,"href":"https:\/\/www.gossip.it\/api\/wp\/v2\/categories?post=32896"},{"taxonomy":"post_tag","embeddable":true,"href":"https:\/\/www.gossip.it\/api\/wp\/v2\/tags?post=32896"},{"taxonomy":"vip","embeddable":true,"href":"https:\/\/www.gossip.it\/api\/wp\/v2\/vip?post=32896"}],"curies":[{"name":"wp","href":"https:\/\/api.w.org\/{rel}","templated":true}]}}