{"id":33240,"date":"2012-04-18T00:00:00","date_gmt":"2012-04-17T22:00:00","guid":{"rendered":"https:\/\/www.gossip.it\/senza-categoria\/cecilia-capriotti-plein-sceglie-il-lavoro-e-gli-affetti-cari\/"},"modified":"2012-04-18T00:00:00","modified_gmt":"2012-04-17T22:00:00","slug":"cecilia-capriotti-plein-sceglie-il-lavoro-e-gli-affetti-cari","status":"publish","type":"post","link":"https:\/\/www.gossip.it\/news\/cecilia-capriotti-plein-sceglie-il-lavoro-e-gli-affetti-cari\/","title":{"rendered":"Cecilia Capriotti, Plein? Sceglie il lavoro e gli affetti cari"},"content":{"rendered":"<p>L'<a href=\"http:\/\/www.gossip.it\/news\/monografia.php?keyword=addio\">addio<\/a> con <a href=\"http:\/\/www.gossip.it\/news\/monografia.php?keyword=Andrea Perone\">Andrea Perone<\/a> era nell'aria da tempo. <a href=\"http:\/\/www.gossip.it\/news\/monografia.php?keyword=Cecilia Capriotti\">Cecilia Capriotti<\/a> e l'ex di <a href=\"http:\/\/www.gossip.it\/news\/monografia.php?keyword=Sabrina Ferilli\">Sabrina Ferilli<\/a> ci hanno provato negli ultimi cinque mesi a salvare il rapporto: <em>\"Ma nulla, era finito l'amore\"<\/em>. La showgirl e <a href=\"http:\/\/www.gossip.it\/news\/monografia.php?keyword=attrice\">attrice<\/a> lo confessa a <em>Top<\/em>.<\/p>\n<p>Per lei un periodo pieno di impegni lavorativi, con due provini che andranno sicuramente bene. La ragazza aveva bisogno di libert\u00e0 e libert\u00e0 \u00e8 stata, anche se, subito dopo il suo crack, \u00e8 arrivato <a href=\"http:\/\/www.gossip.it\/news\/monografia.php?keyword=Philipp Plein\">Philipp Plein<\/a>: <em>\"E' un uomo pieni di pregi, che a 34 anni si \u00e8 fatto da s\u00e9. Io ho provato a stare con lui, fino a Pasqua siamo stati benissimo, c'era un feeling pazzesco. Per\u00f2 questa storia sarebbe potuta diventare ancora pi\u00f9 impegnativa di quella con Andrea. Lui \u00e8 sempre in giro per il mondo e io avrei dovuto stargli dietro, facendo la sua vita, non la mia. E il mio lavoro, i miei amici, la famiglia? Non sono pronta a un passo del genere. Mi sono detta: \u00e8 meglio tornare con i piedi per terra ora, dopo un mese e mezzo, piuttosto che farla definire pi\u00f9 in l\u00e0, provocando un dispiacere maggiore. Non dico che \u00e8 finita o non \u00e8 finita. Per il momento voglio restare sola e riflettere\"<\/em>. Philipp l'ha presa benissimo. Cecilia \u00e8 una donna d'altri tempi, che non teme il confronto con <a href=\"http:\/\/www.gossip.it\/news\/monografia.php?keyword=Aida Yespica\">Aida Yespica<\/a>, l'ex di Plein, che ora sembra tornata in auge nel cuore dello stilista: <em>\"E poi l'ho conosciuta e mi sta simpatica\"<\/em>.<\/p>\n<p>In amore \u00e8 <em>\"cazzuta\"<\/em> vera. Non fa melodrammi, ma alla famiglia e ai veri valori crede ed \u00e8 per questo che gli uomini la vogliono. La Capriotti ne \u00e8 consapevole, ma in questo momento vuole continuare a lavorare e stare un po' da sola, circondata dall'affetto delle amiche. E Plein in reunion con la Yespica? <em>\"<b>Se la pu\u00f2 anche rirpendere. Non ho nessun tipo di problema, anzi, se mai fosse, sarei felice per loro<\/b>\"<\/em>.<\/p>\n<p>Foto: C.Mangiarotti \u00a9 Gossip.it<\/p>\n","protected":false},"excerpt":{"rendered":"<p>L'addio con Andrea Perone era nell'aria da tempo. Cecilia Capriotti e l'ex di Sabrina Ferilli ci hanno provato negli ultimi cinque mesi a salvare il rapporto: \"Ma nulla, era finito l'amore\". La showgirl e attrice lo confessa a Top. Per lei un periodo pieno di impegni lavorativi, con due provini che andranno sicuramente bene. La [&hellip;]<\/p>\n","protected":false},"author":1,"featured_media":89286,"comment_status":"closed","ping_status":"closed","sticky":false,"template":"","format":"standard","meta":{"footnotes":""},"categories":[54],"tags":[11284,2102,3297,10181,2097],"vip":[225,314,472,1638],"class_list":["post-33240","post","type-post","status-publish","format-standard","has-post-thumbnail","hentry","category-news","tag-addii","tag-dichiarazioni","tag-gossip-tv","tag-philipp-plein","tag-tv","vip-aida_yespica","vip-andrea_perone","vip-cecilia_capriotti","vip-sabrina_ferilli"],"yoast_head":"<title>Cecilia Capriotti, Plein? Sceglie il lavoro e gli affetti cari - Gossip.it | News sul Gossip e VIP<\/title>\n<meta name=\"description\" content=\"L&#039;addio con Andrea Perone era nell&#039;aria da tempo. Cecilia Capriotti e l&#039;ex di Sabrina Ferilli ci hanno provato negli ultimi cinque mesi a salvare il\" \/>\n<meta name=\"robots\" content=\"index, follow, max-snippet:-1, max-image-preview:large, max-video-preview:-1\" \/>\n<link rel=\"canonical\" href=\"https:\/\/www.gossip.it\/news\/cecilia-capriotti-plein-sceglie-il-lavoro-e-gli-affetti-cari\/\" \/>\n<meta property=\"og:locale\" content=\"it_IT\" \/>\n<meta property=\"og:type\" content=\"article\" \/>\n<meta property=\"og:title\" content=\"Cecilia Capriotti, Plein? Sceglie il lavoro e gli affetti cari - Gossip.it | News sul Gossip e VIP\" \/>\n<meta property=\"og:description\" content=\"L&#039;addio con Andrea Perone era nell&#039;aria da tempo. Cecilia Capriotti e l&#039;ex di Sabrina Ferilli ci hanno provato negli ultimi cinque mesi a salvare il\" \/>\n<meta property=\"og:url\" content=\"https:\/\/www.gossip.it\/news\/cecilia-capriotti-plein-sceglie-il-lavoro-e-gli-affetti-cari\/\" \/>\n<meta property=\"og:site_name\" content=\"Gossip.it | News sul Gossip e VIP\" \/>\n<meta property=\"article:publisher\" content=\"https:\/\/www.facebook.com\/GossipIT\" \/>\n<meta property=\"article:published_time\" content=\"2012-04-17T22:00:00+00:00\" \/>\n<meta property=\"og:image\" content=\"http:\/\/www.gossip.it\/images5\/1334751105_.jpg\" \/>\n<meta name=\"author\" content=\"La Redazione\" \/>\n<meta name=\"twitter:card\" content=\"summary_large_image\" \/>\n<meta name=\"twitter:image\" content=\"http:\/\/www.gossip.it\/images5\/1334751105_.jpg\" \/>\n<meta name=\"twitter:creator\" content=\"@gossinews_it\" \/>\n<meta name=\"twitter:site\" content=\"@gossinews_it\" \/>\n<meta name=\"twitter:label1\" content=\"Scritto da\" \/>\n\t<meta name=\"twitter:data1\" content=\"Annamaria Capozzi\" \/>\n\t<meta name=\"twitter:label2\" content=\"Tempo di lettura stimato\" \/>\n\t<meta name=\"twitter:data2\" content=\"2 minuti\" \/>","yoast_head_json":{"title":"Cecilia Capriotti, Plein? Sceglie il lavoro e gli affetti cari - Gossip.it | News sul Gossip e VIP","description":"L'addio con Andrea Perone era nell'aria da tempo. Cecilia Capriotti e l'ex di Sabrina Ferilli ci hanno provato negli ultimi cinque mesi a salvare il","robots":{"index":"index","follow":"follow","max-snippet":"max-snippet:-1","max-image-preview":"max-image-preview:large","max-video-preview":"max-video-preview:-1"},"canonical":"https:\/\/www.gossip.it\/news\/cecilia-capriotti-plein-sceglie-il-lavoro-e-gli-affetti-cari\/","og_locale":"it_IT","og_type":"article","og_title":"Cecilia Capriotti, Plein? Sceglie il lavoro e gli affetti cari - Gossip.it | News sul Gossip e VIP","og_description":"L'addio con Andrea Perone era nell'aria da tempo. Cecilia Capriotti e l'ex di Sabrina Ferilli ci hanno provato negli ultimi cinque mesi a salvare il","og_url":"https:\/\/www.gossip.it\/news\/cecilia-capriotti-plein-sceglie-il-lavoro-e-gli-affetti-cari\/","og_site_name":"Gossip.it | News sul Gossip e VIP","article_publisher":"https:\/\/www.facebook.com\/GossipIT","article_published_time":"2012-04-17T22:00:00+00:00","og_image":[{"url":"http:\/\/www.gossip.it\/images5\/1334751105_.jpg"}],"author":"La Redazione","twitter_card":"summary_large_image","twitter_image":"http:\/\/www.gossip.it\/images5\/1334751105_.jpg","twitter_creator":"@gossinews_it","twitter_site":"@gossinews_it","twitter_misc":{"Scritto da":"Annamaria Capozzi","Tempo di lettura stimato":"2 minuti"},"schema":{"@context":"https:\/\/schema.org","@graph":[{"@type":"Article","@id":"https:\/\/www.gossip.it\/news\/cecilia-capriotti-plein-sceglie-il-lavoro-e-gli-affetti-cari\/#article","isPartOf":{"@id":"https:\/\/www.gossip.it\/news\/cecilia-capriotti-plein-sceglie-il-lavoro-e-gli-affetti-cari\/"},"author":{"name":"La Redazione","@id":"https:\/\/www.gossip.it\/#\/schema\/person\/488896f75158bff1cc83c6c39d141110"},"headline":"Cecilia Capriotti, Plein? Sceglie il lavoro e gli affetti cari","datePublished":"2012-04-17T22:00:00+00:00","dateModified":"2012-04-17T22:00:00+00:00","mainEntityOfPage":{"@id":"https:\/\/www.gossip.it\/news\/cecilia-capriotti-plein-sceglie-il-lavoro-e-gli-affetti-cari\/"},"wordCount":329,"publisher":{"@id":"https:\/\/www.gossip.it\/#organization"},"image":{"@id":"https:\/\/www.gossip.it\/news\/cecilia-capriotti-plein-sceglie-il-lavoro-e-gli-affetti-cari\/#primaryimage"},"thumbnailUrl":"http:\/\/www.gossip.it\/images5\/1334751105_.jpg","keywords":["addii","dichiarazioni","gossip.tv","philipp plein","tv"],"articleSection":["News"],"inLanguage":"it-IT"},{"@type":"WebPage","@id":"https:\/\/www.gossip.it\/news\/cecilia-capriotti-plein-sceglie-il-lavoro-e-gli-affetti-cari\/","url":"https:\/\/www.gossip.it\/news\/cecilia-capriotti-plein-sceglie-il-lavoro-e-gli-affetti-cari\/","name":"Cecilia Capriotti, Plein? Sceglie il lavoro e gli affetti cari - Gossip.it | News sul Gossip e VIP","isPartOf":{"@id":"https:\/\/www.gossip.it\/#website"},"primaryImageOfPage":{"@id":"https:\/\/www.gossip.it\/news\/cecilia-capriotti-plein-sceglie-il-lavoro-e-gli-affetti-cari\/#primaryimage"},"image":{"@id":"https:\/\/www.gossip.it\/news\/cecilia-capriotti-plein-sceglie-il-lavoro-e-gli-affetti-cari\/#primaryimage"},"thumbnailUrl":"http:\/\/www.gossip.it\/images5\/1334751105_.jpg","datePublished":"2012-04-17T22:00:00+00:00","dateModified":"2012-04-17T22:00:00+00:00","description":"L'addio con Andrea Perone era nell'aria da tempo. Cecilia Capriotti e l'ex di Sabrina Ferilli ci hanno provato negli ultimi cinque mesi a salvare il","breadcrumb":{"@id":"https:\/\/www.gossip.it\/news\/cecilia-capriotti-plein-sceglie-il-lavoro-e-gli-affetti-cari\/#breadcrumb"},"inLanguage":"it-IT","potentialAction":[{"@type":"ReadAction","target":["https:\/\/www.gossip.it\/news\/cecilia-capriotti-plein-sceglie-il-lavoro-e-gli-affetti-cari\/"]}]},{"@type":"ImageObject","inLanguage":"it-IT","@id":"https:\/\/www.gossip.it\/news\/cecilia-capriotti-plein-sceglie-il-lavoro-e-gli-affetti-cari\/#primaryimage","url":"http:\/\/www.gossip.it\/images5\/1334751105_.jpg","contentUrl":"http:\/\/www.gossip.it\/images5\/1334751105_.jpg"},{"@type":"BreadcrumbList","@id":"https:\/\/www.gossip.it\/news\/cecilia-capriotti-plein-sceglie-il-lavoro-e-gli-affetti-cari\/#breadcrumb","itemListElement":[{"@type":"ListItem","position":1,"name":"Home","item":"https:\/\/www.gossip.it\/"},{"@type":"ListItem","position":2,"name":"Cecilia Capriotti, Plein? Sceglie il lavoro e gli affetti cari"}]},{"@type":"WebSite","@id":"https:\/\/www.gossip.it\/#website","url":"https:\/\/www.gossip.it\/","name":"Gossip and VIP News","description":"Quotidiano di cronaca rosa, costume e societ\u00e0","publisher":{"@id":"https:\/\/www.gossip.it\/#organization"},"alternateName":"Gossip and VIP News","potentialAction":[{"@type":"SearchAction","target":{"@type":"EntryPoint","urlTemplate":"https:\/\/www.gossip.it\/?s={search_term_string}"},"query-input":{"@type":"PropertyValueSpecification","valueRequired":true,"valueName":"search_term_string"}}],"inLanguage":"it-IT"},{"@type":"Organization","@id":"https:\/\/www.gossip.it\/#organization","name":"Gossip and VIP News","alternateName":"Gossip News","url":"https:\/\/www.gossip.it\/","logo":{"@type":"ImageObject","inLanguage":"it-IT","@id":"https:\/\/www.gossip.it\/#\/schema\/logo\/image\/","url":"https:\/\/www.gossip.it\/wp-content\/uploads\/2022\/04\/cropped-corna-alta-tiny.png","contentUrl":"https:\/\/www.gossip.it\/wp-content\/uploads\/2022\/04\/cropped-corna-alta-tiny.png","width":512,"height":512,"caption":"Gossip and VIP News"},"image":{"@id":"https:\/\/www.gossip.it\/#\/schema\/logo\/image\/"},"sameAs":["https:\/\/www.facebook.com\/GossipIT","https:\/\/x.com\/gossinews_it","https:\/\/instagram.com\/gossip_it"]},{"@type":"Person","@id":"https:\/\/www.gossip.it\/#\/schema\/person\/488896f75158bff1cc83c6c39d141110","name":"La Redazione","image":{"@type":"ImageObject","inLanguage":"it-IT","@id":"https:\/\/www.gossip.it\/#\/schema\/person\/image\/","url":"https:\/\/secure.gravatar.com\/avatar\/5a5f5c6fa3e6700e4249abdad0263a1e94e927d9e0499b1cb09c1cd29c044d80?s=96&d=mm&r=g","contentUrl":"https:\/\/secure.gravatar.com\/avatar\/5a5f5c6fa3e6700e4249abdad0263a1e94e927d9e0499b1cb09c1cd29c044d80?s=96&d=mm&r=g","caption":"La Redazione"},"sameAs":["https:\/\/www.gossip.it"]}]}},"amp_enabled":true,"_links":{"self":[{"href":"https:\/\/www.gossip.it\/api\/wp\/v2\/posts\/33240","targetHints":{"allow":["GET"]}}],"collection":[{"href":"https:\/\/www.gossip.it\/api\/wp\/v2\/posts"}],"about":[{"href":"https:\/\/www.gossip.it\/api\/wp\/v2\/types\/post"}],"author":[{"embeddable":true,"href":"https:\/\/www.gossip.it\/api\/wp\/v2\/users\/1"}],"replies":[{"embeddable":true,"href":"https:\/\/www.gossip.it\/api\/wp\/v2\/comments?post=33240"}],"version-history":[{"count":0,"href":"https:\/\/www.gossip.it\/api\/wp\/v2\/posts\/33240\/revisions"}],"wp:featuredmedia":[{"embeddable":true,"href":"https:\/\/www.gossip.it\/api\/wp\/v2\/media\/89286"}],"wp:attachment":[{"href":"https:\/\/www.gossip.it\/api\/wp\/v2\/media?parent=33240"}],"wp:term":[{"taxonomy":"category","embeddable":true,"href":"https:\/\/www.gossip.it\/api\/wp\/v2\/categories?post=33240"},{"taxonomy":"post_tag","embeddable":true,"href":"https:\/\/www.gossip.it\/api\/wp\/v2\/tags?post=33240"},{"taxonomy":"vip","embeddable":true,"href":"https:\/\/www.gossip.it\/api\/wp\/v2\/vip?post=33240"}],"curies":[{"name":"wp","href":"https:\/\/api.w.org\/{rel}","templated":true}]}}