{"id":33633,"date":"2012-05-28T00:00:00","date_gmt":"2012-05-27T22:00:00","guid":{"rendered":"https:\/\/www.gossip.it\/senza-categoria\/roger-federer-papa-premuroso\/"},"modified":"2012-05-28T00:00:00","modified_gmt":"2012-05-27T22:00:00","slug":"roger-federer-papa-premuroso","status":"publish","type":"post","link":"https:\/\/www.gossip.it\/news\/roger-federer-papa-premuroso\/","title":{"rendered":"Roger Federer, pap\u00e0 premuroso"},"content":{"rendered":"<p>Non solo campi da tennis e sfide all'ultimo set per lo svizzero <a href=\"http:\/\/www.gossip.it\/news\/monografia.php?keyword=Roger Federer\">Roger Federer<\/a>. Il campione di tennis, impegnato a Parigi con il Roland Garros, si \u00e8 concesso una passeggiata con la figlioletta <b>Charlene<\/b>. Un pomeriggio in cui ha vestito esclusivamente i panni di pap\u00e0 dolce e premuroso.<\/p>\n<p>Look casual, jeans e maglietta, Roger \u00e8 stato fotografato mentre spingeva il passeggino della piccola. Shopper colorata in mano, una salutare mela da dare alla sua bimba come merenda, il tennista \u00e8 apparso sereno e per nulla preoccupato dalle sfide che lo attendono in campo. Anche se, intervistato, ha detto la sua: secondo lui, il favorito per il Roland Garros \u00e8 <a href=\"http:\/\/www.gossip.it\/news\/monografia.php?keyword=Rafael Nadal\">Rafael Nadal<\/a>.<\/p>\n","protected":false},"excerpt":{"rendered":"<p>Non solo campi da tennis e sfide all'ultimo set per lo svizzero Roger Federer. Il campione di tennis, impegnato a Parigi con il Roland Garros, si \u00e8 concesso una passeggiata con la figlioletta Charlene. Un pomeriggio in cui ha vestito esclusivamente i panni di pap\u00e0 dolce e premuroso. Look casual, jeans e maglietta, Roger \u00e8 [&hellip;]<\/p>\n","protected":false},"author":1,"featured_media":89679,"comment_status":"closed","ping_status":"closed","sticky":false,"template":"","format":"standard","meta":{"footnotes":""},"categories":[54],"tags":[36157,1905,3620,4694,32456,27615,33044,2477,2682,7576,37759],"vip":[],"class_list":["post-33633","post","type-post","status-publish","format-standard","has-post-thumbnail","hentry","category-news","tag-charlene","tag-figlia","tag-gossip-sport","tag-parigi","tag-rafael-nadal","tag-roger-federer","tag-roland-garros","tag-set","tag-sport","tag-tennis","tag-torno"],"yoast_head":"<title>Roger Federer, pap\u00e0 premuroso - Gossip.it | News sul Gossip e VIP<\/title>\n<meta name=\"description\" content=\"Non solo campi da tennis e sfide all&#039;ultimo set per lo svizzero Roger Federer. Il campione di tennis, impegnato a Parigi con il Roland Garros, si \u00e8\" \/>\n<meta name=\"robots\" content=\"index, follow, max-snippet:-1, max-image-preview:large, max-video-preview:-1\" \/>\n<link rel=\"canonical\" href=\"https:\/\/www.gossip.it\/news\/roger-federer-papa-premuroso\/\" \/>\n<meta property=\"og:locale\" content=\"it_IT\" \/>\n<meta property=\"og:type\" content=\"article\" \/>\n<meta property=\"og:title\" content=\"Roger Federer, pap\u00e0 premuroso - Gossip.it | News sul Gossip e VIP\" \/>\n<meta property=\"og:description\" content=\"Non solo campi da tennis e sfide all&#039;ultimo set per lo svizzero Roger Federer. Il campione di tennis, impegnato a Parigi con il Roland Garros, si \u00e8\" \/>\n<meta property=\"og:url\" content=\"https:\/\/www.gossip.it\/news\/roger-federer-papa-premuroso\/\" \/>\n<meta property=\"og:site_name\" content=\"Gossip.it | News sul Gossip e VIP\" \/>\n<meta property=\"article:publisher\" content=\"https:\/\/www.facebook.com\/GossipIT\" \/>\n<meta property=\"article:published_time\" content=\"2012-05-27T22:00:00+00:00\" \/>\n<meta property=\"og:image\" content=\"http:\/\/www.gossip.it\/images5\/1338207467_.jpg\" \/>\n<meta name=\"author\" content=\"La Redazione\" \/>\n<meta name=\"twitter:card\" content=\"summary_large_image\" \/>\n<meta name=\"twitter:image\" content=\"http:\/\/www.gossip.it\/images5\/1338207467_.jpg\" \/>\n<meta name=\"twitter:creator\" content=\"@gossinews_it\" \/>\n<meta name=\"twitter:site\" content=\"@gossinews_it\" \/>\n<meta name=\"twitter:label1\" content=\"Scritto da\" \/>\n\t<meta name=\"twitter:data1\" content=\"Francesca Romana Domenici\" \/>\n\t<meta name=\"twitter:label2\" content=\"Tempo di lettura stimato\" \/>\n\t<meta name=\"twitter:data2\" content=\"1 minuto\" \/>","yoast_head_json":{"title":"Roger Federer, pap\u00e0 premuroso - Gossip.it | News sul Gossip e VIP","description":"Non solo campi da tennis e sfide all'ultimo set per lo svizzero Roger Federer. Il campione di tennis, impegnato a Parigi con il Roland Garros, si \u00e8","robots":{"index":"index","follow":"follow","max-snippet":"max-snippet:-1","max-image-preview":"max-image-preview:large","max-video-preview":"max-video-preview:-1"},"canonical":"https:\/\/www.gossip.it\/news\/roger-federer-papa-premuroso\/","og_locale":"it_IT","og_type":"article","og_title":"Roger Federer, pap\u00e0 premuroso - Gossip.it | News sul Gossip e VIP","og_description":"Non solo campi da tennis e sfide all'ultimo set per lo svizzero Roger Federer. Il campione di tennis, impegnato a Parigi con il Roland Garros, si \u00e8","og_url":"https:\/\/www.gossip.it\/news\/roger-federer-papa-premuroso\/","og_site_name":"Gossip.it | News sul Gossip e VIP","article_publisher":"https:\/\/www.facebook.com\/GossipIT","article_published_time":"2012-05-27T22:00:00+00:00","og_image":[{"url":"http:\/\/www.gossip.it\/images5\/1338207467_.jpg"}],"author":"La Redazione","twitter_card":"summary_large_image","twitter_image":"http:\/\/www.gossip.it\/images5\/1338207467_.jpg","twitter_creator":"@gossinews_it","twitter_site":"@gossinews_it","twitter_misc":{"Scritto da":"Francesca Romana Domenici","Tempo di lettura stimato":"1 minuto"},"schema":{"@context":"https:\/\/schema.org","@graph":[{"@type":"Article","@id":"https:\/\/www.gossip.it\/news\/roger-federer-papa-premuroso\/#article","isPartOf":{"@id":"https:\/\/www.gossip.it\/news\/roger-federer-papa-premuroso\/"},"author":{"name":"La Redazione","@id":"https:\/\/www.gossip.it\/#\/schema\/person\/488896f75158bff1cc83c6c39d141110"},"headline":"Roger Federer, pap\u00e0 premuroso","datePublished":"2012-05-27T22:00:00+00:00","dateModified":"2012-05-27T22:00:00+00:00","mainEntityOfPage":{"@id":"https:\/\/www.gossip.it\/news\/roger-federer-papa-premuroso\/"},"wordCount":112,"publisher":{"@id":"https:\/\/www.gossip.it\/#organization"},"image":{"@id":"https:\/\/www.gossip.it\/news\/roger-federer-papa-premuroso\/#primaryimage"},"thumbnailUrl":"http:\/\/www.gossip.it\/images5\/1338207467_.jpg","keywords":["charlene","figlia","gossip sport","parigi","rafael nadal","roger federer","roland garros","set","sport","tennis","torno"],"articleSection":["News"],"inLanguage":"it-IT"},{"@type":"WebPage","@id":"https:\/\/www.gossip.it\/news\/roger-federer-papa-premuroso\/","url":"https:\/\/www.gossip.it\/news\/roger-federer-papa-premuroso\/","name":"Roger Federer, pap\u00e0 premuroso - Gossip.it | News sul Gossip e VIP","isPartOf":{"@id":"https:\/\/www.gossip.it\/#website"},"primaryImageOfPage":{"@id":"https:\/\/www.gossip.it\/news\/roger-federer-papa-premuroso\/#primaryimage"},"image":{"@id":"https:\/\/www.gossip.it\/news\/roger-federer-papa-premuroso\/#primaryimage"},"thumbnailUrl":"http:\/\/www.gossip.it\/images5\/1338207467_.jpg","datePublished":"2012-05-27T22:00:00+00:00","dateModified":"2012-05-27T22:00:00+00:00","description":"Non solo campi da tennis e sfide all'ultimo set per lo svizzero Roger Federer. Il campione di tennis, impegnato a Parigi con il Roland Garros, si \u00e8","breadcrumb":{"@id":"https:\/\/www.gossip.it\/news\/roger-federer-papa-premuroso\/#breadcrumb"},"inLanguage":"it-IT","potentialAction":[{"@type":"ReadAction","target":["https:\/\/www.gossip.it\/news\/roger-federer-papa-premuroso\/"]}]},{"@type":"ImageObject","inLanguage":"it-IT","@id":"https:\/\/www.gossip.it\/news\/roger-federer-papa-premuroso\/#primaryimage","url":"http:\/\/www.gossip.it\/images5\/1338207467_.jpg","contentUrl":"http:\/\/www.gossip.it\/images5\/1338207467_.jpg"},{"@type":"BreadcrumbList","@id":"https:\/\/www.gossip.it\/news\/roger-federer-papa-premuroso\/#breadcrumb","itemListElement":[{"@type":"ListItem","position":1,"name":"Home","item":"https:\/\/www.gossip.it\/"},{"@type":"ListItem","position":2,"name":"Roger Federer, pap\u00e0 premuroso"}]},{"@type":"WebSite","@id":"https:\/\/www.gossip.it\/#website","url":"https:\/\/www.gossip.it\/","name":"Gossip and VIP News","description":"Quotidiano di cronaca rosa, costume e societ\u00e0","publisher":{"@id":"https:\/\/www.gossip.it\/#organization"},"alternateName":"Gossip and VIP News","potentialAction":[{"@type":"SearchAction","target":{"@type":"EntryPoint","urlTemplate":"https:\/\/www.gossip.it\/?s={search_term_string}"},"query-input":{"@type":"PropertyValueSpecification","valueRequired":true,"valueName":"search_term_string"}}],"inLanguage":"it-IT"},{"@type":"Organization","@id":"https:\/\/www.gossip.it\/#organization","name":"Gossip and VIP News","alternateName":"Gossip News","url":"https:\/\/www.gossip.it\/","logo":{"@type":"ImageObject","inLanguage":"it-IT","@id":"https:\/\/www.gossip.it\/#\/schema\/logo\/image\/","url":"https:\/\/www.gossip.it\/wp-content\/uploads\/2022\/04\/cropped-corna-alta-tiny.png","contentUrl":"https:\/\/www.gossip.it\/wp-content\/uploads\/2022\/04\/cropped-corna-alta-tiny.png","width":512,"height":512,"caption":"Gossip and VIP News"},"image":{"@id":"https:\/\/www.gossip.it\/#\/schema\/logo\/image\/"},"sameAs":["https:\/\/www.facebook.com\/GossipIT","https:\/\/x.com\/gossinews_it","https:\/\/instagram.com\/gossip_it"]},{"@type":"Person","@id":"https:\/\/www.gossip.it\/#\/schema\/person\/488896f75158bff1cc83c6c39d141110","name":"La Redazione","image":{"@type":"ImageObject","inLanguage":"it-IT","@id":"https:\/\/www.gossip.it\/#\/schema\/person\/image\/","url":"https:\/\/secure.gravatar.com\/avatar\/5a5f5c6fa3e6700e4249abdad0263a1e94e927d9e0499b1cb09c1cd29c044d80?s=96&d=mm&r=g","contentUrl":"https:\/\/secure.gravatar.com\/avatar\/5a5f5c6fa3e6700e4249abdad0263a1e94e927d9e0499b1cb09c1cd29c044d80?s=96&d=mm&r=g","caption":"La Redazione"},"sameAs":["https:\/\/www.gossip.it"]}]}},"amp_enabled":true,"_links":{"self":[{"href":"https:\/\/www.gossip.it\/api\/wp\/v2\/posts\/33633","targetHints":{"allow":["GET"]}}],"collection":[{"href":"https:\/\/www.gossip.it\/api\/wp\/v2\/posts"}],"about":[{"href":"https:\/\/www.gossip.it\/api\/wp\/v2\/types\/post"}],"author":[{"embeddable":true,"href":"https:\/\/www.gossip.it\/api\/wp\/v2\/users\/1"}],"replies":[{"embeddable":true,"href":"https:\/\/www.gossip.it\/api\/wp\/v2\/comments?post=33633"}],"version-history":[{"count":0,"href":"https:\/\/www.gossip.it\/api\/wp\/v2\/posts\/33633\/revisions"}],"wp:featuredmedia":[{"embeddable":true,"href":"https:\/\/www.gossip.it\/api\/wp\/v2\/media\/89679"}],"wp:attachment":[{"href":"https:\/\/www.gossip.it\/api\/wp\/v2\/media?parent=33633"}],"wp:term":[{"taxonomy":"category","embeddable":true,"href":"https:\/\/www.gossip.it\/api\/wp\/v2\/categories?post=33633"},{"taxonomy":"post_tag","embeddable":true,"href":"https:\/\/www.gossip.it\/api\/wp\/v2\/tags?post=33633"},{"taxonomy":"vip","embeddable":true,"href":"https:\/\/www.gossip.it\/api\/wp\/v2\/vip?post=33633"}],"curies":[{"name":"wp","href":"https:\/\/api.w.org\/{rel}","templated":true}]}}