{"id":33692,"date":"2012-06-01T00:00:00","date_gmt":"2012-05-31T22:00:00","guid":{"rendered":"https:\/\/www.gossip.it\/senza-categoria\/riccardo-fogli-padre-bis-a-64-anni\/"},"modified":"2012-06-01T00:00:00","modified_gmt":"2012-05-31T22:00:00","slug":"riccardo-fogli-padre-bis-a-64-anni","status":"publish","type":"post","link":"https:\/\/www.gossip.it\/news\/riccardo-fogli-padre-bis-a-64-anni\/","title":{"rendered":"Riccardo Fogli, padre bis a 64 anni"},"content":{"rendered":"<p>64 anni, sposato da due con la 32enne <b>Karin Trentini<\/b>, professione modella e ballerina, <a href=\"http:\/\/www.gossip.it\/news\/monografia.php?keyword=Riccardo Fogli\">Riccardo Fogli<\/a> sta per diventare di nuovo padre: <em>\"La mia felicit\u00e0<\/em> - dichiara il cantante a <em>Nuovo<\/em> - <em>\u00e8 uguale a quella che provai alla nascita del mio primo figlio. Forse perch\u00e8 da allora il mio animo non \u00e8 cambiato\"<\/em>. Negli Anni '70-'80, l'ex componente dei Pooh fu al centro del gossip per una relazione con <a href=\"http:\/\/www.gossip.it\/news\/monografia.php?keyword=Patty Pravo\">Patty Pravo<\/a>, mentre era ancora sposato con <a href=\"http:\/\/www.gossip.it\/news\/monografia.php?keyword=Viola Valentino\">Viola Valentino<\/a>. Successivamente, ebbe una storia con <b>Stefania Brassi<\/b> che gli diede il<b> primogenito<\/b>.<\/p>\n<p>Il 12 giugno del 2010 ha sposato la sua Karin e ora i due hanno ricevuto la visita della cicogna. Fogli dichiara di essere: <em>\"Al settimo cielo, per niente preoccupato. Una cosa cos\u00ec bella e naturale come la nascita di una nuova vita<\/em> - racconta - <em>va accolta in un clima di pura gioia. Karin e io ci amiamo, avere un figlio \u00e8 il coronamento pi\u00f9 logico della nostra intesa\"<\/em>. Il fiocco sar\u00e0 rosa e il parto \u00e8 previsto per fine giugno: <em>\"<b>Spero di essere presente in sala parto<\/b><\/em> - dichiara Riccardo - <em>per dividere con mia moglie un momento cos\u00ec importante. Non ne sono certo al 100 per cento, perch\u00e9 sono sempre in giro con i miei <b>concerti<\/b>. E non posso permettermi di allentare i ritmi visto che <b>lavoro per mantenere la famiglia<\/b>. Prima, anche in viaggio, mia moglie era sempre con me, ma ora se ne sta a casa in attesa\"<\/em>. E, assicura, non chiamer\u00e0 la bimba <b>Katy<\/b> (come il titolo di una delle sue canzoni pi\u00f9 celebri, <b>\"Piccola Katy\"<\/b>).<\/p>\n","protected":false},"excerpt":{"rendered":"<p>64 anni, sposato da due con la 32enne Karin Trentini, professione modella e ballerina, Riccardo Fogli sta per diventare di nuovo padre: \"La mia felicit\u00e0 - dichiara il cantante a Nuovo - \u00e8 uguale a quella che provai alla nascita del mio primo figlio. Forse perch\u00e8 da allora il mio animo non \u00e8 cambiato\". Negli [&hellip;]<\/p>\n","protected":false},"author":1,"featured_media":89738,"comment_status":"closed","ping_status":"closed","sticky":false,"template":"","format":"standard","meta":{"footnotes":""},"categories":[54],"tags":[1942,14716,3297,2181,37808,2408,4206,2097,24580],"vip":[1494,1560],"class_list":["post-33692","post","type-post","status-publish","format-standard","has-post-thumbnail","hentry","category-news","tag-figlio","tag-gossip-musica","tag-gossip-tv","tag-gravidanza","tag-karin-trentini","tag-musica","tag-pooh","tag-tv","tag-viola-valentino","vip-patty_pravo","vip-riccardo_fogli"],"yoast_head":"<title>Riccardo Fogli, padre bis a 64 anni - Gossip.it | News sul Gossip e VIP<\/title>\n<meta name=\"description\" content=\"64 anni, sposato da due con la 32enne Karin Trentini, professione modella e ballerina, Riccardo Fogli sta per diventare di nuovo padre: &quot;La mia felicit\u00e0 -\" \/>\n<meta name=\"robots\" content=\"index, follow, max-snippet:-1, max-image-preview:large, max-video-preview:-1\" \/>\n<link rel=\"canonical\" href=\"https:\/\/www.gossip.it\/news\/riccardo-fogli-padre-bis-a-64-anni\/\" \/>\n<meta property=\"og:locale\" content=\"it_IT\" \/>\n<meta property=\"og:type\" content=\"article\" \/>\n<meta property=\"og:title\" content=\"Riccardo Fogli, padre bis a 64 anni - Gossip.it | News sul Gossip e VIP\" \/>\n<meta property=\"og:description\" content=\"64 anni, sposato da due con la 32enne Karin Trentini, professione modella e ballerina, Riccardo Fogli sta per diventare di nuovo padre: &quot;La mia felicit\u00e0 -\" \/>\n<meta property=\"og:url\" content=\"https:\/\/www.gossip.it\/news\/riccardo-fogli-padre-bis-a-64-anni\/\" \/>\n<meta property=\"og:site_name\" content=\"Gossip.it | News sul Gossip e VIP\" \/>\n<meta property=\"article:publisher\" content=\"https:\/\/www.facebook.com\/GossipIT\" \/>\n<meta property=\"article:published_time\" content=\"2012-05-31T22:00:00+00:00\" \/>\n<meta property=\"og:image\" content=\"http:\/\/www.gossip.it\/images5\/1338550616_.jpg\" \/>\n<meta name=\"author\" content=\"La Redazione\" \/>\n<meta name=\"twitter:card\" content=\"summary_large_image\" \/>\n<meta name=\"twitter:image\" content=\"http:\/\/www.gossip.it\/images5\/1338550616_.jpg\" \/>\n<meta name=\"twitter:creator\" content=\"@gossinews_it\" \/>\n<meta name=\"twitter:site\" content=\"@gossinews_it\" \/>\n<meta name=\"twitter:label1\" content=\"Scritto da\" \/>\n\t<meta name=\"twitter:data1\" content=\"Francesca Romana Domenici\" \/>\n\t<meta name=\"twitter:label2\" content=\"Tempo di lettura stimato\" \/>\n\t<meta name=\"twitter:data2\" content=\"1 minuto\" \/>","yoast_head_json":{"title":"Riccardo Fogli, padre bis a 64 anni - Gossip.it | News sul Gossip e VIP","description":"64 anni, sposato da due con la 32enne Karin Trentini, professione modella e ballerina, Riccardo Fogli sta per diventare di nuovo padre: \"La mia felicit\u00e0 -","robots":{"index":"index","follow":"follow","max-snippet":"max-snippet:-1","max-image-preview":"max-image-preview:large","max-video-preview":"max-video-preview:-1"},"canonical":"https:\/\/www.gossip.it\/news\/riccardo-fogli-padre-bis-a-64-anni\/","og_locale":"it_IT","og_type":"article","og_title":"Riccardo Fogli, padre bis a 64 anni - Gossip.it | News sul Gossip e VIP","og_description":"64 anni, sposato da due con la 32enne Karin Trentini, professione modella e ballerina, Riccardo Fogli sta per diventare di nuovo padre: \"La mia felicit\u00e0 -","og_url":"https:\/\/www.gossip.it\/news\/riccardo-fogli-padre-bis-a-64-anni\/","og_site_name":"Gossip.it | News sul Gossip e VIP","article_publisher":"https:\/\/www.facebook.com\/GossipIT","article_published_time":"2012-05-31T22:00:00+00:00","og_image":[{"url":"http:\/\/www.gossip.it\/images5\/1338550616_.jpg"}],"author":"La Redazione","twitter_card":"summary_large_image","twitter_image":"http:\/\/www.gossip.it\/images5\/1338550616_.jpg","twitter_creator":"@gossinews_it","twitter_site":"@gossinews_it","twitter_misc":{"Scritto da":"Francesca Romana Domenici","Tempo di lettura stimato":"1 minuto"},"schema":{"@context":"https:\/\/schema.org","@graph":[{"@type":"Article","@id":"https:\/\/www.gossip.it\/news\/riccardo-fogli-padre-bis-a-64-anni\/#article","isPartOf":{"@id":"https:\/\/www.gossip.it\/news\/riccardo-fogli-padre-bis-a-64-anni\/"},"author":{"name":"La Redazione","@id":"https:\/\/www.gossip.it\/#\/schema\/person\/488896f75158bff1cc83c6c39d141110"},"headline":"Riccardo Fogli, padre bis a 64 anni","datePublished":"2012-05-31T22:00:00+00:00","dateModified":"2012-05-31T22:00:00+00:00","mainEntityOfPage":{"@id":"https:\/\/www.gossip.it\/news\/riccardo-fogli-padre-bis-a-64-anni\/"},"wordCount":262,"publisher":{"@id":"https:\/\/www.gossip.it\/#organization"},"image":{"@id":"https:\/\/www.gossip.it\/news\/riccardo-fogli-padre-bis-a-64-anni\/#primaryimage"},"thumbnailUrl":"http:\/\/www.gossip.it\/images5\/1338550616_.jpg","keywords":["figlio","gossip musica","gossip.tv","gravidanza","karin trentini","musica","pooh","tv","Viola Valentino"],"articleSection":["News"],"inLanguage":"it-IT"},{"@type":"WebPage","@id":"https:\/\/www.gossip.it\/news\/riccardo-fogli-padre-bis-a-64-anni\/","url":"https:\/\/www.gossip.it\/news\/riccardo-fogli-padre-bis-a-64-anni\/","name":"Riccardo Fogli, padre bis a 64 anni - Gossip.it | News sul Gossip e VIP","isPartOf":{"@id":"https:\/\/www.gossip.it\/#website"},"primaryImageOfPage":{"@id":"https:\/\/www.gossip.it\/news\/riccardo-fogli-padre-bis-a-64-anni\/#primaryimage"},"image":{"@id":"https:\/\/www.gossip.it\/news\/riccardo-fogli-padre-bis-a-64-anni\/#primaryimage"},"thumbnailUrl":"http:\/\/www.gossip.it\/images5\/1338550616_.jpg","datePublished":"2012-05-31T22:00:00+00:00","dateModified":"2012-05-31T22:00:00+00:00","description":"64 anni, sposato da due con la 32enne Karin Trentini, professione modella e ballerina, Riccardo Fogli sta per diventare di nuovo padre: \"La mia felicit\u00e0 -","breadcrumb":{"@id":"https:\/\/www.gossip.it\/news\/riccardo-fogli-padre-bis-a-64-anni\/#breadcrumb"},"inLanguage":"it-IT","potentialAction":[{"@type":"ReadAction","target":["https:\/\/www.gossip.it\/news\/riccardo-fogli-padre-bis-a-64-anni\/"]}]},{"@type":"ImageObject","inLanguage":"it-IT","@id":"https:\/\/www.gossip.it\/news\/riccardo-fogli-padre-bis-a-64-anni\/#primaryimage","url":"http:\/\/www.gossip.it\/images5\/1338550616_.jpg","contentUrl":"http:\/\/www.gossip.it\/images5\/1338550616_.jpg"},{"@type":"BreadcrumbList","@id":"https:\/\/www.gossip.it\/news\/riccardo-fogli-padre-bis-a-64-anni\/#breadcrumb","itemListElement":[{"@type":"ListItem","position":1,"name":"Home","item":"https:\/\/www.gossip.it\/"},{"@type":"ListItem","position":2,"name":"Riccardo Fogli, padre bis a 64 anni"}]},{"@type":"WebSite","@id":"https:\/\/www.gossip.it\/#website","url":"https:\/\/www.gossip.it\/","name":"Gossip and VIP News","description":"Quotidiano di cronaca rosa, costume e societ\u00e0","publisher":{"@id":"https:\/\/www.gossip.it\/#organization"},"alternateName":"Gossip and VIP News","potentialAction":[{"@type":"SearchAction","target":{"@type":"EntryPoint","urlTemplate":"https:\/\/www.gossip.it\/?s={search_term_string}"},"query-input":{"@type":"PropertyValueSpecification","valueRequired":true,"valueName":"search_term_string"}}],"inLanguage":"it-IT"},{"@type":"Organization","@id":"https:\/\/www.gossip.it\/#organization","name":"Gossip and VIP News","alternateName":"Gossip News","url":"https:\/\/www.gossip.it\/","logo":{"@type":"ImageObject","inLanguage":"it-IT","@id":"https:\/\/www.gossip.it\/#\/schema\/logo\/image\/","url":"https:\/\/www.gossip.it\/wp-content\/uploads\/2022\/04\/cropped-corna-alta-tiny.png","contentUrl":"https:\/\/www.gossip.it\/wp-content\/uploads\/2022\/04\/cropped-corna-alta-tiny.png","width":512,"height":512,"caption":"Gossip and VIP News"},"image":{"@id":"https:\/\/www.gossip.it\/#\/schema\/logo\/image\/"},"sameAs":["https:\/\/www.facebook.com\/GossipIT","https:\/\/x.com\/gossinews_it","https:\/\/instagram.com\/gossip_it"]},{"@type":"Person","@id":"https:\/\/www.gossip.it\/#\/schema\/person\/488896f75158bff1cc83c6c39d141110","name":"La Redazione","image":{"@type":"ImageObject","inLanguage":"it-IT","@id":"https:\/\/www.gossip.it\/#\/schema\/person\/image\/","url":"https:\/\/secure.gravatar.com\/avatar\/5a5f5c6fa3e6700e4249abdad0263a1e94e927d9e0499b1cb09c1cd29c044d80?s=96&d=mm&r=g","contentUrl":"https:\/\/secure.gravatar.com\/avatar\/5a5f5c6fa3e6700e4249abdad0263a1e94e927d9e0499b1cb09c1cd29c044d80?s=96&d=mm&r=g","caption":"La Redazione"},"sameAs":["https:\/\/www.gossip.it"]}]}},"amp_enabled":true,"_links":{"self":[{"href":"https:\/\/www.gossip.it\/api\/wp\/v2\/posts\/33692","targetHints":{"allow":["GET"]}}],"collection":[{"href":"https:\/\/www.gossip.it\/api\/wp\/v2\/posts"}],"about":[{"href":"https:\/\/www.gossip.it\/api\/wp\/v2\/types\/post"}],"author":[{"embeddable":true,"href":"https:\/\/www.gossip.it\/api\/wp\/v2\/users\/1"}],"replies":[{"embeddable":true,"href":"https:\/\/www.gossip.it\/api\/wp\/v2\/comments?post=33692"}],"version-history":[{"count":0,"href":"https:\/\/www.gossip.it\/api\/wp\/v2\/posts\/33692\/revisions"}],"wp:featuredmedia":[{"embeddable":true,"href":"https:\/\/www.gossip.it\/api\/wp\/v2\/media\/89738"}],"wp:attachment":[{"href":"https:\/\/www.gossip.it\/api\/wp\/v2\/media?parent=33692"}],"wp:term":[{"taxonomy":"category","embeddable":true,"href":"https:\/\/www.gossip.it\/api\/wp\/v2\/categories?post=33692"},{"taxonomy":"post_tag","embeddable":true,"href":"https:\/\/www.gossip.it\/api\/wp\/v2\/tags?post=33692"},{"taxonomy":"vip","embeddable":true,"href":"https:\/\/www.gossip.it\/api\/wp\/v2\/vip?post=33692"}],"curies":[{"name":"wp","href":"https:\/\/api.w.org\/{rel}","templated":true}]}}