{"id":34076,"date":"2012-07-06T00:00:00","date_gmt":"2012-07-05T22:00:00","guid":{"rendered":"https:\/\/www.gossip.it\/senza-categoria\/cristina-e-benedetta-parodi-finalmente-insieme-su-la7\/"},"modified":"2012-07-06T00:00:00","modified_gmt":"2012-07-05T22:00:00","slug":"cristina-e-benedetta-parodi-finalmente-insieme-su-la7","status":"publish","type":"post","link":"https:\/\/www.gossip.it\/news\/cristina-e-benedetta-parodi-finalmente-insieme-su-la7\/","title":{"rendered":"Cristina e Benedetta Parodi, finalmente insieme su La7"},"content":{"rendered":"<p><b>La7<\/b> riunisce le sorelle pi\u00f9 gettonate della <a href=\"http:\/\/www.gossip.it\/news\/monografia.php?keyword=tv\">tv<\/a>: <b>Cristina e Benedetta Parodi<\/b>. <em>\"Finalmente potremo stare insieme!\"<\/em>, hanno esclamato le due giornaliste alla presentazione dei palinsesti della rete a Milano.<br \/>\n<a href=\"http:\/\/www.gossip.it\/news\/monografia.php?keyword=Cristina Parodi\">Cristina Parodi<\/a> nella prossima stagione condurr\u00e0 dalle 14 un programma quotidiano di circa due ore, in diretta dal luned\u00ec al venerd\u00ec, che racconter\u00e0 l'attualit\u00e0, la cronaca, le tendenze e i costumi, in Italia e nel mondo, avvalendosi di servizi e con l'aiuto di opinionisti in studio e del pubblico da casa. La trasmissione avr\u00e0 pure un seguito alle 17.50 di circa mezz'ora per poi dare la linea ai <b>\u201cMen\u00f9 di Benedetta\u201d<\/b>, in cui <a href=\"http:\/\/www.gossip.it\/news\/monografia.php?keyword=Benedetta Parodi\">Benedetta Parodi<\/a> sveler\u00e0 i suoi segreti in cucina. A seguire il <b>\"G Day\"<\/b>, con <a href=\"http:\/\/www.gossip.it\/news\/monografia.php?keyword=Geppi Cucciari\">Geppi Cucciari<\/a>.<\/p>\n<p>Rimangono punti fermi e inossidabili le quattro edizioni quotidiane del <b>TgLa7<\/b> delle 7.30, delle 13.30, delle 20.00 e della notte, diretto da <a href=\"http:\/\/www.gossip.it\/news\/monografia.php?keyword=Enrico Mentana\">Enrico Mentana<\/a>, come pure gli approfondimenti speciali del telegiornale. Confermati <a href=\"http:\/\/www.gossip.it\/news\/monografia.php?keyword=Maurizio Crozza\">Maurizio Crozza<\/a>, <a href=\"http:\/\/www.gossip.it\/news\/monografia.php?keyword=Gad Lerner\">Gad Lerner<\/a>, <a href=\"http:\/\/www.gossip.it\/news\/monografia.php?keyword=Lilli Gruber\">Lilli Gruber<\/a>, come pure gli altri volti noti. In autunno previste serate evento con <a href=\"http:\/\/www.gossip.it\/news\/monografia.php?keyword=Corrado Guzzanti\">Corrado Guzzanti<\/a>. Nel 2013 potrebbe arrivare anche <a href=\"http:\/\/www.gossip.it\/news\/monografia.php?keyword=Roberto Saviano\">Roberto Saviano<\/a>. New entry importante, <a href=\"http:\/\/www.gossip.it\/news\/monografia.php?keyword=Michele Santoro\">Michele Santoro<\/a>, che sbarcher\u00e0 su La7 con <b>\"Servizio Pubblico\"<\/b>. L'ad <b>Stella<\/b> ha raggiunto l'accordo, a patto che sia Santoro stesso a pagare i danni per eventuali querele: <em>\"Lo pago in funzione degli ascolti che raggiungo, ho stabilito una scaletta che mi consente di rendere il programma redditizio\"<\/em>.<\/p>\n<p>Le Parodi sorridono, la family si riunisce sotto una nuova stella.<\/p>\n","protected":false},"excerpt":{"rendered":"<p>La7 riunisce le sorelle pi\u00f9 gettonate della tv: Cristina e Benedetta Parodi. \"Finalmente potremo stare insieme!\", hanno esclamato le due giornaliste alla presentazione dei palinsesti della rete a Milano. Cristina Parodi nella prossima stagione condurr\u00e0 dalle 14 un programma quotidiano di circa due ore, in diretta dal luned\u00ec al venerd\u00ec, che racconter\u00e0 l'attualit\u00e0, la cronaca, [&hellip;]<\/p>\n","protected":false},"author":1,"featured_media":90122,"comment_status":"closed","ping_status":"closed","sticky":false,"template":"","format":"standard","meta":{"footnotes":""},"categories":[54],"tags":[14010,19960,30885,2168,3297,11857,29643,15969,25960,32824,31242,2097],"vip":[401,528,543],"class_list":["post-34076","post","type-post","status-publish","format-standard","has-post-thumbnail","hentry","category-news","tag-enrico-mentana","tag-gad-lerner","tag-geppy-cucciari","tag-giornalista","tag-gossip-tv","tag-la7","tag-lilli-gruber","tag-maurizio-crozza","tag-michele-santoro","tag-palinsesti","tag-roberto-saviano","tag-tv","vip-benedetta_parodi","vip-corrado_guzzanti","vip-cristina_parodi"],"yoast_head":"<title>Cristina e Benedetta Parodi, finalmente insieme su La7 - Gossip.it | News sul Gossip e VIP<\/title>\n<meta name=\"description\" content=\"La7 riunisce le sorelle pi\u00f9 gettonate della tv: Cristina e Benedetta Parodi. &quot;Finalmente potremo stare insieme!&quot;, hanno esclamato le due giornaliste alla\" \/>\n<meta name=\"robots\" content=\"index, follow, max-snippet:-1, max-image-preview:large, max-video-preview:-1\" \/>\n<link rel=\"canonical\" href=\"https:\/\/www.gossip.it\/news\/cristina-e-benedetta-parodi-finalmente-insieme-su-la7\/\" \/>\n<meta property=\"og:locale\" content=\"it_IT\" \/>\n<meta property=\"og:type\" content=\"article\" \/>\n<meta property=\"og:title\" content=\"Cristina e Benedetta Parodi, finalmente insieme su La7 - Gossip.it | News sul Gossip e VIP\" \/>\n<meta property=\"og:description\" content=\"La7 riunisce le sorelle pi\u00f9 gettonate della tv: Cristina e Benedetta Parodi. &quot;Finalmente potremo stare insieme!&quot;, hanno esclamato le due giornaliste alla\" \/>\n<meta property=\"og:url\" content=\"https:\/\/www.gossip.it\/news\/cristina-e-benedetta-parodi-finalmente-insieme-su-la7\/\" \/>\n<meta property=\"og:site_name\" content=\"Gossip.it | News sul Gossip e VIP\" \/>\n<meta property=\"article:publisher\" content=\"https:\/\/www.facebook.com\/GossipIT\" \/>\n<meta property=\"article:published_time\" content=\"2012-07-05T22:00:00+00:00\" \/>\n<meta property=\"og:image\" content=\"http:\/\/www.gossip.it\/images5\/1341574140_cristina-parodi-benedetta-parodi.jpg\" \/>\n<meta name=\"author\" content=\"La Redazione\" \/>\n<meta name=\"twitter:card\" content=\"summary_large_image\" \/>\n<meta name=\"twitter:image\" content=\"http:\/\/www.gossip.it\/images5\/1341574140_cristina-parodi-benedetta-parodi.jpg\" \/>\n<meta name=\"twitter:creator\" content=\"@gossinews_it\" \/>\n<meta name=\"twitter:site\" content=\"@gossinews_it\" \/>\n<meta name=\"twitter:label1\" content=\"Scritto da\" \/>\n\t<meta name=\"twitter:data1\" content=\"Annamaria Capozzi\" \/>\n\t<meta name=\"twitter:label2\" content=\"Tempo di lettura stimato\" \/>\n\t<meta name=\"twitter:data2\" content=\"1 minuto\" \/>","yoast_head_json":{"title":"Cristina e Benedetta Parodi, finalmente insieme su La7 - Gossip.it | News sul Gossip e VIP","description":"La7 riunisce le sorelle pi\u00f9 gettonate della tv: Cristina e Benedetta Parodi. \"Finalmente potremo stare insieme!\", hanno esclamato le due giornaliste alla","robots":{"index":"index","follow":"follow","max-snippet":"max-snippet:-1","max-image-preview":"max-image-preview:large","max-video-preview":"max-video-preview:-1"},"canonical":"https:\/\/www.gossip.it\/news\/cristina-e-benedetta-parodi-finalmente-insieme-su-la7\/","og_locale":"it_IT","og_type":"article","og_title":"Cristina e Benedetta Parodi, finalmente insieme su La7 - Gossip.it | News sul Gossip e VIP","og_description":"La7 riunisce le sorelle pi\u00f9 gettonate della tv: Cristina e Benedetta Parodi. \"Finalmente potremo stare insieme!\", hanno esclamato le due giornaliste alla","og_url":"https:\/\/www.gossip.it\/news\/cristina-e-benedetta-parodi-finalmente-insieme-su-la7\/","og_site_name":"Gossip.it | News sul Gossip e VIP","article_publisher":"https:\/\/www.facebook.com\/GossipIT","article_published_time":"2012-07-05T22:00:00+00:00","og_image":[{"url":"http:\/\/www.gossip.it\/images5\/1341574140_cristina-parodi-benedetta-parodi.jpg"}],"author":"La Redazione","twitter_card":"summary_large_image","twitter_image":"http:\/\/www.gossip.it\/images5\/1341574140_cristina-parodi-benedetta-parodi.jpg","twitter_creator":"@gossinews_it","twitter_site":"@gossinews_it","twitter_misc":{"Scritto da":"Annamaria Capozzi","Tempo di lettura stimato":"1 minuto"},"schema":{"@context":"https:\/\/schema.org","@graph":[{"@type":"Article","@id":"https:\/\/www.gossip.it\/news\/cristina-e-benedetta-parodi-finalmente-insieme-su-la7\/#article","isPartOf":{"@id":"https:\/\/www.gossip.it\/news\/cristina-e-benedetta-parodi-finalmente-insieme-su-la7\/"},"author":{"name":"La Redazione","@id":"https:\/\/www.gossip.it\/#\/schema\/person\/488896f75158bff1cc83c6c39d141110"},"headline":"Cristina e Benedetta Parodi, finalmente insieme su La7","datePublished":"2012-07-05T22:00:00+00:00","dateModified":"2012-07-05T22:00:00+00:00","mainEntityOfPage":{"@id":"https:\/\/www.gossip.it\/news\/cristina-e-benedetta-parodi-finalmente-insieme-su-la7\/"},"wordCount":245,"publisher":{"@id":"https:\/\/www.gossip.it\/#organization"},"image":{"@id":"https:\/\/www.gossip.it\/news\/cristina-e-benedetta-parodi-finalmente-insieme-su-la7\/#primaryimage"},"thumbnailUrl":"http:\/\/www.gossip.it\/images5\/1341574140_cristina-parodi-benedetta-parodi.jpg","keywords":["enrico mentana","gad lerner","geppy cucciari","giornalista","gossip.tv","la7","lilli gruber","maurizio crozza","michele santoro","palinsesti","roberto saviano","tv"],"articleSection":["News"],"inLanguage":"it-IT"},{"@type":"WebPage","@id":"https:\/\/www.gossip.it\/news\/cristina-e-benedetta-parodi-finalmente-insieme-su-la7\/","url":"https:\/\/www.gossip.it\/news\/cristina-e-benedetta-parodi-finalmente-insieme-su-la7\/","name":"Cristina e Benedetta Parodi, finalmente insieme su La7 - Gossip.it | News sul Gossip e VIP","isPartOf":{"@id":"https:\/\/www.gossip.it\/#website"},"primaryImageOfPage":{"@id":"https:\/\/www.gossip.it\/news\/cristina-e-benedetta-parodi-finalmente-insieme-su-la7\/#primaryimage"},"image":{"@id":"https:\/\/www.gossip.it\/news\/cristina-e-benedetta-parodi-finalmente-insieme-su-la7\/#primaryimage"},"thumbnailUrl":"http:\/\/www.gossip.it\/images5\/1341574140_cristina-parodi-benedetta-parodi.jpg","datePublished":"2012-07-05T22:00:00+00:00","dateModified":"2012-07-05T22:00:00+00:00","description":"La7 riunisce le sorelle pi\u00f9 gettonate della tv: Cristina e Benedetta Parodi. \"Finalmente potremo stare insieme!\", hanno esclamato le due giornaliste alla","breadcrumb":{"@id":"https:\/\/www.gossip.it\/news\/cristina-e-benedetta-parodi-finalmente-insieme-su-la7\/#breadcrumb"},"inLanguage":"it-IT","potentialAction":[{"@type":"ReadAction","target":["https:\/\/www.gossip.it\/news\/cristina-e-benedetta-parodi-finalmente-insieme-su-la7\/"]}]},{"@type":"ImageObject","inLanguage":"it-IT","@id":"https:\/\/www.gossip.it\/news\/cristina-e-benedetta-parodi-finalmente-insieme-su-la7\/#primaryimage","url":"http:\/\/www.gossip.it\/images5\/1341574140_cristina-parodi-benedetta-parodi.jpg","contentUrl":"http:\/\/www.gossip.it\/images5\/1341574140_cristina-parodi-benedetta-parodi.jpg"},{"@type":"BreadcrumbList","@id":"https:\/\/www.gossip.it\/news\/cristina-e-benedetta-parodi-finalmente-insieme-su-la7\/#breadcrumb","itemListElement":[{"@type":"ListItem","position":1,"name":"Home","item":"https:\/\/www.gossip.it\/"},{"@type":"ListItem","position":2,"name":"Cristina e Benedetta Parodi, finalmente insieme su La7"}]},{"@type":"WebSite","@id":"https:\/\/www.gossip.it\/#website","url":"https:\/\/www.gossip.it\/","name":"Gossip and VIP News","description":"Quotidiano di cronaca rosa, costume e societ\u00e0","publisher":{"@id":"https:\/\/www.gossip.it\/#organization"},"alternateName":"Gossip and VIP News","potentialAction":[{"@type":"SearchAction","target":{"@type":"EntryPoint","urlTemplate":"https:\/\/www.gossip.it\/?s={search_term_string}"},"query-input":{"@type":"PropertyValueSpecification","valueRequired":true,"valueName":"search_term_string"}}],"inLanguage":"it-IT"},{"@type":"Organization","@id":"https:\/\/www.gossip.it\/#organization","name":"Gossip and VIP News","alternateName":"Gossip News","url":"https:\/\/www.gossip.it\/","logo":{"@type":"ImageObject","inLanguage":"it-IT","@id":"https:\/\/www.gossip.it\/#\/schema\/logo\/image\/","url":"https:\/\/www.gossip.it\/wp-content\/uploads\/2022\/04\/cropped-corna-alta-tiny.png","contentUrl":"https:\/\/www.gossip.it\/wp-content\/uploads\/2022\/04\/cropped-corna-alta-tiny.png","width":512,"height":512,"caption":"Gossip and VIP News"},"image":{"@id":"https:\/\/www.gossip.it\/#\/schema\/logo\/image\/"},"sameAs":["https:\/\/www.facebook.com\/GossipIT","https:\/\/x.com\/gossinews_it","https:\/\/instagram.com\/gossip_it"]},{"@type":"Person","@id":"https:\/\/www.gossip.it\/#\/schema\/person\/488896f75158bff1cc83c6c39d141110","name":"La Redazione","image":{"@type":"ImageObject","inLanguage":"it-IT","@id":"https:\/\/www.gossip.it\/#\/schema\/person\/image\/","url":"https:\/\/secure.gravatar.com\/avatar\/5a5f5c6fa3e6700e4249abdad0263a1e94e927d9e0499b1cb09c1cd29c044d80?s=96&d=mm&r=g","contentUrl":"https:\/\/secure.gravatar.com\/avatar\/5a5f5c6fa3e6700e4249abdad0263a1e94e927d9e0499b1cb09c1cd29c044d80?s=96&d=mm&r=g","caption":"La Redazione"},"sameAs":["https:\/\/www.gossip.it"]}]}},"amp_enabled":true,"_links":{"self":[{"href":"https:\/\/www.gossip.it\/api\/wp\/v2\/posts\/34076","targetHints":{"allow":["GET"]}}],"collection":[{"href":"https:\/\/www.gossip.it\/api\/wp\/v2\/posts"}],"about":[{"href":"https:\/\/www.gossip.it\/api\/wp\/v2\/types\/post"}],"author":[{"embeddable":true,"href":"https:\/\/www.gossip.it\/api\/wp\/v2\/users\/1"}],"replies":[{"embeddable":true,"href":"https:\/\/www.gossip.it\/api\/wp\/v2\/comments?post=34076"}],"version-history":[{"count":0,"href":"https:\/\/www.gossip.it\/api\/wp\/v2\/posts\/34076\/revisions"}],"wp:featuredmedia":[{"embeddable":true,"href":"https:\/\/www.gossip.it\/api\/wp\/v2\/media\/90122"}],"wp:attachment":[{"href":"https:\/\/www.gossip.it\/api\/wp\/v2\/media?parent=34076"}],"wp:term":[{"taxonomy":"category","embeddable":true,"href":"https:\/\/www.gossip.it\/api\/wp\/v2\/categories?post=34076"},{"taxonomy":"post_tag","embeddable":true,"href":"https:\/\/www.gossip.it\/api\/wp\/v2\/tags?post=34076"},{"taxonomy":"vip","embeddable":true,"href":"https:\/\/www.gossip.it\/api\/wp\/v2\/vip?post=34076"}],"curies":[{"name":"wp","href":"https:\/\/api.w.org\/{rel}","templated":true}]}}