{"id":34421,"date":"2012-08-17T00:00:00","date_gmt":"2012-08-16T22:00:00","guid":{"rendered":"https:\/\/www.gossip.it\/senza-categoria\/lele-mora-vacanze-in-montanga-foto\/"},"modified":"2012-08-17T00:00:00","modified_gmt":"2012-08-16T22:00:00","slug":"lele-mora-vacanze-in-montanga-foto","status":"publish","type":"post","link":"https:\/\/www.gossip.it\/news\/lele-mora-vacanze-in-montanga-foto\/","title":{"rendered":"Lele Mora, vacanze in montanga: foto"},"content":{"rendered":"<p>Il ferragosto del 2011 lo ha passato in <b>cella<\/b> nel carcere di Opera. Quest'anno invece <a href=\"http:\/\/www.gossip.it\/news\/monografia.php?keyword=Lele Mora\">Lele Mora<\/a>, tornato libero, ha scelto di trascorrere la festivit\u00e0 estiva sempre <b>al fresco<\/b>, ma quello, molto pi\u00f9 gradevole, delle vette alpine.<\/p>\n<p>L'ex manager dei vip, che da ora in poi vuole farsi chiamare Gabriele e non pi\u00f9 Lele, dice di aver cambiato vita. Eppure la localit\u00e0 turistica scelta per le vacanze non \u00e8 stata proprio anonima: \u00e8 stato infatti fotografato a <b>Courmayeur<\/b>, ritrovo valdostano dell'<b>alta societ\u00e0<\/b> italiana e non solo.<\/p>\n<p>Eccolo a passeggio insieme alla figlia <b>Diana<\/b> per le strade della cittadina. In <b>tuta<\/b>, dimesso nell'espressione e nell'abbigliamento. <b>Magrissimo<\/b>, chiacchiera con qualche amico e legge un giornale.<\/p>\n<p>Le foto di Lele Mora a Ferragosto a Courmayeur con la figlia sono su GossipNews.<\/p>\n","protected":false},"excerpt":{"rendered":"<p>Il ferragosto del 2011 lo ha passato in cella nel carcere di Opera. Quest'anno invece Lele Mora, tornato libero, ha scelto di trascorrere la festivit\u00e0 estiva sempre al fresco, ma quello, molto pi\u00f9 gradevole, delle vette alpine. L'ex manager dei vip, che da ora in poi vuole farsi chiamare Gabriele e non pi\u00f9 Lele, dice [&hellip;]<\/p>\n","protected":false},"author":1,"featured_media":90467,"comment_status":"closed","ping_status":"closed","sticky":false,"template":"","format":"standard","meta":{"footnotes":""},"categories":[54],"tags":[11407,36055,2622],"vip":[1091],"class_list":["post-34421","post","type-post","status-publish","format-standard","has-post-thumbnail","hentry","category-news","tag-courmayeur","tag-diana-mora","tag-estate","vip-lele_mora"],"yoast_head":"<title>Lele Mora, vacanze in montanga: foto - Gossip.it | News sul Gossip e VIP<\/title>\n<meta name=\"description\" content=\"Il ferragosto del 2011 lo ha passato in cella nel carcere di Opera. Quest&#039;anno invece Lele Mora, tornato libero, ha scelto di trascorrere la festivit\u00e0\" \/>\n<meta name=\"robots\" content=\"index, follow, max-snippet:-1, max-image-preview:large, max-video-preview:-1\" \/>\n<link rel=\"canonical\" href=\"https:\/\/www.gossip.it\/news\/lele-mora-vacanze-in-montanga-foto\/\" \/>\n<meta property=\"og:locale\" content=\"it_IT\" \/>\n<meta property=\"og:type\" content=\"article\" \/>\n<meta property=\"og:title\" content=\"Lele Mora, vacanze in montanga: foto - Gossip.it | News sul Gossip e VIP\" \/>\n<meta property=\"og:description\" content=\"Il ferragosto del 2011 lo ha passato in cella nel carcere di Opera. Quest&#039;anno invece Lele Mora, tornato libero, ha scelto di trascorrere la festivit\u00e0\" \/>\n<meta property=\"og:url\" content=\"https:\/\/www.gossip.it\/news\/lele-mora-vacanze-in-montanga-foto\/\" \/>\n<meta property=\"og:site_name\" content=\"Gossip.it | News sul Gossip e VIP\" \/>\n<meta property=\"article:publisher\" content=\"https:\/\/www.facebook.com\/GossipIT\" \/>\n<meta property=\"article:published_time\" content=\"2012-08-16T22:00:00+00:00\" \/>\n<meta property=\"og:image\" content=\"http:\/\/www.gossip.it\/images5\/1345159618_.jpg\" \/>\n<meta name=\"author\" content=\"La Redazione\" \/>\n<meta name=\"twitter:card\" content=\"summary_large_image\" \/>\n<meta name=\"twitter:image\" content=\"http:\/\/www.gossip.it\/images5\/1345159618_.jpg\" \/>\n<meta name=\"twitter:creator\" content=\"@gossinews_it\" \/>\n<meta name=\"twitter:site\" content=\"@gossinews_it\" \/>\n<meta name=\"twitter:label1\" content=\"Scritto da\" \/>\n\t<meta name=\"twitter:data1\" content=\"la Redazione\" \/>\n\t<meta name=\"twitter:label2\" content=\"Tempo di lettura stimato\" \/>\n\t<meta name=\"twitter:data2\" content=\"1 minuto\" \/>","yoast_head_json":{"title":"Lele Mora, vacanze in montanga: foto - Gossip.it | News sul Gossip e VIP","description":"Il ferragosto del 2011 lo ha passato in cella nel carcere di Opera. Quest'anno invece Lele Mora, tornato libero, ha scelto di trascorrere la festivit\u00e0","robots":{"index":"index","follow":"follow","max-snippet":"max-snippet:-1","max-image-preview":"max-image-preview:large","max-video-preview":"max-video-preview:-1"},"canonical":"https:\/\/www.gossip.it\/news\/lele-mora-vacanze-in-montanga-foto\/","og_locale":"it_IT","og_type":"article","og_title":"Lele Mora, vacanze in montanga: foto - Gossip.it | News sul Gossip e VIP","og_description":"Il ferragosto del 2011 lo ha passato in cella nel carcere di Opera. Quest'anno invece Lele Mora, tornato libero, ha scelto di trascorrere la festivit\u00e0","og_url":"https:\/\/www.gossip.it\/news\/lele-mora-vacanze-in-montanga-foto\/","og_site_name":"Gossip.it | News sul Gossip e VIP","article_publisher":"https:\/\/www.facebook.com\/GossipIT","article_published_time":"2012-08-16T22:00:00+00:00","og_image":[{"url":"http:\/\/www.gossip.it\/images5\/1345159618_.jpg"}],"author":"La Redazione","twitter_card":"summary_large_image","twitter_image":"http:\/\/www.gossip.it\/images5\/1345159618_.jpg","twitter_creator":"@gossinews_it","twitter_site":"@gossinews_it","twitter_misc":{"Scritto da":"la Redazione","Tempo di lettura stimato":"1 minuto"},"schema":{"@context":"https:\/\/schema.org","@graph":[{"@type":"Article","@id":"https:\/\/www.gossip.it\/news\/lele-mora-vacanze-in-montanga-foto\/#article","isPartOf":{"@id":"https:\/\/www.gossip.it\/news\/lele-mora-vacanze-in-montanga-foto\/"},"author":{"name":"La Redazione","@id":"https:\/\/www.gossip.it\/#\/schema\/person\/488896f75158bff1cc83c6c39d141110"},"headline":"Lele Mora, vacanze in montanga: foto","datePublished":"2012-08-16T22:00:00+00:00","dateModified":"2012-08-16T22:00:00+00:00","mainEntityOfPage":{"@id":"https:\/\/www.gossip.it\/news\/lele-mora-vacanze-in-montanga-foto\/"},"wordCount":136,"publisher":{"@id":"https:\/\/www.gossip.it\/#organization"},"image":{"@id":"https:\/\/www.gossip.it\/news\/lele-mora-vacanze-in-montanga-foto\/#primaryimage"},"thumbnailUrl":"http:\/\/www.gossip.it\/images5\/1345159618_.jpg","keywords":["courmayeur","diana mora","estate"],"articleSection":["News"],"inLanguage":"it-IT"},{"@type":"WebPage","@id":"https:\/\/www.gossip.it\/news\/lele-mora-vacanze-in-montanga-foto\/","url":"https:\/\/www.gossip.it\/news\/lele-mora-vacanze-in-montanga-foto\/","name":"Lele Mora, vacanze in montanga: foto - Gossip.it | News sul Gossip e VIP","isPartOf":{"@id":"https:\/\/www.gossip.it\/#website"},"primaryImageOfPage":{"@id":"https:\/\/www.gossip.it\/news\/lele-mora-vacanze-in-montanga-foto\/#primaryimage"},"image":{"@id":"https:\/\/www.gossip.it\/news\/lele-mora-vacanze-in-montanga-foto\/#primaryimage"},"thumbnailUrl":"http:\/\/www.gossip.it\/images5\/1345159618_.jpg","datePublished":"2012-08-16T22:00:00+00:00","dateModified":"2012-08-16T22:00:00+00:00","description":"Il ferragosto del 2011 lo ha passato in cella nel carcere di Opera. Quest'anno invece Lele Mora, tornato libero, ha scelto di trascorrere la festivit\u00e0","breadcrumb":{"@id":"https:\/\/www.gossip.it\/news\/lele-mora-vacanze-in-montanga-foto\/#breadcrumb"},"inLanguage":"it-IT","potentialAction":[{"@type":"ReadAction","target":["https:\/\/www.gossip.it\/news\/lele-mora-vacanze-in-montanga-foto\/"]}]},{"@type":"ImageObject","inLanguage":"it-IT","@id":"https:\/\/www.gossip.it\/news\/lele-mora-vacanze-in-montanga-foto\/#primaryimage","url":"http:\/\/www.gossip.it\/images5\/1345159618_.jpg","contentUrl":"http:\/\/www.gossip.it\/images5\/1345159618_.jpg"},{"@type":"BreadcrumbList","@id":"https:\/\/www.gossip.it\/news\/lele-mora-vacanze-in-montanga-foto\/#breadcrumb","itemListElement":[{"@type":"ListItem","position":1,"name":"Home","item":"https:\/\/www.gossip.it\/"},{"@type":"ListItem","position":2,"name":"Lele Mora, vacanze in montanga: foto"}]},{"@type":"WebSite","@id":"https:\/\/www.gossip.it\/#website","url":"https:\/\/www.gossip.it\/","name":"Gossip and VIP News","description":"Quotidiano di cronaca rosa, costume e societ\u00e0","publisher":{"@id":"https:\/\/www.gossip.it\/#organization"},"alternateName":"Gossip and VIP News","potentialAction":[{"@type":"SearchAction","target":{"@type":"EntryPoint","urlTemplate":"https:\/\/www.gossip.it\/?s={search_term_string}"},"query-input":{"@type":"PropertyValueSpecification","valueRequired":true,"valueName":"search_term_string"}}],"inLanguage":"it-IT"},{"@type":"Organization","@id":"https:\/\/www.gossip.it\/#organization","name":"Gossip and VIP News","alternateName":"Gossip News","url":"https:\/\/www.gossip.it\/","logo":{"@type":"ImageObject","inLanguage":"it-IT","@id":"https:\/\/www.gossip.it\/#\/schema\/logo\/image\/","url":"https:\/\/www.gossip.it\/wp-content\/uploads\/2022\/04\/cropped-corna-alta-tiny.png","contentUrl":"https:\/\/www.gossip.it\/wp-content\/uploads\/2022\/04\/cropped-corna-alta-tiny.png","width":512,"height":512,"caption":"Gossip and VIP News"},"image":{"@id":"https:\/\/www.gossip.it\/#\/schema\/logo\/image\/"},"sameAs":["https:\/\/www.facebook.com\/GossipIT","https:\/\/x.com\/gossinews_it","https:\/\/instagram.com\/gossip_it"]},{"@type":"Person","@id":"https:\/\/www.gossip.it\/#\/schema\/person\/488896f75158bff1cc83c6c39d141110","name":"La Redazione","image":{"@type":"ImageObject","inLanguage":"it-IT","@id":"https:\/\/www.gossip.it\/#\/schema\/person\/image\/","url":"https:\/\/secure.gravatar.com\/avatar\/5a5f5c6fa3e6700e4249abdad0263a1e94e927d9e0499b1cb09c1cd29c044d80?s=96&d=mm&r=g","contentUrl":"https:\/\/secure.gravatar.com\/avatar\/5a5f5c6fa3e6700e4249abdad0263a1e94e927d9e0499b1cb09c1cd29c044d80?s=96&d=mm&r=g","caption":"La Redazione"},"sameAs":["https:\/\/www.gossip.it"]}]}},"amp_enabled":true,"_links":{"self":[{"href":"https:\/\/www.gossip.it\/api\/wp\/v2\/posts\/34421","targetHints":{"allow":["GET"]}}],"collection":[{"href":"https:\/\/www.gossip.it\/api\/wp\/v2\/posts"}],"about":[{"href":"https:\/\/www.gossip.it\/api\/wp\/v2\/types\/post"}],"author":[{"embeddable":true,"href":"https:\/\/www.gossip.it\/api\/wp\/v2\/users\/1"}],"replies":[{"embeddable":true,"href":"https:\/\/www.gossip.it\/api\/wp\/v2\/comments?post=34421"}],"version-history":[{"count":0,"href":"https:\/\/www.gossip.it\/api\/wp\/v2\/posts\/34421\/revisions"}],"wp:featuredmedia":[{"embeddable":true,"href":"https:\/\/www.gossip.it\/api\/wp\/v2\/media\/90467"}],"wp:attachment":[{"href":"https:\/\/www.gossip.it\/api\/wp\/v2\/media?parent=34421"}],"wp:term":[{"taxonomy":"category","embeddable":true,"href":"https:\/\/www.gossip.it\/api\/wp\/v2\/categories?post=34421"},{"taxonomy":"post_tag","embeddable":true,"href":"https:\/\/www.gossip.it\/api\/wp\/v2\/tags?post=34421"},{"taxonomy":"vip","embeddable":true,"href":"https:\/\/www.gossip.it\/api\/wp\/v2\/vip?post=34421"}],"curies":[{"name":"wp","href":"https:\/\/api.w.org\/{rel}","templated":true}]}}