{"id":34553,"date":"2012-08-29T00:00:00","date_gmt":"2012-08-28T22:00:00","guid":{"rendered":"https:\/\/www.gossip.it\/senza-categoria\/simona-cavallari-dopo-il-crack-da-silvestri-ha-pensato-di-farla-finita\/"},"modified":"2012-08-29T00:00:00","modified_gmt":"2012-08-28T22:00:00","slug":"simona-cavallari-dopo-il-crack-da-silvestri-ha-pensato-di-farla-finita","status":"publish","type":"post","link":"https:\/\/www.gossip.it\/news\/simona-cavallari-dopo-il-crack-da-silvestri-ha-pensato-di-farla-finita\/","title":{"rendered":"Simona Cavallari, dopo il crack da Silvestri ha pensato di farla finita"},"content":{"rendered":"<p>Oggi \u00e8 rinata. Quarantunenne dal fascino immutato, <a href=\"http:\/\/www.gossip.it\/news\/monografia.php?keyword=Simona Cavallari\">Simona Cavallari<\/a> torner\u00e0 in <a href=\"http:\/\/www.gossip.it\/news\/monografia.php?keyword=tv\">tv<\/a> dal 10 settembre in prime time con <b>\"Squadra antimafia\"<\/b>. Si gode la vita con i tre figli, <b>Pablo<\/b>, 9 anni, e <b>Santiago<\/b>, 8, avuti da <a href=\"http:\/\/www.gossip.it\/news\/monografia.php?keyword=Daniele Silvestri\">Daniele Silvestri<\/a>, e l'ultimo arrivato, <b>Lev\u00f2n<\/b>, che a novembre compir\u00e0 1 anno, nato dal legame con il nuovo compagno, <a href=\"http:\/\/www.gossip.it\/news\/monografia.php?keyword=Roberto Libertini\">Roberto Libertini<\/a>.<br \/>\nNon \u00e8 stato, per\u00f2 tutto rose e fiori. L'<a href=\"http:\/\/www.gossip.it\/news\/monografia.php?keyword=attrice\">attrice<\/a> ha vissuto un momento di grande scoramento, quando, dopo dieci anni, \u00e8 arrivato l'<a href=\"http:\/\/www.gossip.it\/news\/monografia.php?keyword=addio\">addio<\/a> con Silvestri, che lo scorso giugno \u00e8 andato all'altare con <a href=\"http:\/\/www.gossip.it\/news\/monografia.php?keyword=Lisa Lelli\">Lisa Lelli<\/a>.<br \/>\n<em>\"Come capita spesso a chi si sente perduto, ho pensato anche di farla finita\"<\/em>, racconta a <em>Diva e Donna<\/em>.<\/p>\n<p><em>\"Non lavoravo, poi sono venuti i problemi con Daniele. E' stato un periodo difficile. Era un oscuro senso di colpa. <b>Avevo tutto ma non stavo bene, mi sono ritrovata da sola, anche Daniele non riusciva a capirmi<\/b><\/em> - spiega la Cavallari - <em><b>Siamo stati malissimo io e Daniele, anche se fu lui a decidere la separazione. Adesso, dopo tanti anni, mi ha chiesto scusa<\/b>. Di non aver capito i miei problemi di allora dopo i due parti, lo scombussolamento della gravidanza, l'allattamento\"<\/em>.<\/p>\n<p><em>\"Ci ho messo tanto a riprendermi<\/em> - continua l'attrice - <em>E' successo quattro estati fa. Non ci separa solo dal proprio uomo ma da tutto, le amicizie comuni, i familiari. Mi sembra di raccontare un'altra persona... Un'estranea. <b>Come capita spesso a chi si sente perduto e non trova appigli, quella persona ha pensato anche di farla finita<\/b>\"<\/em>.<br \/>\nPer fortuna \u00e8 arrivata la consapevolezza di poter riemergere dal baratro: <em>\"<b>Mi sono aggrappata alla bellezza dei miei figli, ai loro sorrisi, al posto in cui vivo. Mi ha dato pace la meditazione buddista. E poi lo psicologo, il tempo che passava, il nuovo compagno Roberto, un maestro d'armi che sul set mi ha insegnato a sparare e guidare la moto<\/b>\"<\/em>.<\/p>\n<p>Ora \u00e8 felice. La delusione \u00e8 scomparsa. Non tornerebbe mai indietro da Silvestri. Il fantasma si \u00e8 dissolto: <em>\"Sto bene cos\u00ec. Sono successe troppe cose nel tempo che ci hanno allontanato\"<\/em>.<\/p>\n<p>Foto: kikapress.com \u00a9 Gossip.it<\/p>\n","protected":false},"excerpt":{"rendered":"<p>Oggi \u00e8 rinata. Quarantunenne dal fascino immutato, Simona Cavallari torner\u00e0 in tv dal 10 settembre in prime time con \"Squadra antimafia\". Si gode la vita con i tre figli, Pablo, 9 anni, e Santiago, 8, avuti da Daniele Silvestri, e l'ultimo arrivato, Lev\u00f2n, che a novembre compir\u00e0 1 anno, nato dal legame con il nuovo [&hellip;]<\/p>\n","protected":false},"author":1,"featured_media":90599,"comment_status":"closed","ping_status":"closed","sticky":false,"template":"","format":"standard","meta":{"footnotes":""},"categories":[54],"tags":[1983,2098,3870,2102,3297,37863,10958,36145,7659,4991,2097],"vip":[1694],"class_list":["post-34553","post","type-post","status-publish","format-standard","has-post-thumbnail","hentry","category-news","tag-attrice","tag-canale-5","tag-daniele-silvestri","tag-dichiarazioni","tag-gossip-tv","tag-levon","tag-pablo","tag-roberto-libertini","tag-santiago","tag-squadra-antimafia","tag-tv","vip-simona_cavallari"],"yoast_head":"<title>Simona Cavallari, dopo il crack da Silvestri ha pensato di farla finita - Gossip.it | News sul Gossip e VIP<\/title>\n<meta name=\"description\" content=\"Oggi \u00e8 rinata. Quarantunenne dal fascino immutato, Simona Cavallari torner\u00e0 in tv dal 10 settembre in prime time con &quot;Squadra antimafia&quot;. Si gode la vita\" \/>\n<meta name=\"robots\" content=\"index, follow, max-snippet:-1, max-image-preview:large, max-video-preview:-1\" \/>\n<link rel=\"canonical\" href=\"https:\/\/www.gossip.it\/news\/simona-cavallari-dopo-il-crack-da-silvestri-ha-pensato-di-farla-finita\/\" \/>\n<meta property=\"og:locale\" content=\"it_IT\" \/>\n<meta property=\"og:type\" content=\"article\" \/>\n<meta property=\"og:title\" content=\"Simona Cavallari, dopo il crack da Silvestri ha pensato di farla finita - Gossip.it | News sul Gossip e VIP\" \/>\n<meta property=\"og:description\" content=\"Oggi \u00e8 rinata. Quarantunenne dal fascino immutato, Simona Cavallari torner\u00e0 in tv dal 10 settembre in prime time con &quot;Squadra antimafia&quot;. Si gode la vita\" \/>\n<meta property=\"og:url\" content=\"https:\/\/www.gossip.it\/news\/simona-cavallari-dopo-il-crack-da-silvestri-ha-pensato-di-farla-finita\/\" \/>\n<meta property=\"og:site_name\" content=\"Gossip.it | News sul Gossip e VIP\" \/>\n<meta property=\"article:publisher\" content=\"https:\/\/www.facebook.com\/GossipIT\" \/>\n<meta property=\"article:published_time\" content=\"2012-08-28T22:00:00+00:00\" \/>\n<meta property=\"og:image\" content=\"http:\/\/www.gossip.it\/images5\/1346239398_simona-cavallari.jpg\" \/>\n<meta name=\"author\" content=\"La Redazione\" \/>\n<meta name=\"twitter:card\" content=\"summary_large_image\" \/>\n<meta name=\"twitter:image\" content=\"http:\/\/www.gossip.it\/images5\/1346239398_simona-cavallari.jpg\" \/>\n<meta name=\"twitter:creator\" content=\"@gossinews_it\" \/>\n<meta name=\"twitter:site\" content=\"@gossinews_it\" \/>\n<meta name=\"twitter:label1\" content=\"Scritto da\" \/>\n\t<meta name=\"twitter:data1\" content=\"Annamaria Capozzi\" \/>\n\t<meta name=\"twitter:label2\" content=\"Tempo di lettura stimato\" \/>\n\t<meta name=\"twitter:data2\" content=\"2 minuti\" \/>","yoast_head_json":{"title":"Simona Cavallari, dopo il crack da Silvestri ha pensato di farla finita - Gossip.it | News sul Gossip e VIP","description":"Oggi \u00e8 rinata. Quarantunenne dal fascino immutato, Simona Cavallari torner\u00e0 in tv dal 10 settembre in prime time con \"Squadra antimafia\". Si gode la vita","robots":{"index":"index","follow":"follow","max-snippet":"max-snippet:-1","max-image-preview":"max-image-preview:large","max-video-preview":"max-video-preview:-1"},"canonical":"https:\/\/www.gossip.it\/news\/simona-cavallari-dopo-il-crack-da-silvestri-ha-pensato-di-farla-finita\/","og_locale":"it_IT","og_type":"article","og_title":"Simona Cavallari, dopo il crack da Silvestri ha pensato di farla finita - Gossip.it | News sul Gossip e VIP","og_description":"Oggi \u00e8 rinata. Quarantunenne dal fascino immutato, Simona Cavallari torner\u00e0 in tv dal 10 settembre in prime time con \"Squadra antimafia\". Si gode la vita","og_url":"https:\/\/www.gossip.it\/news\/simona-cavallari-dopo-il-crack-da-silvestri-ha-pensato-di-farla-finita\/","og_site_name":"Gossip.it | News sul Gossip e VIP","article_publisher":"https:\/\/www.facebook.com\/GossipIT","article_published_time":"2012-08-28T22:00:00+00:00","og_image":[{"url":"http:\/\/www.gossip.it\/images5\/1346239398_simona-cavallari.jpg"}],"author":"La Redazione","twitter_card":"summary_large_image","twitter_image":"http:\/\/www.gossip.it\/images5\/1346239398_simona-cavallari.jpg","twitter_creator":"@gossinews_it","twitter_site":"@gossinews_it","twitter_misc":{"Scritto da":"Annamaria Capozzi","Tempo di lettura stimato":"2 minuti"},"schema":{"@context":"https:\/\/schema.org","@graph":[{"@type":"Article","@id":"https:\/\/www.gossip.it\/news\/simona-cavallari-dopo-il-crack-da-silvestri-ha-pensato-di-farla-finita\/#article","isPartOf":{"@id":"https:\/\/www.gossip.it\/news\/simona-cavallari-dopo-il-crack-da-silvestri-ha-pensato-di-farla-finita\/"},"author":{"name":"La Redazione","@id":"https:\/\/www.gossip.it\/#\/schema\/person\/488896f75158bff1cc83c6c39d141110"},"headline":"Simona Cavallari, dopo il crack da Silvestri ha pensato di farla finita","datePublished":"2012-08-28T22:00:00+00:00","dateModified":"2012-08-28T22:00:00+00:00","mainEntityOfPage":{"@id":"https:\/\/www.gossip.it\/news\/simona-cavallari-dopo-il-crack-da-silvestri-ha-pensato-di-farla-finita\/"},"wordCount":358,"publisher":{"@id":"https:\/\/www.gossip.it\/#organization"},"image":{"@id":"https:\/\/www.gossip.it\/news\/simona-cavallari-dopo-il-crack-da-silvestri-ha-pensato-di-farla-finita\/#primaryimage"},"thumbnailUrl":"http:\/\/www.gossip.it\/images5\/1346239398_simona-cavallari.jpg","keywords":["attrice","canale 5","daniele silvestri","dichiarazioni","gossip.tv","levon","pablo","roberto libertini","santiago","squadra antimafia","tv"],"articleSection":["News"],"inLanguage":"it-IT"},{"@type":"WebPage","@id":"https:\/\/www.gossip.it\/news\/simona-cavallari-dopo-il-crack-da-silvestri-ha-pensato-di-farla-finita\/","url":"https:\/\/www.gossip.it\/news\/simona-cavallari-dopo-il-crack-da-silvestri-ha-pensato-di-farla-finita\/","name":"Simona Cavallari, dopo il crack da Silvestri ha pensato di farla finita - Gossip.it | News sul Gossip e VIP","isPartOf":{"@id":"https:\/\/www.gossip.it\/#website"},"primaryImageOfPage":{"@id":"https:\/\/www.gossip.it\/news\/simona-cavallari-dopo-il-crack-da-silvestri-ha-pensato-di-farla-finita\/#primaryimage"},"image":{"@id":"https:\/\/www.gossip.it\/news\/simona-cavallari-dopo-il-crack-da-silvestri-ha-pensato-di-farla-finita\/#primaryimage"},"thumbnailUrl":"http:\/\/www.gossip.it\/images5\/1346239398_simona-cavallari.jpg","datePublished":"2012-08-28T22:00:00+00:00","dateModified":"2012-08-28T22:00:00+00:00","description":"Oggi \u00e8 rinata. Quarantunenne dal fascino immutato, Simona Cavallari torner\u00e0 in tv dal 10 settembre in prime time con \"Squadra antimafia\". Si gode la vita","breadcrumb":{"@id":"https:\/\/www.gossip.it\/news\/simona-cavallari-dopo-il-crack-da-silvestri-ha-pensato-di-farla-finita\/#breadcrumb"},"inLanguage":"it-IT","potentialAction":[{"@type":"ReadAction","target":["https:\/\/www.gossip.it\/news\/simona-cavallari-dopo-il-crack-da-silvestri-ha-pensato-di-farla-finita\/"]}]},{"@type":"ImageObject","inLanguage":"it-IT","@id":"https:\/\/www.gossip.it\/news\/simona-cavallari-dopo-il-crack-da-silvestri-ha-pensato-di-farla-finita\/#primaryimage","url":"http:\/\/www.gossip.it\/images5\/1346239398_simona-cavallari.jpg","contentUrl":"http:\/\/www.gossip.it\/images5\/1346239398_simona-cavallari.jpg"},{"@type":"BreadcrumbList","@id":"https:\/\/www.gossip.it\/news\/simona-cavallari-dopo-il-crack-da-silvestri-ha-pensato-di-farla-finita\/#breadcrumb","itemListElement":[{"@type":"ListItem","position":1,"name":"Home","item":"https:\/\/www.gossip.it\/"},{"@type":"ListItem","position":2,"name":"Simona Cavallari, dopo il crack da Silvestri ha pensato di farla finita"}]},{"@type":"WebSite","@id":"https:\/\/www.gossip.it\/#website","url":"https:\/\/www.gossip.it\/","name":"Gossip and VIP News","description":"Quotidiano di cronaca rosa, costume e societ\u00e0","publisher":{"@id":"https:\/\/www.gossip.it\/#organization"},"alternateName":"Gossip and VIP News","potentialAction":[{"@type":"SearchAction","target":{"@type":"EntryPoint","urlTemplate":"https:\/\/www.gossip.it\/?s={search_term_string}"},"query-input":{"@type":"PropertyValueSpecification","valueRequired":true,"valueName":"search_term_string"}}],"inLanguage":"it-IT"},{"@type":"Organization","@id":"https:\/\/www.gossip.it\/#organization","name":"Gossip and VIP News","alternateName":"Gossip News","url":"https:\/\/www.gossip.it\/","logo":{"@type":"ImageObject","inLanguage":"it-IT","@id":"https:\/\/www.gossip.it\/#\/schema\/logo\/image\/","url":"https:\/\/www.gossip.it\/wp-content\/uploads\/2022\/04\/cropped-corna-alta-tiny.png","contentUrl":"https:\/\/www.gossip.it\/wp-content\/uploads\/2022\/04\/cropped-corna-alta-tiny.png","width":512,"height":512,"caption":"Gossip and VIP News"},"image":{"@id":"https:\/\/www.gossip.it\/#\/schema\/logo\/image\/"},"sameAs":["https:\/\/www.facebook.com\/GossipIT","https:\/\/x.com\/gossinews_it","https:\/\/instagram.com\/gossip_it"]},{"@type":"Person","@id":"https:\/\/www.gossip.it\/#\/schema\/person\/488896f75158bff1cc83c6c39d141110","name":"La Redazione","image":{"@type":"ImageObject","inLanguage":"it-IT","@id":"https:\/\/www.gossip.it\/#\/schema\/person\/image\/","url":"https:\/\/secure.gravatar.com\/avatar\/5a5f5c6fa3e6700e4249abdad0263a1e94e927d9e0499b1cb09c1cd29c044d80?s=96&d=mm&r=g","contentUrl":"https:\/\/secure.gravatar.com\/avatar\/5a5f5c6fa3e6700e4249abdad0263a1e94e927d9e0499b1cb09c1cd29c044d80?s=96&d=mm&r=g","caption":"La Redazione"},"sameAs":["https:\/\/www.gossip.it"]}]}},"amp_enabled":true,"_links":{"self":[{"href":"https:\/\/www.gossip.it\/api\/wp\/v2\/posts\/34553","targetHints":{"allow":["GET"]}}],"collection":[{"href":"https:\/\/www.gossip.it\/api\/wp\/v2\/posts"}],"about":[{"href":"https:\/\/www.gossip.it\/api\/wp\/v2\/types\/post"}],"author":[{"embeddable":true,"href":"https:\/\/www.gossip.it\/api\/wp\/v2\/users\/1"}],"replies":[{"embeddable":true,"href":"https:\/\/www.gossip.it\/api\/wp\/v2\/comments?post=34553"}],"version-history":[{"count":0,"href":"https:\/\/www.gossip.it\/api\/wp\/v2\/posts\/34553\/revisions"}],"wp:featuredmedia":[{"embeddable":true,"href":"https:\/\/www.gossip.it\/api\/wp\/v2\/media\/90599"}],"wp:attachment":[{"href":"https:\/\/www.gossip.it\/api\/wp\/v2\/media?parent=34553"}],"wp:term":[{"taxonomy":"category","embeddable":true,"href":"https:\/\/www.gossip.it\/api\/wp\/v2\/categories?post=34553"},{"taxonomy":"post_tag","embeddable":true,"href":"https:\/\/www.gossip.it\/api\/wp\/v2\/tags?post=34553"},{"taxonomy":"vip","embeddable":true,"href":"https:\/\/www.gossip.it\/api\/wp\/v2\/vip?post=34553"}],"curies":[{"name":"wp","href":"https:\/\/api.w.org\/{rel}","templated":true}]}}