{"id":34659,"date":"2012-09-05T00:00:00","date_gmt":"2012-09-04T22:00:00","guid":{"rendered":"https:\/\/www.gossip.it\/senza-categoria\/emma-e-alessandra-tutto-pronto-per-tezenis-live\/"},"modified":"2012-09-05T00:00:00","modified_gmt":"2012-09-04T22:00:00","slug":"emma-e-alessandra-tutto-pronto-per-tezenis-live","status":"publish","type":"post","link":"https:\/\/www.gossip.it\/news\/emma-e-alessandra-tutto-pronto-per-tezenis-live\/","title":{"rendered":"Emma e Alessandra, tutto pronto per Tezenis Live!"},"content":{"rendered":"<p>E' iniziato il conto alla rovescia: stasera <a href=\"http:\/\/www.gossip.it\/news\/monografia.php?keyword=Emma Marrone \">Emma Marrone <\/a> e <a href=\"http:\/\/www.gossip.it\/news\/monografia.php?keyword=Alessandra Amoroso\">Alessandra Amoroso<\/a> saliranno sul palco dell'Arena di Verona per l'attesissimo Tezenis Live.<\/p>\n<p>Felici, le due cantanti sono impegnatissime con le prove. Tutto documentato su Twitter, dove hanno postato le foto del backstage insieme a due grandi nomi della musica italiana, ospiti dell'evento, <a href=\"http:\/\/www.gossip.it\/news\/monografia.php?keyword=Pino Daniele\">Pino Daniele<\/a> e <a href=\"http:\/\/www.gossip.it\/news\/monografia.php?keyword=Fiorella Mannoia\">Fiorella Mannoia<\/a>. Emozionate di affiancare colleghi cos\u00ec famosi, ieri sera hanno dato sul social la buona notte ricordando l'appuntamento di questa sera. Si prospetta un vero e proprio sold out. Per chi non potr\u00e0 esserci, per\u00f2, l'evento verr\u00e0 trasmesso domani in prima serata su Canale 5 alle 21.10 con lo <b>\"Speciale Ale&Emma\"<\/b> che ripercorrer\u00e0 le tappe della storia di Alessandra ed Emma dall'esordio fino ad oggi.<\/p>\n<p>Sul palco altri due pupilli di <a href=\"http:\/\/www.gossip.it\/news\/monografia.php?keyword=Maria De Filippi\">Maria De Filippi<\/a>, <a href=\"http:\/\/www.gossip.it\/news\/monografia.php?keyword=Marco Carta\">Marco Carta<\/a> e <a href=\"http:\/\/www.gossip.it\/news\/monografia.php?keyword=Annalisa Scarrone\">Annalisa Scarrone<\/a>.<\/p>\n","protected":false},"excerpt":{"rendered":"<p>E' iniziato il conto alla rovescia: stasera Emma Marrone e Alessandra Amoroso saliranno sul palco dell'Arena di Verona per l'attesissimo Tezenis Live. Felici, le due cantanti sono impegnatissime con le prove. Tutto documentato su Twitter, dove hanno postato le foto del backstage insieme a due grandi nomi della musica italiana, ospiti dell'evento, Pino Daniele e [&hellip;]<\/p>\n","protected":false},"author":1,"featured_media":90705,"comment_status":"closed","ping_status":"closed","sticky":false,"template":"","format":"standard","meta":{"footnotes":""},"categories":[54],"tags":[9542,2098,4380,4689,14716,38649,9585,38650],"vip":[247,669,1204],"class_list":["post-34659","post","type-post","status-publish","format-standard","has-post-thumbnail","hentry","category-news","tag-arena-di-verona","tag-canale-5","tag-concerto","tag-fiorella-mannoia","tag-gossip-musica","tag-mumusica","tag-pino-daniele","tag-tezenis-live","vip-alessandra_amoroso","vip-emma_marrone","vip-marco_carta"],"yoast_head":"<title>Emma e Alessandra, tutto pronto per Tezenis Live! - Gossip.it | News sul Gossip e VIP<\/title>\n<meta name=\"description\" content=\"E&#039; iniziato il conto alla rovescia: stasera Emma Marrone e Alessandra Amoroso saliranno sul palco dell&#039;Arena di Verona per l&#039;attesissimo Tezenis Live.\" \/>\n<meta name=\"robots\" content=\"index, follow, max-snippet:-1, max-image-preview:large, max-video-preview:-1\" \/>\n<link rel=\"canonical\" href=\"https:\/\/www.gossip.it\/news\/emma-e-alessandra-tutto-pronto-per-tezenis-live\/\" \/>\n<meta property=\"og:locale\" content=\"it_IT\" \/>\n<meta property=\"og:type\" content=\"article\" \/>\n<meta property=\"og:title\" content=\"Emma e Alessandra, tutto pronto per Tezenis Live! - Gossip.it | News sul Gossip e VIP\" \/>\n<meta property=\"og:description\" content=\"E&#039; iniziato il conto alla rovescia: stasera Emma Marrone e Alessandra Amoroso saliranno sul palco dell&#039;Arena di Verona per l&#039;attesissimo Tezenis Live.\" \/>\n<meta property=\"og:url\" content=\"https:\/\/www.gossip.it\/news\/emma-e-alessandra-tutto-pronto-per-tezenis-live\/\" \/>\n<meta property=\"og:site_name\" content=\"Gossip.it | News sul Gossip e VIP\" \/>\n<meta property=\"article:publisher\" content=\"https:\/\/www.facebook.com\/GossipIT\" \/>\n<meta property=\"article:published_time\" content=\"2012-09-04T22:00:00+00:00\" \/>\n<meta property=\"og:image\" content=\"http:\/\/www.gossip.it\/images5\/1346839974_.jpg\" \/>\n<meta name=\"author\" content=\"La Redazione\" \/>\n<meta name=\"twitter:card\" content=\"summary_large_image\" \/>\n<meta name=\"twitter:image\" content=\"http:\/\/www.gossip.it\/images5\/1346839974_.jpg\" \/>\n<meta name=\"twitter:creator\" content=\"@gossinews_it\" \/>\n<meta name=\"twitter:site\" content=\"@gossinews_it\" \/>\n<meta name=\"twitter:label1\" content=\"Scritto da\" \/>\n\t<meta name=\"twitter:data1\" content=\"Francesca Romana Domenici\" \/>\n\t<meta name=\"twitter:label2\" content=\"Tempo di lettura stimato\" \/>\n\t<meta name=\"twitter:data2\" content=\"1 minuto\" \/>","yoast_head_json":{"title":"Emma e Alessandra, tutto pronto per Tezenis Live! - Gossip.it | News sul Gossip e VIP","description":"E' iniziato il conto alla rovescia: stasera Emma Marrone e Alessandra Amoroso saliranno sul palco dell'Arena di Verona per l'attesissimo Tezenis Live.","robots":{"index":"index","follow":"follow","max-snippet":"max-snippet:-1","max-image-preview":"max-image-preview:large","max-video-preview":"max-video-preview:-1"},"canonical":"https:\/\/www.gossip.it\/news\/emma-e-alessandra-tutto-pronto-per-tezenis-live\/","og_locale":"it_IT","og_type":"article","og_title":"Emma e Alessandra, tutto pronto per Tezenis Live! - Gossip.it | News sul Gossip e VIP","og_description":"E' iniziato il conto alla rovescia: stasera Emma Marrone e Alessandra Amoroso saliranno sul palco dell'Arena di Verona per l'attesissimo Tezenis Live.","og_url":"https:\/\/www.gossip.it\/news\/emma-e-alessandra-tutto-pronto-per-tezenis-live\/","og_site_name":"Gossip.it | News sul Gossip e VIP","article_publisher":"https:\/\/www.facebook.com\/GossipIT","article_published_time":"2012-09-04T22:00:00+00:00","og_image":[{"url":"http:\/\/www.gossip.it\/images5\/1346839974_.jpg"}],"author":"La Redazione","twitter_card":"summary_large_image","twitter_image":"http:\/\/www.gossip.it\/images5\/1346839974_.jpg","twitter_creator":"@gossinews_it","twitter_site":"@gossinews_it","twitter_misc":{"Scritto da":"Francesca Romana Domenici","Tempo di lettura stimato":"1 minuto"},"schema":{"@context":"https:\/\/schema.org","@graph":[{"@type":"Article","@id":"https:\/\/www.gossip.it\/news\/emma-e-alessandra-tutto-pronto-per-tezenis-live\/#article","isPartOf":{"@id":"https:\/\/www.gossip.it\/news\/emma-e-alessandra-tutto-pronto-per-tezenis-live\/"},"author":{"name":"La Redazione","@id":"https:\/\/www.gossip.it\/#\/schema\/person\/488896f75158bff1cc83c6c39d141110"},"headline":"Emma e Alessandra, tutto pronto per Tezenis Live!","datePublished":"2012-09-04T22:00:00+00:00","dateModified":"2012-09-04T22:00:00+00:00","mainEntityOfPage":{"@id":"https:\/\/www.gossip.it\/news\/emma-e-alessandra-tutto-pronto-per-tezenis-live\/"},"wordCount":148,"publisher":{"@id":"https:\/\/www.gossip.it\/#organization"},"image":{"@id":"https:\/\/www.gossip.it\/news\/emma-e-alessandra-tutto-pronto-per-tezenis-live\/#primaryimage"},"thumbnailUrl":"http:\/\/www.gossip.it\/images5\/1346839974_.jpg","keywords":["arena di verona","canale 5","concerto","fiorella mannoia","gossip musica","MUmusica","pino daniele","tezenis live"],"articleSection":["News"],"inLanguage":"it-IT"},{"@type":"WebPage","@id":"https:\/\/www.gossip.it\/news\/emma-e-alessandra-tutto-pronto-per-tezenis-live\/","url":"https:\/\/www.gossip.it\/news\/emma-e-alessandra-tutto-pronto-per-tezenis-live\/","name":"Emma e Alessandra, tutto pronto per Tezenis Live! - Gossip.it | News sul Gossip e VIP","isPartOf":{"@id":"https:\/\/www.gossip.it\/#website"},"primaryImageOfPage":{"@id":"https:\/\/www.gossip.it\/news\/emma-e-alessandra-tutto-pronto-per-tezenis-live\/#primaryimage"},"image":{"@id":"https:\/\/www.gossip.it\/news\/emma-e-alessandra-tutto-pronto-per-tezenis-live\/#primaryimage"},"thumbnailUrl":"http:\/\/www.gossip.it\/images5\/1346839974_.jpg","datePublished":"2012-09-04T22:00:00+00:00","dateModified":"2012-09-04T22:00:00+00:00","description":"E' iniziato il conto alla rovescia: stasera Emma Marrone e Alessandra Amoroso saliranno sul palco dell'Arena di Verona per l'attesissimo Tezenis Live.","breadcrumb":{"@id":"https:\/\/www.gossip.it\/news\/emma-e-alessandra-tutto-pronto-per-tezenis-live\/#breadcrumb"},"inLanguage":"it-IT","potentialAction":[{"@type":"ReadAction","target":["https:\/\/www.gossip.it\/news\/emma-e-alessandra-tutto-pronto-per-tezenis-live\/"]}]},{"@type":"ImageObject","inLanguage":"it-IT","@id":"https:\/\/www.gossip.it\/news\/emma-e-alessandra-tutto-pronto-per-tezenis-live\/#primaryimage","url":"http:\/\/www.gossip.it\/images5\/1346839974_.jpg","contentUrl":"http:\/\/www.gossip.it\/images5\/1346839974_.jpg"},{"@type":"BreadcrumbList","@id":"https:\/\/www.gossip.it\/news\/emma-e-alessandra-tutto-pronto-per-tezenis-live\/#breadcrumb","itemListElement":[{"@type":"ListItem","position":1,"name":"Home","item":"https:\/\/www.gossip.it\/"},{"@type":"ListItem","position":2,"name":"Emma e Alessandra, tutto pronto per Tezenis Live!"}]},{"@type":"WebSite","@id":"https:\/\/www.gossip.it\/#website","url":"https:\/\/www.gossip.it\/","name":"Gossip and VIP News","description":"Quotidiano di cronaca rosa, costume e societ\u00e0","publisher":{"@id":"https:\/\/www.gossip.it\/#organization"},"alternateName":"Gossip and VIP News","potentialAction":[{"@type":"SearchAction","target":{"@type":"EntryPoint","urlTemplate":"https:\/\/www.gossip.it\/?s={search_term_string}"},"query-input":{"@type":"PropertyValueSpecification","valueRequired":true,"valueName":"search_term_string"}}],"inLanguage":"it-IT"},{"@type":"Organization","@id":"https:\/\/www.gossip.it\/#organization","name":"Gossip and VIP News","alternateName":"Gossip News","url":"https:\/\/www.gossip.it\/","logo":{"@type":"ImageObject","inLanguage":"it-IT","@id":"https:\/\/www.gossip.it\/#\/schema\/logo\/image\/","url":"https:\/\/www.gossip.it\/wp-content\/uploads\/2022\/04\/cropped-corna-alta-tiny.png","contentUrl":"https:\/\/www.gossip.it\/wp-content\/uploads\/2022\/04\/cropped-corna-alta-tiny.png","width":512,"height":512,"caption":"Gossip and VIP News"},"image":{"@id":"https:\/\/www.gossip.it\/#\/schema\/logo\/image\/"},"sameAs":["https:\/\/www.facebook.com\/GossipIT","https:\/\/x.com\/gossinews_it","https:\/\/instagram.com\/gossip_it"]},{"@type":"Person","@id":"https:\/\/www.gossip.it\/#\/schema\/person\/488896f75158bff1cc83c6c39d141110","name":"La Redazione","image":{"@type":"ImageObject","inLanguage":"it-IT","@id":"https:\/\/www.gossip.it\/#\/schema\/person\/image\/","url":"https:\/\/secure.gravatar.com\/avatar\/5a5f5c6fa3e6700e4249abdad0263a1e94e927d9e0499b1cb09c1cd29c044d80?s=96&d=mm&r=g","contentUrl":"https:\/\/secure.gravatar.com\/avatar\/5a5f5c6fa3e6700e4249abdad0263a1e94e927d9e0499b1cb09c1cd29c044d80?s=96&d=mm&r=g","caption":"La Redazione"},"sameAs":["https:\/\/www.gossip.it"]}]}},"amp_enabled":true,"_links":{"self":[{"href":"https:\/\/www.gossip.it\/api\/wp\/v2\/posts\/34659","targetHints":{"allow":["GET"]}}],"collection":[{"href":"https:\/\/www.gossip.it\/api\/wp\/v2\/posts"}],"about":[{"href":"https:\/\/www.gossip.it\/api\/wp\/v2\/types\/post"}],"author":[{"embeddable":true,"href":"https:\/\/www.gossip.it\/api\/wp\/v2\/users\/1"}],"replies":[{"embeddable":true,"href":"https:\/\/www.gossip.it\/api\/wp\/v2\/comments?post=34659"}],"version-history":[{"count":0,"href":"https:\/\/www.gossip.it\/api\/wp\/v2\/posts\/34659\/revisions"}],"wp:featuredmedia":[{"embeddable":true,"href":"https:\/\/www.gossip.it\/api\/wp\/v2\/media\/90705"}],"wp:attachment":[{"href":"https:\/\/www.gossip.it\/api\/wp\/v2\/media?parent=34659"}],"wp:term":[{"taxonomy":"category","embeddable":true,"href":"https:\/\/www.gossip.it\/api\/wp\/v2\/categories?post=34659"},{"taxonomy":"post_tag","embeddable":true,"href":"https:\/\/www.gossip.it\/api\/wp\/v2\/tags?post=34659"},{"taxonomy":"vip","embeddable":true,"href":"https:\/\/www.gossip.it\/api\/wp\/v2\/vip?post=34659"}],"curies":[{"name":"wp","href":"https:\/\/api.w.org\/{rel}","templated":true}]}}