{"id":34769,"date":"2012-09-12T00:00:00","date_gmt":"2012-09-11T22:00:00","guid":{"rendered":"https:\/\/www.gossip.it\/senza-categoria\/rosa-baiano-ecco-perche-e-ingrassata\/"},"modified":"2012-09-12T00:00:00","modified_gmt":"2012-09-11T22:00:00","slug":"rosa-baiano-ecco-perche-e-ingrassata","status":"publish","type":"post","link":"https:\/\/www.gossip.it\/news\/rosa-baiano-ecco-perche-e-ingrassata\/","title":{"rendered":"Rosa Baiano, ecco perch\u00e9 \u00e8 ingrassata..."},"content":{"rendered":"<p>Il <b>pancino<\/b> c'\u00e8, non vi \u00e8 dubbio. Spicca sotto l'abito che l'ex gieffina <a href=\"http:\/\/www.gossip.it\/news\/monografia.php?keyword=Rosa Baiano\">Rosa Baiano<\/a> indossava qualche giorno fa alla festa del suo compleanno (<a href=\"http:\/\/www.gossip.it\/news\/asc_showfoto.php?ID=1347453719\"><b><u>clicca qui per ingrandire la foto<\/u><\/b><\/a>). Ma non \u00e8 incinta. Ha problemi alla <b>tiroide<\/b>, ha detto, in pi\u00f9 le piace mangiare e non ama fare movimento. Insomma, con <a href=\"http:\/\/www.gossip.it\/news\/monografia.php?keyword=Emanuele Pagano\">Emanuele Pagano<\/a> non attendono ancora nessuna cicogna.<\/p>\n<p>A ribadire quanto raccontato dalla Baiano, appare un messaggio sulla sua fan page: <em>\"<b>Rosa non \u00e8 incinta<\/b>, lo ha smentito lei alla serata di sabato e in pagina ci sono i video! Ha preso qualche chiletto solo perch\u00e9 ha problemi di salute dovuti al malfunzionamento della tiroide, per i farmaci che sta prendendo\"<\/em>. Insomma, il pancino c'\u00e8, ma nessun beb\u00e8 \u00e8 davvero in cantiere.<\/p>\n","protected":false},"excerpt":{"rendered":"<p>Il pancino c'\u00e8, non vi \u00e8 dubbio. Spicca sotto l'abito che l'ex gieffina Rosa Baiano indossava qualche giorno fa alla festa del suo compleanno (clicca qui per ingrandire la foto). Ma non \u00e8 incinta. Ha problemi alla tiroide, ha detto, in pi\u00f9 le piace mangiare e non ama fare movimento. Insomma, con Emanuele Pagano non [&hellip;]<\/p>\n","protected":false},"author":1,"featured_media":90815,"comment_status":"closed","ping_status":"closed","sticky":false,"template":"","format":"standard","meta":{"footnotes":""},"categories":[54],"tags":[1904,34382,4790,38743,1907,3297,2181,5674,34265,1923,8467,2097],"vip":[],"class_list":["post-34769","post","type-post","status-publish","format-standard","has-post-thumbnail","hentry","category-news","tag-compleanno","tag-emanuele-pagano","tag-facebook","tag-fan-page","tag-festa","tag-gossip-tv","tag-gravidanza","tag-pancino","tag-rosa-baiano","tag-social","tag-tiroide","tag-tv"],"yoast_head":"<title>Rosa Baiano, ecco perch\u00e9 \u00e8 ingrassata... - Gossip.it | News sul Gossip e VIP<\/title>\n<meta name=\"description\" content=\"Il pancino c&#039;\u00e8, non vi \u00e8 dubbio. Spicca sotto l&#039;abito che l&#039;ex gieffina Rosa Baiano indossava qualche giorno fa alla festa del suo compleanno (clicca qui\" \/>\n<meta name=\"robots\" content=\"index, follow, max-snippet:-1, max-image-preview:large, max-video-preview:-1\" \/>\n<link rel=\"canonical\" href=\"https:\/\/www.gossip.it\/news\/rosa-baiano-ecco-perche-e-ingrassata\/\" \/>\n<meta property=\"og:locale\" content=\"it_IT\" \/>\n<meta property=\"og:type\" content=\"article\" \/>\n<meta property=\"og:title\" content=\"Rosa Baiano, ecco perch\u00e9 \u00e8 ingrassata... - Gossip.it | News sul Gossip e VIP\" \/>\n<meta property=\"og:description\" content=\"Il pancino c&#039;\u00e8, non vi \u00e8 dubbio. Spicca sotto l&#039;abito che l&#039;ex gieffina Rosa Baiano indossava qualche giorno fa alla festa del suo compleanno (clicca qui\" \/>\n<meta property=\"og:url\" content=\"https:\/\/www.gossip.it\/news\/rosa-baiano-ecco-perche-e-ingrassata\/\" \/>\n<meta property=\"og:site_name\" content=\"Gossip.it | News sul Gossip e VIP\" \/>\n<meta property=\"article:publisher\" content=\"https:\/\/www.facebook.com\/GossipIT\" \/>\n<meta property=\"article:published_time\" content=\"2012-09-11T22:00:00+00:00\" \/>\n<meta property=\"og:image\" content=\"http:\/\/www.gossip.it\/images5\/1347453719_.jpg\" \/>\n<meta name=\"author\" content=\"La Redazione\" \/>\n<meta name=\"twitter:card\" content=\"summary_large_image\" \/>\n<meta name=\"twitter:image\" content=\"http:\/\/www.gossip.it\/images5\/1347453719_.jpg\" \/>\n<meta name=\"twitter:creator\" content=\"@gossinews_it\" \/>\n<meta name=\"twitter:site\" content=\"@gossinews_it\" \/>\n<meta name=\"twitter:label1\" content=\"Scritto da\" \/>\n\t<meta name=\"twitter:data1\" content=\"Francesca Romana Domenici\" \/>\n\t<meta name=\"twitter:label2\" content=\"Tempo di lettura stimato\" \/>\n\t<meta name=\"twitter:data2\" content=\"1 minuto\" \/>","yoast_head_json":{"title":"Rosa Baiano, ecco perch\u00e9 \u00e8 ingrassata... - Gossip.it | News sul Gossip e VIP","description":"Il pancino c'\u00e8, non vi \u00e8 dubbio. Spicca sotto l'abito che l'ex gieffina Rosa Baiano indossava qualche giorno fa alla festa del suo compleanno (clicca qui","robots":{"index":"index","follow":"follow","max-snippet":"max-snippet:-1","max-image-preview":"max-image-preview:large","max-video-preview":"max-video-preview:-1"},"canonical":"https:\/\/www.gossip.it\/news\/rosa-baiano-ecco-perche-e-ingrassata\/","og_locale":"it_IT","og_type":"article","og_title":"Rosa Baiano, ecco perch\u00e9 \u00e8 ingrassata... - Gossip.it | News sul Gossip e VIP","og_description":"Il pancino c'\u00e8, non vi \u00e8 dubbio. Spicca sotto l'abito che l'ex gieffina Rosa Baiano indossava qualche giorno fa alla festa del suo compleanno (clicca qui","og_url":"https:\/\/www.gossip.it\/news\/rosa-baiano-ecco-perche-e-ingrassata\/","og_site_name":"Gossip.it | News sul Gossip e VIP","article_publisher":"https:\/\/www.facebook.com\/GossipIT","article_published_time":"2012-09-11T22:00:00+00:00","og_image":[{"url":"http:\/\/www.gossip.it\/images5\/1347453719_.jpg"}],"author":"La Redazione","twitter_card":"summary_large_image","twitter_image":"http:\/\/www.gossip.it\/images5\/1347453719_.jpg","twitter_creator":"@gossinews_it","twitter_site":"@gossinews_it","twitter_misc":{"Scritto da":"Francesca Romana Domenici","Tempo di lettura stimato":"1 minuto"},"schema":{"@context":"https:\/\/schema.org","@graph":[{"@type":"Article","@id":"https:\/\/www.gossip.it\/news\/rosa-baiano-ecco-perche-e-ingrassata\/#article","isPartOf":{"@id":"https:\/\/www.gossip.it\/news\/rosa-baiano-ecco-perche-e-ingrassata\/"},"author":{"name":"La Redazione","@id":"https:\/\/www.gossip.it\/#\/schema\/person\/488896f75158bff1cc83c6c39d141110"},"headline":"Rosa Baiano, ecco perch\u00e9 \u00e8 ingrassata...","datePublished":"2012-09-11T22:00:00+00:00","dateModified":"2012-09-11T22:00:00+00:00","mainEntityOfPage":{"@id":"https:\/\/www.gossip.it\/news\/rosa-baiano-ecco-perche-e-ingrassata\/"},"wordCount":126,"publisher":{"@id":"https:\/\/www.gossip.it\/#organization"},"image":{"@id":"https:\/\/www.gossip.it\/news\/rosa-baiano-ecco-perche-e-ingrassata\/#primaryimage"},"thumbnailUrl":"http:\/\/www.gossip.it\/images5\/1347453719_.jpg","keywords":["compleanno","emanuele pagano","facebook","fan page","festa","gossip.tv","gravidanza","pancino","rosa baiano","social","tiroide","tv"],"articleSection":["News"],"inLanguage":"it-IT"},{"@type":"WebPage","@id":"https:\/\/www.gossip.it\/news\/rosa-baiano-ecco-perche-e-ingrassata\/","url":"https:\/\/www.gossip.it\/news\/rosa-baiano-ecco-perche-e-ingrassata\/","name":"Rosa Baiano, ecco perch\u00e9 \u00e8 ingrassata... - Gossip.it | News sul Gossip e VIP","isPartOf":{"@id":"https:\/\/www.gossip.it\/#website"},"primaryImageOfPage":{"@id":"https:\/\/www.gossip.it\/news\/rosa-baiano-ecco-perche-e-ingrassata\/#primaryimage"},"image":{"@id":"https:\/\/www.gossip.it\/news\/rosa-baiano-ecco-perche-e-ingrassata\/#primaryimage"},"thumbnailUrl":"http:\/\/www.gossip.it\/images5\/1347453719_.jpg","datePublished":"2012-09-11T22:00:00+00:00","dateModified":"2012-09-11T22:00:00+00:00","description":"Il pancino c'\u00e8, non vi \u00e8 dubbio. Spicca sotto l'abito che l'ex gieffina Rosa Baiano indossava qualche giorno fa alla festa del suo compleanno (clicca qui","breadcrumb":{"@id":"https:\/\/www.gossip.it\/news\/rosa-baiano-ecco-perche-e-ingrassata\/#breadcrumb"},"inLanguage":"it-IT","potentialAction":[{"@type":"ReadAction","target":["https:\/\/www.gossip.it\/news\/rosa-baiano-ecco-perche-e-ingrassata\/"]}]},{"@type":"ImageObject","inLanguage":"it-IT","@id":"https:\/\/www.gossip.it\/news\/rosa-baiano-ecco-perche-e-ingrassata\/#primaryimage","url":"http:\/\/www.gossip.it\/images5\/1347453719_.jpg","contentUrl":"http:\/\/www.gossip.it\/images5\/1347453719_.jpg"},{"@type":"BreadcrumbList","@id":"https:\/\/www.gossip.it\/news\/rosa-baiano-ecco-perche-e-ingrassata\/#breadcrumb","itemListElement":[{"@type":"ListItem","position":1,"name":"Home","item":"https:\/\/www.gossip.it\/"},{"@type":"ListItem","position":2,"name":"Rosa Baiano, ecco perch\u00e9 \u00e8 ingrassata..."}]},{"@type":"WebSite","@id":"https:\/\/www.gossip.it\/#website","url":"https:\/\/www.gossip.it\/","name":"Gossip and VIP News","description":"Quotidiano di cronaca rosa, costume e societ\u00e0","publisher":{"@id":"https:\/\/www.gossip.it\/#organization"},"alternateName":"Gossip and VIP News","potentialAction":[{"@type":"SearchAction","target":{"@type":"EntryPoint","urlTemplate":"https:\/\/www.gossip.it\/?s={search_term_string}"},"query-input":{"@type":"PropertyValueSpecification","valueRequired":true,"valueName":"search_term_string"}}],"inLanguage":"it-IT"},{"@type":"Organization","@id":"https:\/\/www.gossip.it\/#organization","name":"Gossip and VIP News","alternateName":"Gossip News","url":"https:\/\/www.gossip.it\/","logo":{"@type":"ImageObject","inLanguage":"it-IT","@id":"https:\/\/www.gossip.it\/#\/schema\/logo\/image\/","url":"https:\/\/www.gossip.it\/wp-content\/uploads\/2022\/04\/cropped-corna-alta-tiny.png","contentUrl":"https:\/\/www.gossip.it\/wp-content\/uploads\/2022\/04\/cropped-corna-alta-tiny.png","width":512,"height":512,"caption":"Gossip and VIP News"},"image":{"@id":"https:\/\/www.gossip.it\/#\/schema\/logo\/image\/"},"sameAs":["https:\/\/www.facebook.com\/GossipIT","https:\/\/x.com\/gossinews_it","https:\/\/instagram.com\/gossip_it"]},{"@type":"Person","@id":"https:\/\/www.gossip.it\/#\/schema\/person\/488896f75158bff1cc83c6c39d141110","name":"La Redazione","image":{"@type":"ImageObject","inLanguage":"it-IT","@id":"https:\/\/www.gossip.it\/#\/schema\/person\/image\/","url":"https:\/\/secure.gravatar.com\/avatar\/5a5f5c6fa3e6700e4249abdad0263a1e94e927d9e0499b1cb09c1cd29c044d80?s=96&d=mm&r=g","contentUrl":"https:\/\/secure.gravatar.com\/avatar\/5a5f5c6fa3e6700e4249abdad0263a1e94e927d9e0499b1cb09c1cd29c044d80?s=96&d=mm&r=g","caption":"La Redazione"},"sameAs":["https:\/\/www.gossip.it"]}]}},"amp_enabled":true,"_links":{"self":[{"href":"https:\/\/www.gossip.it\/api\/wp\/v2\/posts\/34769","targetHints":{"allow":["GET"]}}],"collection":[{"href":"https:\/\/www.gossip.it\/api\/wp\/v2\/posts"}],"about":[{"href":"https:\/\/www.gossip.it\/api\/wp\/v2\/types\/post"}],"author":[{"embeddable":true,"href":"https:\/\/www.gossip.it\/api\/wp\/v2\/users\/1"}],"replies":[{"embeddable":true,"href":"https:\/\/www.gossip.it\/api\/wp\/v2\/comments?post=34769"}],"version-history":[{"count":0,"href":"https:\/\/www.gossip.it\/api\/wp\/v2\/posts\/34769\/revisions"}],"wp:featuredmedia":[{"embeddable":true,"href":"https:\/\/www.gossip.it\/api\/wp\/v2\/media\/90815"}],"wp:attachment":[{"href":"https:\/\/www.gossip.it\/api\/wp\/v2\/media?parent=34769"}],"wp:term":[{"taxonomy":"category","embeddable":true,"href":"https:\/\/www.gossip.it\/api\/wp\/v2\/categories?post=34769"},{"taxonomy":"post_tag","embeddable":true,"href":"https:\/\/www.gossip.it\/api\/wp\/v2\/tags?post=34769"},{"taxonomy":"vip","embeddable":true,"href":"https:\/\/www.gossip.it\/api\/wp\/v2\/vip?post=34769"}],"curies":[{"name":"wp","href":"https:\/\/api.w.org\/{rel}","templated":true}]}}