{"id":34815,"date":"2012-09-17T00:00:00","date_gmt":"2012-09-16T22:00:00","guid":{"rendered":"https:\/\/www.gossip.it\/senza-categoria\/emma-marrone-papa-rosario-con-la-parrucca-foto\/"},"modified":"2012-09-17T00:00:00","modified_gmt":"2012-09-16T22:00:00","slug":"emma-marrone-papa-rosario-con-la-parrucca-foto","status":"publish","type":"post","link":"https:\/\/www.gossip.it\/news\/emma-marrone-papa-rosario-con-la-parrucca-foto\/","title":{"rendered":"Emma Marrone, pap\u00e0 Rosario con la parrucca: foto"},"content":{"rendered":"<p><em>\"Mio padre \u00e8 pronto x salire sul palco con me... Io sono pronta x disconoscerlo... \"<\/em>, cinguetta su Twitter una divertita <a href=\"http:\/\/www.gossip.it\/news\/monografia.php?keyword=Emma Marrone\">Emma Marrone<\/a> postando la foto del suo pap\u00e0 mentre indossa una parrucca bionda (<a href=\"http:\/\/www.gossip.it\/news\/asc_showfoto.php?ID=1347880665\"><b><u>clicca qui per ingrandire<\/u><\/b><\/a>).<\/p>\n<p>Ancora impegnata nel suo Sar\u00f2 Libera Tour, sabato la cantante si \u00e8 esibita a <b>Matera<\/b>. Ed \u00e8 riuscita a infiammare il pubblico nonostante qualche <b>problema di salute<\/b>: stanca, ha cantato con la <b>febbre<\/b>.<br \/>\nEmma ha aperto lo spettacolo con 5 brani, per poi doversi fermare un attimo e sedersi. Sembrava quasi sul punto di annullare il concerto, invece ce l'ha fatta e, con la forza e la grinta che la contraddistinguono, ha portato a termine lo <b>show<\/b>. A darle forza pure la presenza del padre che l'ha accompagnata alla chitarra nel brano <b>\"Io sono per te l'amore\"<\/b>.<\/p>\n","protected":false},"excerpt":{"rendered":"<p>\"Mio padre \u00e8 pronto x salire sul palco con me... Io sono pronta x disconoscerlo... \", cinguetta su Twitter una divertita Emma Marrone postando la foto del suo pap\u00e0 mentre indossa una parrucca bionda (clicca qui per ingrandire). Ancora impegnata nel suo Sar\u00f2 Libera Tour, sabato la cantante si \u00e8 esibita a Matera. Ed \u00e8 [&hellip;]<\/p>\n","protected":false},"author":1,"featured_media":90861,"comment_status":"closed","ping_status":"closed","sticky":false,"template":"","format":"standard","meta":{"footnotes":""},"categories":[54],"tags":[4380,3969,14716,8893,2408,7337,38790,1923,7346],"vip":[669],"class_list":["post-34815","post","type-post","status-publish","format-standard","has-post-thumbnail","hentry","category-news","tag-concerto","tag-febbre","tag-gossip-musica","tag-matera","tag-musica","tag-parrucca","tag-rosario-marrone","tag-social","tag-twitter","vip-emma_marrone"],"yoast_head":"<title>Emma Marrone, pap\u00e0 Rosario con la parrucca: foto - Gossip.it | News sul Gossip e VIP<\/title>\n<meta name=\"description\" content=\"&quot;Mio padre \u00e8 pronto x salire sul palco con me... Io sono pronta x disconoscerlo... &quot;, cinguetta su Twitter una divertita Emma Marrone postando la foto del\" \/>\n<meta name=\"robots\" content=\"index, follow, max-snippet:-1, max-image-preview:large, max-video-preview:-1\" \/>\n<link rel=\"canonical\" href=\"https:\/\/www.gossip.it\/news\/emma-marrone-papa-rosario-con-la-parrucca-foto\/\" \/>\n<meta property=\"og:locale\" content=\"it_IT\" \/>\n<meta property=\"og:type\" content=\"article\" \/>\n<meta property=\"og:title\" content=\"Emma Marrone, pap\u00e0 Rosario con la parrucca: foto - Gossip.it | News sul Gossip e VIP\" \/>\n<meta property=\"og:description\" content=\"&quot;Mio padre \u00e8 pronto x salire sul palco con me... Io sono pronta x disconoscerlo... &quot;, cinguetta su Twitter una divertita Emma Marrone postando la foto del\" \/>\n<meta property=\"og:url\" content=\"https:\/\/www.gossip.it\/news\/emma-marrone-papa-rosario-con-la-parrucca-foto\/\" \/>\n<meta property=\"og:site_name\" content=\"Gossip.it | News sul Gossip e VIP\" \/>\n<meta property=\"article:publisher\" content=\"https:\/\/www.facebook.com\/GossipIT\" \/>\n<meta property=\"article:published_time\" content=\"2012-09-16T22:00:00+00:00\" \/>\n<meta property=\"og:image\" content=\"http:\/\/www.gossip.it\/images5\/1347880665_.jpg\" \/>\n<meta name=\"author\" content=\"La Redazione\" \/>\n<meta name=\"twitter:card\" content=\"summary_large_image\" \/>\n<meta name=\"twitter:image\" content=\"http:\/\/www.gossip.it\/images5\/1347880665_.jpg\" \/>\n<meta name=\"twitter:creator\" content=\"@gossinews_it\" \/>\n<meta name=\"twitter:site\" content=\"@gossinews_it\" \/>\n<meta name=\"twitter:label1\" content=\"Scritto da\" \/>\n\t<meta name=\"twitter:data1\" content=\"Francesca Romana Domenici\" \/>\n\t<meta name=\"twitter:label2\" content=\"Tempo di lettura stimato\" \/>\n\t<meta name=\"twitter:data2\" content=\"1 minuto\" \/>","yoast_head_json":{"title":"Emma Marrone, pap\u00e0 Rosario con la parrucca: foto - Gossip.it | News sul Gossip e VIP","description":"\"Mio padre \u00e8 pronto x salire sul palco con me... Io sono pronta x disconoscerlo... \", cinguetta su Twitter una divertita Emma Marrone postando la foto del","robots":{"index":"index","follow":"follow","max-snippet":"max-snippet:-1","max-image-preview":"max-image-preview:large","max-video-preview":"max-video-preview:-1"},"canonical":"https:\/\/www.gossip.it\/news\/emma-marrone-papa-rosario-con-la-parrucca-foto\/","og_locale":"it_IT","og_type":"article","og_title":"Emma Marrone, pap\u00e0 Rosario con la parrucca: foto - Gossip.it | News sul Gossip e VIP","og_description":"\"Mio padre \u00e8 pronto x salire sul palco con me... Io sono pronta x disconoscerlo... \", cinguetta su Twitter una divertita Emma Marrone postando la foto del","og_url":"https:\/\/www.gossip.it\/news\/emma-marrone-papa-rosario-con-la-parrucca-foto\/","og_site_name":"Gossip.it | News sul Gossip e VIP","article_publisher":"https:\/\/www.facebook.com\/GossipIT","article_published_time":"2012-09-16T22:00:00+00:00","og_image":[{"url":"http:\/\/www.gossip.it\/images5\/1347880665_.jpg"}],"author":"La Redazione","twitter_card":"summary_large_image","twitter_image":"http:\/\/www.gossip.it\/images5\/1347880665_.jpg","twitter_creator":"@gossinews_it","twitter_site":"@gossinews_it","twitter_misc":{"Scritto da":"Francesca Romana Domenici","Tempo di lettura stimato":"1 minuto"},"schema":{"@context":"https:\/\/schema.org","@graph":[{"@type":"Article","@id":"https:\/\/www.gossip.it\/news\/emma-marrone-papa-rosario-con-la-parrucca-foto\/#article","isPartOf":{"@id":"https:\/\/www.gossip.it\/news\/emma-marrone-papa-rosario-con-la-parrucca-foto\/"},"author":{"name":"La Redazione","@id":"https:\/\/www.gossip.it\/#\/schema\/person\/488896f75158bff1cc83c6c39d141110"},"headline":"Emma Marrone, pap\u00e0 Rosario con la parrucca: foto","datePublished":"2012-09-16T22:00:00+00:00","dateModified":"2012-09-16T22:00:00+00:00","mainEntityOfPage":{"@id":"https:\/\/www.gossip.it\/news\/emma-marrone-papa-rosario-con-la-parrucca-foto\/"},"wordCount":141,"publisher":{"@id":"https:\/\/www.gossip.it\/#organization"},"image":{"@id":"https:\/\/www.gossip.it\/news\/emma-marrone-papa-rosario-con-la-parrucca-foto\/#primaryimage"},"thumbnailUrl":"http:\/\/www.gossip.it\/images5\/1347880665_.jpg","keywords":["concerto","febbre","gossip musica","matera","musica","parrucca","rosario marrone","social","twitter"],"articleSection":["News"],"inLanguage":"it-IT"},{"@type":"WebPage","@id":"https:\/\/www.gossip.it\/news\/emma-marrone-papa-rosario-con-la-parrucca-foto\/","url":"https:\/\/www.gossip.it\/news\/emma-marrone-papa-rosario-con-la-parrucca-foto\/","name":"Emma Marrone, pap\u00e0 Rosario con la parrucca: foto - Gossip.it | News sul Gossip e VIP","isPartOf":{"@id":"https:\/\/www.gossip.it\/#website"},"primaryImageOfPage":{"@id":"https:\/\/www.gossip.it\/news\/emma-marrone-papa-rosario-con-la-parrucca-foto\/#primaryimage"},"image":{"@id":"https:\/\/www.gossip.it\/news\/emma-marrone-papa-rosario-con-la-parrucca-foto\/#primaryimage"},"thumbnailUrl":"http:\/\/www.gossip.it\/images5\/1347880665_.jpg","datePublished":"2012-09-16T22:00:00+00:00","dateModified":"2012-09-16T22:00:00+00:00","description":"\"Mio padre \u00e8 pronto x salire sul palco con me... Io sono pronta x disconoscerlo... \", cinguetta su Twitter una divertita Emma Marrone postando la foto del","breadcrumb":{"@id":"https:\/\/www.gossip.it\/news\/emma-marrone-papa-rosario-con-la-parrucca-foto\/#breadcrumb"},"inLanguage":"it-IT","potentialAction":[{"@type":"ReadAction","target":["https:\/\/www.gossip.it\/news\/emma-marrone-papa-rosario-con-la-parrucca-foto\/"]}]},{"@type":"ImageObject","inLanguage":"it-IT","@id":"https:\/\/www.gossip.it\/news\/emma-marrone-papa-rosario-con-la-parrucca-foto\/#primaryimage","url":"http:\/\/www.gossip.it\/images5\/1347880665_.jpg","contentUrl":"http:\/\/www.gossip.it\/images5\/1347880665_.jpg"},{"@type":"BreadcrumbList","@id":"https:\/\/www.gossip.it\/news\/emma-marrone-papa-rosario-con-la-parrucca-foto\/#breadcrumb","itemListElement":[{"@type":"ListItem","position":1,"name":"Home","item":"https:\/\/www.gossip.it\/"},{"@type":"ListItem","position":2,"name":"Emma Marrone, pap\u00e0 Rosario con la parrucca: foto"}]},{"@type":"WebSite","@id":"https:\/\/www.gossip.it\/#website","url":"https:\/\/www.gossip.it\/","name":"Gossip and VIP News","description":"Quotidiano di cronaca rosa, costume e societ\u00e0","publisher":{"@id":"https:\/\/www.gossip.it\/#organization"},"alternateName":"Gossip and VIP News","potentialAction":[{"@type":"SearchAction","target":{"@type":"EntryPoint","urlTemplate":"https:\/\/www.gossip.it\/?s={search_term_string}"},"query-input":{"@type":"PropertyValueSpecification","valueRequired":true,"valueName":"search_term_string"}}],"inLanguage":"it-IT"},{"@type":"Organization","@id":"https:\/\/www.gossip.it\/#organization","name":"Gossip and VIP News","alternateName":"Gossip News","url":"https:\/\/www.gossip.it\/","logo":{"@type":"ImageObject","inLanguage":"it-IT","@id":"https:\/\/www.gossip.it\/#\/schema\/logo\/image\/","url":"https:\/\/www.gossip.it\/wp-content\/uploads\/2022\/04\/cropped-corna-alta-tiny.png","contentUrl":"https:\/\/www.gossip.it\/wp-content\/uploads\/2022\/04\/cropped-corna-alta-tiny.png","width":512,"height":512,"caption":"Gossip and VIP News"},"image":{"@id":"https:\/\/www.gossip.it\/#\/schema\/logo\/image\/"},"sameAs":["https:\/\/www.facebook.com\/GossipIT","https:\/\/x.com\/gossinews_it","https:\/\/instagram.com\/gossip_it"]},{"@type":"Person","@id":"https:\/\/www.gossip.it\/#\/schema\/person\/488896f75158bff1cc83c6c39d141110","name":"La Redazione","image":{"@type":"ImageObject","inLanguage":"it-IT","@id":"https:\/\/www.gossip.it\/#\/schema\/person\/image\/","url":"https:\/\/secure.gravatar.com\/avatar\/5a5f5c6fa3e6700e4249abdad0263a1e94e927d9e0499b1cb09c1cd29c044d80?s=96&d=mm&r=g","contentUrl":"https:\/\/secure.gravatar.com\/avatar\/5a5f5c6fa3e6700e4249abdad0263a1e94e927d9e0499b1cb09c1cd29c044d80?s=96&d=mm&r=g","caption":"La Redazione"},"sameAs":["https:\/\/www.gossip.it"]}]}},"amp_enabled":true,"_links":{"self":[{"href":"https:\/\/www.gossip.it\/api\/wp\/v2\/posts\/34815","targetHints":{"allow":["GET"]}}],"collection":[{"href":"https:\/\/www.gossip.it\/api\/wp\/v2\/posts"}],"about":[{"href":"https:\/\/www.gossip.it\/api\/wp\/v2\/types\/post"}],"author":[{"embeddable":true,"href":"https:\/\/www.gossip.it\/api\/wp\/v2\/users\/1"}],"replies":[{"embeddable":true,"href":"https:\/\/www.gossip.it\/api\/wp\/v2\/comments?post=34815"}],"version-history":[{"count":0,"href":"https:\/\/www.gossip.it\/api\/wp\/v2\/posts\/34815\/revisions"}],"wp:featuredmedia":[{"embeddable":true,"href":"https:\/\/www.gossip.it\/api\/wp\/v2\/media\/90861"}],"wp:attachment":[{"href":"https:\/\/www.gossip.it\/api\/wp\/v2\/media?parent=34815"}],"wp:term":[{"taxonomy":"category","embeddable":true,"href":"https:\/\/www.gossip.it\/api\/wp\/v2\/categories?post=34815"},{"taxonomy":"post_tag","embeddable":true,"href":"https:\/\/www.gossip.it\/api\/wp\/v2\/tags?post=34815"},{"taxonomy":"vip","embeddable":true,"href":"https:\/\/www.gossip.it\/api\/wp\/v2\/vip?post=34815"}],"curies":[{"name":"wp","href":"https:\/\/api.w.org\/{rel}","templated":true}]}}