{"id":34819,"date":"2012-09-17T00:00:00","date_gmt":"2012-09-16T22:00:00","guid":{"rendered":"https:\/\/www.gossip.it\/senza-categoria\/virginia-raffaele-esilarante-nicole-minetti\/"},"modified":"2012-09-17T00:00:00","modified_gmt":"2012-09-16T22:00:00","slug":"virginia-raffaele-esilarante-nicole-minetti","status":"publish","type":"post","link":"https:\/\/www.gossip.it\/news\/virginia-raffaele-esilarante-nicole-minetti\/","title":{"rendered":"Virginia Raffaele, esilarante Nicole Minetti"},"content":{"rendered":"<p>Basta <a href=\"http:\/\/www.gossip.it\/news\/monografia.php?keyword=Belen\">Belen<\/a>. Quest'anno a <a href=\"http:\/\/www.gossip.it\/news\/monografia.php?keyword=Quelli che il calcio\">Quelli che il calcio<\/a> <a href=\"http:\/\/www.gossip.it\/news\/monografia.php?keyword=Virginia Raffaele\">Virginia Raffaele<\/a> \u00e8 <a href=\"http:\/\/www.gossip.it\/news\/monografia.php?keyword=Nicole Minetti\">Nicole Minetti<\/a>. Ieri durante il programma domenicale di <b>Rai2<\/b> condotto da <a href=\"http:\/\/www.gossip.it\/news\/monografia.php?keyword=Victoria Cabello\">Victoria Cabello<\/a>, la sua imitazione della consigliera regionale della Lombardia \u00e8 stata esilarante. Gloss, forme giunoniche aiutate dal chirurgo estetico, immancabile cellulare in mano, Virginia \u00e8 davvero stata irresistibile.<\/p>\n<p>Eppure l'imitazione gi\u00e0 preventivamente aveva scatenato un polverone. La<br \/>\ndeputata Pdl (vice capogruppo alla Camera) <b>Jole Santelli<\/b>, intervistata da <b>KlausCondicio<\/b>, aveva detto: <em>\"Victoria Cabello fa campagna elettorale e cos\u00ec RaiDue. La Rai non si \u00e8 mai sottratta alla campagna elettorale, contrariamente a quanto dicono i nostri dirimpettai di questo momento del Pd. Si \u00e8 sempre battuta aspramente per la sinistra, che sia il Pd o l\u2019estrema sinistra. Mi dispiace, pensavo che almeno in questi mesi si fosse raggiunta la consapevolezza che bisognasse parlare di problemi di politica vera e non di gossip. La satira generalmente si fa contro i potenti. Dire che la Minetti \u00e8 potente la vedo dura\"<\/em>.<br \/> Dalla stessa parte <a href=\"http:\/\/www.gossip.it\/news\/monografia.php?keyword=Alessandra Mussolini\">Alessandra Mussolini<\/a>: <em>\"Chiedo che venga stoppata l\u2019imitazione di Nicole Minetti, \u00e8 solo un modo per attaccare <a href=\"http:\/\/www.gossip.it\/news\/monografia.php?keyword=Silvio Berlusconi\">Silvio Berlusconi<\/a>\"<\/em>. Ma cos\u00ec non \u00e8 stato. Del resto siamo in democrazia.<\/p>\n","protected":false},"excerpt":{"rendered":"<p>Basta Belen. Quest'anno a Quelli che il calcio Virginia Raffaele \u00e8 Nicole Minetti. Ieri durante il programma domenicale di Rai2 condotto da Victoria Cabello, la sua imitazione della consigliera regionale della Lombardia \u00e8 stata esilarante. Gloss, forme giunoniche aiutate dal chirurgo estetico, immancabile cellulare in mano, Virginia \u00e8 davvero stata irresistibile. Eppure l'imitazione gi\u00e0 preventivamente [&hellip;]<\/p>\n","protected":false},"author":1,"featured_media":90865,"comment_status":"closed","ping_status":"closed","sticky":false,"template":"","format":"standard","meta":{"footnotes":""},"categories":[54],"tags":[6834,3297,6988,6735,18744,2097],"vip":[1424,1826,1838],"class_list":["post-34819","post","type-post","status-publish","format-standard","has-post-thumbnail","hentry","category-news","tag-consigliera-regionale","tag-gossip-tv","tag-pdl","tag-quelli-che-il-calcio","tag-rai2","tag-tv","vip-nicole_minetti","vip-victoria_cabello","vip-virginia_raffaele"],"yoast_head":"<title>Virginia Raffaele, esilarante Nicole Minetti - Gossip.it | News sul Gossip e VIP<\/title>\n<meta name=\"description\" content=\"Basta Belen. Quest&#039;anno a Quelli che il calcio Virginia Raffaele \u00e8 Nicole Minetti. Ieri durante il programma domenicale di Rai2 condotto da Victoria\" \/>\n<meta name=\"robots\" content=\"index, follow, max-snippet:-1, max-image-preview:large, max-video-preview:-1\" \/>\n<link rel=\"canonical\" href=\"https:\/\/www.gossip.it\/news\/virginia-raffaele-esilarante-nicole-minetti\/\" \/>\n<meta property=\"og:locale\" content=\"it_IT\" \/>\n<meta property=\"og:type\" content=\"article\" \/>\n<meta property=\"og:title\" content=\"Virginia Raffaele, esilarante Nicole Minetti - Gossip.it | News sul Gossip e VIP\" \/>\n<meta property=\"og:description\" content=\"Basta Belen. Quest&#039;anno a Quelli che il calcio Virginia Raffaele \u00e8 Nicole Minetti. Ieri durante il programma domenicale di Rai2 condotto da Victoria\" \/>\n<meta property=\"og:url\" content=\"https:\/\/www.gossip.it\/news\/virginia-raffaele-esilarante-nicole-minetti\/\" \/>\n<meta property=\"og:site_name\" content=\"Gossip.it | News sul Gossip e VIP\" \/>\n<meta property=\"article:publisher\" content=\"https:\/\/www.facebook.com\/GossipIT\" \/>\n<meta property=\"article:published_time\" content=\"2012-09-16T22:00:00+00:00\" \/>\n<meta property=\"og:image\" content=\"http:\/\/www.gossip.it\/images5\/1347884370_.jpg\" \/>\n<meta name=\"author\" content=\"La Redazione\" \/>\n<meta name=\"twitter:card\" content=\"summary_large_image\" \/>\n<meta name=\"twitter:image\" content=\"http:\/\/www.gossip.it\/images5\/1347884370_.jpg\" \/>\n<meta name=\"twitter:creator\" content=\"@gossinews_it\" \/>\n<meta name=\"twitter:site\" content=\"@gossinews_it\" \/>\n<meta name=\"twitter:label1\" content=\"Scritto da\" \/>\n\t<meta name=\"twitter:data1\" content=\"Annamaria Capozzi\" \/>\n\t<meta name=\"twitter:label2\" content=\"Tempo di lettura stimato\" \/>\n\t<meta name=\"twitter:data2\" content=\"1 minuto\" \/>","yoast_head_json":{"title":"Virginia Raffaele, esilarante Nicole Minetti - Gossip.it | News sul Gossip e VIP","description":"Basta Belen. Quest'anno a Quelli che il calcio Virginia Raffaele \u00e8 Nicole Minetti. Ieri durante il programma domenicale di Rai2 condotto da Victoria","robots":{"index":"index","follow":"follow","max-snippet":"max-snippet:-1","max-image-preview":"max-image-preview:large","max-video-preview":"max-video-preview:-1"},"canonical":"https:\/\/www.gossip.it\/news\/virginia-raffaele-esilarante-nicole-minetti\/","og_locale":"it_IT","og_type":"article","og_title":"Virginia Raffaele, esilarante Nicole Minetti - Gossip.it | News sul Gossip e VIP","og_description":"Basta Belen. Quest'anno a Quelli che il calcio Virginia Raffaele \u00e8 Nicole Minetti. Ieri durante il programma domenicale di Rai2 condotto da Victoria","og_url":"https:\/\/www.gossip.it\/news\/virginia-raffaele-esilarante-nicole-minetti\/","og_site_name":"Gossip.it | News sul Gossip e VIP","article_publisher":"https:\/\/www.facebook.com\/GossipIT","article_published_time":"2012-09-16T22:00:00+00:00","og_image":[{"url":"http:\/\/www.gossip.it\/images5\/1347884370_.jpg"}],"author":"La Redazione","twitter_card":"summary_large_image","twitter_image":"http:\/\/www.gossip.it\/images5\/1347884370_.jpg","twitter_creator":"@gossinews_it","twitter_site":"@gossinews_it","twitter_misc":{"Scritto da":"Annamaria Capozzi","Tempo di lettura stimato":"1 minuto"},"schema":{"@context":"https:\/\/schema.org","@graph":[{"@type":"Article","@id":"https:\/\/www.gossip.it\/news\/virginia-raffaele-esilarante-nicole-minetti\/#article","isPartOf":{"@id":"https:\/\/www.gossip.it\/news\/virginia-raffaele-esilarante-nicole-minetti\/"},"author":{"name":"La Redazione","@id":"https:\/\/www.gossip.it\/#\/schema\/person\/488896f75158bff1cc83c6c39d141110"},"headline":"Virginia Raffaele, esilarante Nicole Minetti","datePublished":"2012-09-16T22:00:00+00:00","dateModified":"2012-09-16T22:00:00+00:00","mainEntityOfPage":{"@id":"https:\/\/www.gossip.it\/news\/virginia-raffaele-esilarante-nicole-minetti\/"},"wordCount":192,"publisher":{"@id":"https:\/\/www.gossip.it\/#organization"},"image":{"@id":"https:\/\/www.gossip.it\/news\/virginia-raffaele-esilarante-nicole-minetti\/#primaryimage"},"thumbnailUrl":"http:\/\/www.gossip.it\/images5\/1347884370_.jpg","keywords":["consigliera regionale","gossip.tv","pdl","quelli che il calcio","rai2","tv"],"articleSection":["News"],"inLanguage":"it-IT"},{"@type":"WebPage","@id":"https:\/\/www.gossip.it\/news\/virginia-raffaele-esilarante-nicole-minetti\/","url":"https:\/\/www.gossip.it\/news\/virginia-raffaele-esilarante-nicole-minetti\/","name":"Virginia Raffaele, esilarante Nicole Minetti - Gossip.it | News sul Gossip e VIP","isPartOf":{"@id":"https:\/\/www.gossip.it\/#website"},"primaryImageOfPage":{"@id":"https:\/\/www.gossip.it\/news\/virginia-raffaele-esilarante-nicole-minetti\/#primaryimage"},"image":{"@id":"https:\/\/www.gossip.it\/news\/virginia-raffaele-esilarante-nicole-minetti\/#primaryimage"},"thumbnailUrl":"http:\/\/www.gossip.it\/images5\/1347884370_.jpg","datePublished":"2012-09-16T22:00:00+00:00","dateModified":"2012-09-16T22:00:00+00:00","description":"Basta Belen. Quest'anno a Quelli che il calcio Virginia Raffaele \u00e8 Nicole Minetti. Ieri durante il programma domenicale di Rai2 condotto da Victoria","breadcrumb":{"@id":"https:\/\/www.gossip.it\/news\/virginia-raffaele-esilarante-nicole-minetti\/#breadcrumb"},"inLanguage":"it-IT","potentialAction":[{"@type":"ReadAction","target":["https:\/\/www.gossip.it\/news\/virginia-raffaele-esilarante-nicole-minetti\/"]}]},{"@type":"ImageObject","inLanguage":"it-IT","@id":"https:\/\/www.gossip.it\/news\/virginia-raffaele-esilarante-nicole-minetti\/#primaryimage","url":"http:\/\/www.gossip.it\/images5\/1347884370_.jpg","contentUrl":"http:\/\/www.gossip.it\/images5\/1347884370_.jpg"},{"@type":"BreadcrumbList","@id":"https:\/\/www.gossip.it\/news\/virginia-raffaele-esilarante-nicole-minetti\/#breadcrumb","itemListElement":[{"@type":"ListItem","position":1,"name":"Home","item":"https:\/\/www.gossip.it\/"},{"@type":"ListItem","position":2,"name":"Virginia Raffaele, esilarante Nicole Minetti"}]},{"@type":"WebSite","@id":"https:\/\/www.gossip.it\/#website","url":"https:\/\/www.gossip.it\/","name":"Gossip and VIP News","description":"Quotidiano di cronaca rosa, costume e societ\u00e0","publisher":{"@id":"https:\/\/www.gossip.it\/#organization"},"alternateName":"Gossip and VIP News","potentialAction":[{"@type":"SearchAction","target":{"@type":"EntryPoint","urlTemplate":"https:\/\/www.gossip.it\/?s={search_term_string}"},"query-input":{"@type":"PropertyValueSpecification","valueRequired":true,"valueName":"search_term_string"}}],"inLanguage":"it-IT"},{"@type":"Organization","@id":"https:\/\/www.gossip.it\/#organization","name":"Gossip and VIP News","alternateName":"Gossip News","url":"https:\/\/www.gossip.it\/","logo":{"@type":"ImageObject","inLanguage":"it-IT","@id":"https:\/\/www.gossip.it\/#\/schema\/logo\/image\/","url":"https:\/\/www.gossip.it\/wp-content\/uploads\/2022\/04\/cropped-corna-alta-tiny.png","contentUrl":"https:\/\/www.gossip.it\/wp-content\/uploads\/2022\/04\/cropped-corna-alta-tiny.png","width":512,"height":512,"caption":"Gossip and VIP News"},"image":{"@id":"https:\/\/www.gossip.it\/#\/schema\/logo\/image\/"},"sameAs":["https:\/\/www.facebook.com\/GossipIT","https:\/\/x.com\/gossinews_it","https:\/\/instagram.com\/gossip_it"]},{"@type":"Person","@id":"https:\/\/www.gossip.it\/#\/schema\/person\/488896f75158bff1cc83c6c39d141110","name":"La Redazione","image":{"@type":"ImageObject","inLanguage":"it-IT","@id":"https:\/\/www.gossip.it\/#\/schema\/person\/image\/","url":"https:\/\/secure.gravatar.com\/avatar\/5a5f5c6fa3e6700e4249abdad0263a1e94e927d9e0499b1cb09c1cd29c044d80?s=96&d=mm&r=g","contentUrl":"https:\/\/secure.gravatar.com\/avatar\/5a5f5c6fa3e6700e4249abdad0263a1e94e927d9e0499b1cb09c1cd29c044d80?s=96&d=mm&r=g","caption":"La Redazione"},"sameAs":["https:\/\/www.gossip.it"]}]}},"amp_enabled":true,"_links":{"self":[{"href":"https:\/\/www.gossip.it\/api\/wp\/v2\/posts\/34819","targetHints":{"allow":["GET"]}}],"collection":[{"href":"https:\/\/www.gossip.it\/api\/wp\/v2\/posts"}],"about":[{"href":"https:\/\/www.gossip.it\/api\/wp\/v2\/types\/post"}],"author":[{"embeddable":true,"href":"https:\/\/www.gossip.it\/api\/wp\/v2\/users\/1"}],"replies":[{"embeddable":true,"href":"https:\/\/www.gossip.it\/api\/wp\/v2\/comments?post=34819"}],"version-history":[{"count":0,"href":"https:\/\/www.gossip.it\/api\/wp\/v2\/posts\/34819\/revisions"}],"wp:featuredmedia":[{"embeddable":true,"href":"https:\/\/www.gossip.it\/api\/wp\/v2\/media\/90865"}],"wp:attachment":[{"href":"https:\/\/www.gossip.it\/api\/wp\/v2\/media?parent=34819"}],"wp:term":[{"taxonomy":"category","embeddable":true,"href":"https:\/\/www.gossip.it\/api\/wp\/v2\/categories?post=34819"},{"taxonomy":"post_tag","embeddable":true,"href":"https:\/\/www.gossip.it\/api\/wp\/v2\/tags?post=34819"},{"taxonomy":"vip","embeddable":true,"href":"https:\/\/www.gossip.it\/api\/wp\/v2\/vip?post=34819"}],"curies":[{"name":"wp","href":"https:\/\/api.w.org\/{rel}","templated":true}]}}