{"id":35045,"date":"2012-10-02T00:00:00","date_gmt":"2012-10-01T22:00:00","guid":{"rendered":"https:\/\/www.gossip.it\/senza-categoria\/seth-macfarlane-presentera-gli-oscar-2013\/"},"modified":"2012-10-02T00:00:00","modified_gmt":"2012-10-01T22:00:00","slug":"seth-macfarlane-presentera-gli-oscar-2013","status":"publish","type":"post","link":"https:\/\/www.gossip.it\/news\/seth-macfarlane-presentera-gli-oscar-2013\/","title":{"rendered":"Seth MacFarlane presenter\u00e0 gli Oscar 2013"},"content":{"rendered":"<p>Il comico statunitense e creatore dell\u2019irriverente serie animata \u201c<em><b>I Griffin<\/b><\/em>\u201d, <a href=\"http:\/\/www.gossip.it\/news\/monografia.php?keyword=Seth MacFarlane\">Seth MacFarlane<\/a> (<a href=\"http:\/\/www.gossip.it\/news\/asc_showfoto.php?ID=1349183683\"><b><u>clicca qui per vedere la foto<\/u><\/b><\/a>), sar\u00e0 il conduttore della prossima edizione dei prestigiosi <b>Academy Awards<\/b> (chiamati pi\u00f9 comunemente <b>Oscar<\/b>) che si terr\u00e0 a Los Angeles il <b>24 febbraio 2013<\/b>. I produttori della cerimonia <b>Craig Zadan<\/b> e <b>Neil Meron<\/b> hanno spiegato perch\u00e9 la scelta \u00e8 caduta su MacFarlane: \u201c<em>Le sue abilit\u00e0 come performer combaciano perfettamente con la nostra idea di rendere lo show <b>divertente e fresco<\/b><\/em>\u201d.  <\/p>\n<p>L\u2019attore, scrittore e regista 38enne, appena ha ricevuto la notizia, ha scherzato: \u201c<em>I miei pensieri, appena ho appreso la notizia, sono stati, uno, far\u00f2 del mio meglio per mantenere gli alti standard dei miei predecessori<\/em> (l\u2019anno scorso <a href=\"http:\/\/www.gossip.it\/news\/monografia.php?keyword=Billy Crystal\">Billy Crystal<\/a>, due anni fa <a href=\"http:\/\/www.gossip.it\/news\/monografia.php?keyword=James Franco\">James Franco<\/a> e <a href=\"http:\/\/www.gossip.it\/news\/monografia.php?keyword=Anne Hathaway\">Anne Hathaway<\/a>, ndr); <em>due, spero che non scoprano mai che ho presentato il Roast<\/em> (il rito amichevole statunitense di prendere in giro e insultare comicamente una persona, ndr) <em>di <a href=\"http:\/\/www.gossip.it\/news\/monografia.php?keyword=Charlie Sheen\">Charlie Sheen<\/a><\/em>\u201d. Tra l\u2019altro il prossimo 4 ottobre uscir\u00e0 nei cinema italiani la commedia \u201c<b><em>Ted<\/em><\/b>\u201d, con <a href=\"http:\/\/www.gossip.it\/news\/monografia.php?keyword=Mark Wahlberg\">Mark Wahlberg<\/a> e <a href=\"http:\/\/www.gossip.it\/news\/monografia.php?keyword=Mila Kunis\">Mila Kunis<\/a>, che vede MacFarlane nelle vesti di regista, sceneggiatore e voce dell\u2019orso di peluche protagonista della pellicola.<\/p>\n","protected":false},"excerpt":{"rendered":"<p>Il comico statunitense e creatore dell\u2019irriverente serie animata \u201cI Griffin\u201d, Seth MacFarlane (clicca qui per vedere la foto), sar\u00e0 il conduttore della prossima edizione dei prestigiosi Academy Awards (chiamati pi\u00f9 comunemente Oscar) che si terr\u00e0 a Los Angeles il 24 febbraio 2013. I produttori della cerimonia Craig Zadan e Neil Meron hanno spiegato perch\u00e9 la [&hellip;]<\/p>\n","protected":false},"author":1,"featured_media":91091,"comment_status":"closed","ping_status":"closed","sticky":false,"template":"","format":"standard","meta":{"footnotes":""},"categories":[54],"tags":[7537,9164,3629,2176,38955,7759,38954,38958,7325,38957,7496,9801,2577,2177,38953,38956],"vip":[],"class_list":["post-35045","post","type-post","status-publish","format-standard","has-post-thumbnail","hentry","category-news","tag-7537","tag-academy","tag-awards","tag-conduttore","tag-creatore","tag-febbraio","tag-griffin","tag-host","tag-los-angeles","tag-mark-walhberg","tag-mila-kunis","tag-nuovo","tag-oscar","tag-presentatore","tag-seth-macfarlane","tag-ted"],"yoast_head":"<title>Seth MacFarlane presenter\u00e0 gli Oscar 2013 - Gossip.it | News sul Gossip e VIP<\/title>\n<meta name=\"description\" content=\"Il comico statunitense e creatore dell\u2019irriverente serie animata \u201cI Griffin\u201d, Seth MacFarlane (clicca qui per vedere la foto), sar\u00e0 il conduttore della\" \/>\n<meta name=\"robots\" content=\"index, follow, max-snippet:-1, max-image-preview:large, max-video-preview:-1\" \/>\n<link rel=\"canonical\" href=\"https:\/\/www.gossip.it\/news\/seth-macfarlane-presentera-gli-oscar-2013\/\" \/>\n<meta property=\"og:locale\" content=\"it_IT\" \/>\n<meta property=\"og:type\" content=\"article\" \/>\n<meta property=\"og:title\" content=\"Seth MacFarlane presenter\u00e0 gli Oscar 2013 - Gossip.it | News sul Gossip e VIP\" \/>\n<meta property=\"og:description\" content=\"Il comico statunitense e creatore dell\u2019irriverente serie animata \u201cI Griffin\u201d, Seth MacFarlane (clicca qui per vedere la foto), sar\u00e0 il conduttore della\" \/>\n<meta property=\"og:url\" content=\"https:\/\/www.gossip.it\/news\/seth-macfarlane-presentera-gli-oscar-2013\/\" \/>\n<meta property=\"og:site_name\" content=\"Gossip.it | News sul Gossip e VIP\" \/>\n<meta property=\"article:publisher\" content=\"https:\/\/www.facebook.com\/GossipIT\" \/>\n<meta property=\"article:published_time\" content=\"2012-10-01T22:00:00+00:00\" \/>\n<meta property=\"og:image\" content=\"http:\/\/www.gossip.it\/images5\/1349183683_.jpg\" \/>\n<meta name=\"author\" content=\"La Redazione\" \/>\n<meta name=\"twitter:card\" content=\"summary_large_image\" \/>\n<meta name=\"twitter:image\" content=\"http:\/\/www.gossip.it\/images5\/1349183683_.jpg\" \/>\n<meta name=\"twitter:creator\" content=\"@gossinews_it\" \/>\n<meta name=\"twitter:site\" content=\"@gossinews_it\" \/>\n<meta name=\"twitter:label1\" content=\"Scritto da\" \/>\n\t<meta name=\"twitter:data1\" content=\"Graziana Mirabile\" \/>\n\t<meta name=\"twitter:label2\" content=\"Tempo di lettura stimato\" \/>\n\t<meta name=\"twitter:data2\" content=\"1 minuto\" \/>","yoast_head_json":{"title":"Seth MacFarlane presenter\u00e0 gli Oscar 2013 - Gossip.it | News sul Gossip e VIP","description":"Il comico statunitense e creatore dell\u2019irriverente serie animata \u201cI Griffin\u201d, Seth MacFarlane (clicca qui per vedere la foto), sar\u00e0 il conduttore della","robots":{"index":"index","follow":"follow","max-snippet":"max-snippet:-1","max-image-preview":"max-image-preview:large","max-video-preview":"max-video-preview:-1"},"canonical":"https:\/\/www.gossip.it\/news\/seth-macfarlane-presentera-gli-oscar-2013\/","og_locale":"it_IT","og_type":"article","og_title":"Seth MacFarlane presenter\u00e0 gli Oscar 2013 - Gossip.it | News sul Gossip e VIP","og_description":"Il comico statunitense e creatore dell\u2019irriverente serie animata \u201cI Griffin\u201d, Seth MacFarlane (clicca qui per vedere la foto), sar\u00e0 il conduttore della","og_url":"https:\/\/www.gossip.it\/news\/seth-macfarlane-presentera-gli-oscar-2013\/","og_site_name":"Gossip.it | News sul Gossip e VIP","article_publisher":"https:\/\/www.facebook.com\/GossipIT","article_published_time":"2012-10-01T22:00:00+00:00","og_image":[{"url":"http:\/\/www.gossip.it\/images5\/1349183683_.jpg"}],"author":"La Redazione","twitter_card":"summary_large_image","twitter_image":"http:\/\/www.gossip.it\/images5\/1349183683_.jpg","twitter_creator":"@gossinews_it","twitter_site":"@gossinews_it","twitter_misc":{"Scritto da":"Graziana Mirabile","Tempo di lettura stimato":"1 minuto"},"schema":{"@context":"https:\/\/schema.org","@graph":[{"@type":"Article","@id":"https:\/\/www.gossip.it\/news\/seth-macfarlane-presentera-gli-oscar-2013\/#article","isPartOf":{"@id":"https:\/\/www.gossip.it\/news\/seth-macfarlane-presentera-gli-oscar-2013\/"},"author":{"name":"La Redazione","@id":"https:\/\/www.gossip.it\/#\/schema\/person\/488896f75158bff1cc83c6c39d141110"},"headline":"Seth MacFarlane presenter\u00e0 gli Oscar 2013","datePublished":"2012-10-01T22:00:00+00:00","dateModified":"2012-10-01T22:00:00+00:00","mainEntityOfPage":{"@id":"https:\/\/www.gossip.it\/news\/seth-macfarlane-presentera-gli-oscar-2013\/"},"wordCount":195,"publisher":{"@id":"https:\/\/www.gossip.it\/#organization"},"image":{"@id":"https:\/\/www.gossip.it\/news\/seth-macfarlane-presentera-gli-oscar-2013\/#primaryimage"},"thumbnailUrl":"http:\/\/www.gossip.it\/images5\/1349183683_.jpg","keywords":["2013","academy","awards","conduttore","creatore","febbraio","griffin","host","los angeles","mark walhberg","Mila Kunis","nuovo","oscar","presentatore","seth macfarlane","ted"],"articleSection":["News"],"inLanguage":"it-IT"},{"@type":"WebPage","@id":"https:\/\/www.gossip.it\/news\/seth-macfarlane-presentera-gli-oscar-2013\/","url":"https:\/\/www.gossip.it\/news\/seth-macfarlane-presentera-gli-oscar-2013\/","name":"Seth MacFarlane presenter\u00e0 gli Oscar 2013 - Gossip.it | News sul Gossip e VIP","isPartOf":{"@id":"https:\/\/www.gossip.it\/#website"},"primaryImageOfPage":{"@id":"https:\/\/www.gossip.it\/news\/seth-macfarlane-presentera-gli-oscar-2013\/#primaryimage"},"image":{"@id":"https:\/\/www.gossip.it\/news\/seth-macfarlane-presentera-gli-oscar-2013\/#primaryimage"},"thumbnailUrl":"http:\/\/www.gossip.it\/images5\/1349183683_.jpg","datePublished":"2012-10-01T22:00:00+00:00","dateModified":"2012-10-01T22:00:00+00:00","description":"Il comico statunitense e creatore dell\u2019irriverente serie animata \u201cI Griffin\u201d, Seth MacFarlane (clicca qui per vedere la foto), sar\u00e0 il conduttore della","breadcrumb":{"@id":"https:\/\/www.gossip.it\/news\/seth-macfarlane-presentera-gli-oscar-2013\/#breadcrumb"},"inLanguage":"it-IT","potentialAction":[{"@type":"ReadAction","target":["https:\/\/www.gossip.it\/news\/seth-macfarlane-presentera-gli-oscar-2013\/"]}]},{"@type":"ImageObject","inLanguage":"it-IT","@id":"https:\/\/www.gossip.it\/news\/seth-macfarlane-presentera-gli-oscar-2013\/#primaryimage","url":"http:\/\/www.gossip.it\/images5\/1349183683_.jpg","contentUrl":"http:\/\/www.gossip.it\/images5\/1349183683_.jpg"},{"@type":"BreadcrumbList","@id":"https:\/\/www.gossip.it\/news\/seth-macfarlane-presentera-gli-oscar-2013\/#breadcrumb","itemListElement":[{"@type":"ListItem","position":1,"name":"Home","item":"https:\/\/www.gossip.it\/"},{"@type":"ListItem","position":2,"name":"Seth MacFarlane presenter\u00e0 gli Oscar 2013"}]},{"@type":"WebSite","@id":"https:\/\/www.gossip.it\/#website","url":"https:\/\/www.gossip.it\/","name":"Gossip and VIP News","description":"Quotidiano di cronaca rosa, costume e societ\u00e0","publisher":{"@id":"https:\/\/www.gossip.it\/#organization"},"alternateName":"Gossip and VIP News","potentialAction":[{"@type":"SearchAction","target":{"@type":"EntryPoint","urlTemplate":"https:\/\/www.gossip.it\/?s={search_term_string}"},"query-input":{"@type":"PropertyValueSpecification","valueRequired":true,"valueName":"search_term_string"}}],"inLanguage":"it-IT"},{"@type":"Organization","@id":"https:\/\/www.gossip.it\/#organization","name":"Gossip and VIP News","alternateName":"Gossip News","url":"https:\/\/www.gossip.it\/","logo":{"@type":"ImageObject","inLanguage":"it-IT","@id":"https:\/\/www.gossip.it\/#\/schema\/logo\/image\/","url":"https:\/\/www.gossip.it\/wp-content\/uploads\/2022\/04\/cropped-corna-alta-tiny.png","contentUrl":"https:\/\/www.gossip.it\/wp-content\/uploads\/2022\/04\/cropped-corna-alta-tiny.png","width":512,"height":512,"caption":"Gossip and VIP News"},"image":{"@id":"https:\/\/www.gossip.it\/#\/schema\/logo\/image\/"},"sameAs":["https:\/\/www.facebook.com\/GossipIT","https:\/\/x.com\/gossinews_it","https:\/\/instagram.com\/gossip_it"]},{"@type":"Person","@id":"https:\/\/www.gossip.it\/#\/schema\/person\/488896f75158bff1cc83c6c39d141110","name":"La Redazione","image":{"@type":"ImageObject","inLanguage":"it-IT","@id":"https:\/\/www.gossip.it\/#\/schema\/person\/image\/","url":"https:\/\/secure.gravatar.com\/avatar\/5a5f5c6fa3e6700e4249abdad0263a1e94e927d9e0499b1cb09c1cd29c044d80?s=96&d=mm&r=g","contentUrl":"https:\/\/secure.gravatar.com\/avatar\/5a5f5c6fa3e6700e4249abdad0263a1e94e927d9e0499b1cb09c1cd29c044d80?s=96&d=mm&r=g","caption":"La Redazione"},"sameAs":["https:\/\/www.gossip.it"]}]}},"amp_enabled":true,"_links":{"self":[{"href":"https:\/\/www.gossip.it\/api\/wp\/v2\/posts\/35045","targetHints":{"allow":["GET"]}}],"collection":[{"href":"https:\/\/www.gossip.it\/api\/wp\/v2\/posts"}],"about":[{"href":"https:\/\/www.gossip.it\/api\/wp\/v2\/types\/post"}],"author":[{"embeddable":true,"href":"https:\/\/www.gossip.it\/api\/wp\/v2\/users\/1"}],"replies":[{"embeddable":true,"href":"https:\/\/www.gossip.it\/api\/wp\/v2\/comments?post=35045"}],"version-history":[{"count":0,"href":"https:\/\/www.gossip.it\/api\/wp\/v2\/posts\/35045\/revisions"}],"wp:featuredmedia":[{"embeddable":true,"href":"https:\/\/www.gossip.it\/api\/wp\/v2\/media\/91091"}],"wp:attachment":[{"href":"https:\/\/www.gossip.it\/api\/wp\/v2\/media?parent=35045"}],"wp:term":[{"taxonomy":"category","embeddable":true,"href":"https:\/\/www.gossip.it\/api\/wp\/v2\/categories?post=35045"},{"taxonomy":"post_tag","embeddable":true,"href":"https:\/\/www.gossip.it\/api\/wp\/v2\/tags?post=35045"},{"taxonomy":"vip","embeddable":true,"href":"https:\/\/www.gossip.it\/api\/wp\/v2\/vip?post=35045"}],"curies":[{"name":"wp","href":"https:\/\/api.w.org\/{rel}","templated":true}]}}