{"id":35130,"date":"2012-10-08T00:00:00","date_gmt":"2012-10-07T22:00:00","guid":{"rendered":"https:\/\/www.gossip.it\/senza-categoria\/mario-balotelli-una-casa-da-250-mq-a-brescia-con-raffa\/"},"modified":"2012-10-08T00:00:00","modified_gmt":"2012-10-07T22:00:00","slug":"mario-balotelli-una-casa-da-250-mq-a-brescia-con-raffa","status":"publish","type":"post","link":"https:\/\/www.gossip.it\/news\/mario-balotelli-una-casa-da-250-mq-a-brescia-con-raffa\/","title":{"rendered":"Mario Balotelli, una casa da 250 mq a Brescia con Raffa"},"content":{"rendered":"<p>Per mettere su casa con <a href=\"http:\/\/www.gossip.it\/news\/monografia.php?keyword=Raffaella Fico\">Raffaella Fico<\/a>, con cui si \u00e8 finalmente riappacificato, pronto ad accogliere il loro bimbo nel 2013, <a href=\"http:\/\/www.gossip.it\/news\/monografia.php?keyword=Mario Balotelli\">Mario Balotelli<\/a> ha scelto Brescia, dove abitano i suoi genitori e fratelli adottivi. Il bomber del <b>Manchester City<\/b> ha acquistato un appartamento da 250 mq a palazzo Mortara (ex Enel) in via Arrivabene, estremamente lussuoso. E per arredarlo ha scelto la mantovana <b>Elisa Bianchi<\/b>,responsabile di <b>Lubiam Immobiliare<\/b>.<\/p>\n<p><em>\"Ci sono venuti in affitto calciatori e allenatori, come Costacurta o Stefano Fiore. Ma anche direttori di banca. Sono appartamenti pronti da abitare, mi piace far trovare al nuovo inquilino tutto, anche i fiori. In Germania si usa persino pensare al latte fresco nel frigorifero\"<\/em>, ha confessato alla <em>Gazzetta di Mantova<\/em> l'architetto. Il super attico ha una bella vista sulle montagne e la citt\u00e0 e un grande terrazzo dove prendere il sole e accogliere gli ospiti. Elisa ha incontrato Balotelli in un fast food: <em>\"Fermarsi con lui a ragionare \u00e8 stato arduo, pochi minuti in un McDonald\u2019s tra panino e birra, durante i trasferimenti\"<\/em>. Nella casa avr\u00e0 un letto rotondo, in bagno idromassaggio con abbinata la doccia emozionale e il bagno turco: <em>\"Una casa che richiama gli ambienti che lui frequenta, come le spa. Per rilassarsi nel privato e cominciare ad amare uno spazio tutto suo. Mario ama i giochi di luce, anche quella naturale che filtra dalle grandi vetrate. Nel grande bagno ci sono pozzi di luce arredati con le piante\"<\/em>. Il bomber avr\u00e0 pure un'enorme cabina armadio, divani con davanti una gigantesca tv al plasma: <em>\"Gli ho proposto una libreria. Mi ha risposto: a cosa serve? Ho capito che per ora, a 22 anni, \u00e8 su un altro mondo. Poi in futuro avr\u00e0 tempo di scoprire nuovi interessi. Cos\u00ec in alternativa ho pensato a una stanza dietro la parete tv con scaffali per esporre i suoi trofei\"<\/em>. La cucina avr\u00e0 la zona cottura protetta da una parete scorrevole, un tavolo lungo per molti invitati e, stavolta bene in vista, un grande frigo con il distributore di ghiaccio, la cantinetta per tenere i vini a temperatura e un bancone per bere con gli amici come se fosse al bar. Arriveranno anche <em>\"opere di arte contemporanea\"<\/em>. Ma della stanza per il beb\u00e8 non si \u00e8 ancora parlato, semmai se ne parler\u00e0...<\/p>\n<p>Foto: SSE\/ZDS\/WEKikapress.com \u00a9Gossip.it<\/p>\n","protected":false},"excerpt":{"rendered":"<p>Per mettere su casa con Raffaella Fico, con cui si \u00e8 finalmente riappacificato, pronto ad accogliere il loro bimbo nel 2013, Mario Balotelli ha scelto Brescia, dove abitano i suoi genitori e fratelli adottivi. Il bomber del Manchester City ha acquistato un appartamento da 250 mq a palazzo Mortara (ex Enel) in via Arrivabene, estremamente [&hellip;]<\/p>\n","protected":false},"author":1,"featured_media":91176,"comment_status":"closed","ping_status":"closed","sticky":false,"template":"","format":"standard","meta":{"footnotes":""},"categories":[54],"tags":[6288,24255,2218,2094,33326,1967,2682],"vip":[1260,1534],"class_list":["post-35130","post","type-post","status-publish","format-standard","has-post-thumbnail","hentry","category-news","tag-bebe-in-arrivo","tag-brescia","tag-calciatore","tag-incinta","tag-manchester-city","tag-showgirl","tag-sport","vip-mario_balotelli","vip-raffaella_fico"],"yoast_head":"<title>Mario Balotelli, una casa da 250 mq a Brescia con Raffa - Gossip.it | News sul Gossip e VIP<\/title>\n<meta name=\"description\" content=\"Per mettere su casa con Raffaella Fico, con cui si \u00e8 finalmente riappacificato, pronto ad accogliere il loro bimbo nel 2013, Mario Balotelli ha scelto\" \/>\n<meta name=\"robots\" content=\"index, follow, max-snippet:-1, max-image-preview:large, max-video-preview:-1\" \/>\n<link rel=\"canonical\" href=\"https:\/\/www.gossip.it\/news\/mario-balotelli-una-casa-da-250-mq-a-brescia-con-raffa\/\" \/>\n<meta property=\"og:locale\" content=\"it_IT\" \/>\n<meta property=\"og:type\" content=\"article\" \/>\n<meta property=\"og:title\" content=\"Mario Balotelli, una casa da 250 mq a Brescia con Raffa - Gossip.it | News sul Gossip e VIP\" \/>\n<meta property=\"og:description\" content=\"Per mettere su casa con Raffaella Fico, con cui si \u00e8 finalmente riappacificato, pronto ad accogliere il loro bimbo nel 2013, Mario Balotelli ha scelto\" \/>\n<meta property=\"og:url\" content=\"https:\/\/www.gossip.it\/news\/mario-balotelli-una-casa-da-250-mq-a-brescia-con-raffa\/\" \/>\n<meta property=\"og:site_name\" content=\"Gossip.it | News sul Gossip e VIP\" \/>\n<meta property=\"article:publisher\" content=\"https:\/\/www.facebook.com\/GossipIT\" \/>\n<meta property=\"article:published_time\" content=\"2012-10-07T22:00:00+00:00\" \/>\n<meta property=\"og:image\" content=\"http:\/\/www.gossip.it\/images5\/1349703493_.jpg\" \/>\n<meta name=\"author\" content=\"La Redazione\" \/>\n<meta name=\"twitter:card\" content=\"summary_large_image\" \/>\n<meta name=\"twitter:image\" content=\"http:\/\/www.gossip.it\/images5\/1349703493_.jpg\" \/>\n<meta name=\"twitter:creator\" content=\"@gossinews_it\" \/>\n<meta name=\"twitter:site\" content=\"@gossinews_it\" \/>\n<meta name=\"twitter:label1\" content=\"Scritto da\" \/>\n\t<meta name=\"twitter:data1\" content=\"Annamaria Capozzi\" \/>\n\t<meta name=\"twitter:label2\" content=\"Tempo di lettura stimato\" \/>\n\t<meta name=\"twitter:data2\" content=\"2 minuti\" \/>","yoast_head_json":{"title":"Mario Balotelli, una casa da 250 mq a Brescia con Raffa - Gossip.it | News sul Gossip e VIP","description":"Per mettere su casa con Raffaella Fico, con cui si \u00e8 finalmente riappacificato, pronto ad accogliere il loro bimbo nel 2013, Mario Balotelli ha scelto","robots":{"index":"index","follow":"follow","max-snippet":"max-snippet:-1","max-image-preview":"max-image-preview:large","max-video-preview":"max-video-preview:-1"},"canonical":"https:\/\/www.gossip.it\/news\/mario-balotelli-una-casa-da-250-mq-a-brescia-con-raffa\/","og_locale":"it_IT","og_type":"article","og_title":"Mario Balotelli, una casa da 250 mq a Brescia con Raffa - Gossip.it | News sul Gossip e VIP","og_description":"Per mettere su casa con Raffaella Fico, con cui si \u00e8 finalmente riappacificato, pronto ad accogliere il loro bimbo nel 2013, Mario Balotelli ha scelto","og_url":"https:\/\/www.gossip.it\/news\/mario-balotelli-una-casa-da-250-mq-a-brescia-con-raffa\/","og_site_name":"Gossip.it | News sul Gossip e VIP","article_publisher":"https:\/\/www.facebook.com\/GossipIT","article_published_time":"2012-10-07T22:00:00+00:00","og_image":[{"url":"http:\/\/www.gossip.it\/images5\/1349703493_.jpg"}],"author":"La Redazione","twitter_card":"summary_large_image","twitter_image":"http:\/\/www.gossip.it\/images5\/1349703493_.jpg","twitter_creator":"@gossinews_it","twitter_site":"@gossinews_it","twitter_misc":{"Scritto da":"Annamaria Capozzi","Tempo di lettura stimato":"2 minuti"},"schema":{"@context":"https:\/\/schema.org","@graph":[{"@type":"Article","@id":"https:\/\/www.gossip.it\/news\/mario-balotelli-una-casa-da-250-mq-a-brescia-con-raffa\/#article","isPartOf":{"@id":"https:\/\/www.gossip.it\/news\/mario-balotelli-una-casa-da-250-mq-a-brescia-con-raffa\/"},"author":{"name":"La Redazione","@id":"https:\/\/www.gossip.it\/#\/schema\/person\/488896f75158bff1cc83c6c39d141110"},"headline":"Mario Balotelli, una casa da 250 mq a Brescia con Raffa","datePublished":"2012-10-07T22:00:00+00:00","dateModified":"2012-10-07T22:00:00+00:00","mainEntityOfPage":{"@id":"https:\/\/www.gossip.it\/news\/mario-balotelli-una-casa-da-250-mq-a-brescia-con-raffa\/"},"wordCount":393,"publisher":{"@id":"https:\/\/www.gossip.it\/#organization"},"image":{"@id":"https:\/\/www.gossip.it\/news\/mario-balotelli-una-casa-da-250-mq-a-brescia-con-raffa\/#primaryimage"},"thumbnailUrl":"http:\/\/www.gossip.it\/images5\/1349703493_.jpg","keywords":["beb\u00e8 in arrivo","brescia","calciatore","incinta","manchester city","showgirl","sport"],"articleSection":["News"],"inLanguage":"it-IT"},{"@type":"WebPage","@id":"https:\/\/www.gossip.it\/news\/mario-balotelli-una-casa-da-250-mq-a-brescia-con-raffa\/","url":"https:\/\/www.gossip.it\/news\/mario-balotelli-una-casa-da-250-mq-a-brescia-con-raffa\/","name":"Mario Balotelli, una casa da 250 mq a Brescia con Raffa - Gossip.it | News sul Gossip e VIP","isPartOf":{"@id":"https:\/\/www.gossip.it\/#website"},"primaryImageOfPage":{"@id":"https:\/\/www.gossip.it\/news\/mario-balotelli-una-casa-da-250-mq-a-brescia-con-raffa\/#primaryimage"},"image":{"@id":"https:\/\/www.gossip.it\/news\/mario-balotelli-una-casa-da-250-mq-a-brescia-con-raffa\/#primaryimage"},"thumbnailUrl":"http:\/\/www.gossip.it\/images5\/1349703493_.jpg","datePublished":"2012-10-07T22:00:00+00:00","dateModified":"2012-10-07T22:00:00+00:00","description":"Per mettere su casa con Raffaella Fico, con cui si \u00e8 finalmente riappacificato, pronto ad accogliere il loro bimbo nel 2013, Mario Balotelli ha scelto","breadcrumb":{"@id":"https:\/\/www.gossip.it\/news\/mario-balotelli-una-casa-da-250-mq-a-brescia-con-raffa\/#breadcrumb"},"inLanguage":"it-IT","potentialAction":[{"@type":"ReadAction","target":["https:\/\/www.gossip.it\/news\/mario-balotelli-una-casa-da-250-mq-a-brescia-con-raffa\/"]}]},{"@type":"ImageObject","inLanguage":"it-IT","@id":"https:\/\/www.gossip.it\/news\/mario-balotelli-una-casa-da-250-mq-a-brescia-con-raffa\/#primaryimage","url":"http:\/\/www.gossip.it\/images5\/1349703493_.jpg","contentUrl":"http:\/\/www.gossip.it\/images5\/1349703493_.jpg"},{"@type":"BreadcrumbList","@id":"https:\/\/www.gossip.it\/news\/mario-balotelli-una-casa-da-250-mq-a-brescia-con-raffa\/#breadcrumb","itemListElement":[{"@type":"ListItem","position":1,"name":"Home","item":"https:\/\/www.gossip.it\/"},{"@type":"ListItem","position":2,"name":"Mario Balotelli, una casa da 250 mq a Brescia con Raffa"}]},{"@type":"WebSite","@id":"https:\/\/www.gossip.it\/#website","url":"https:\/\/www.gossip.it\/","name":"Gossip and VIP News","description":"Quotidiano di cronaca rosa, costume e societ\u00e0","publisher":{"@id":"https:\/\/www.gossip.it\/#organization"},"alternateName":"Gossip and VIP News","potentialAction":[{"@type":"SearchAction","target":{"@type":"EntryPoint","urlTemplate":"https:\/\/www.gossip.it\/?s={search_term_string}"},"query-input":{"@type":"PropertyValueSpecification","valueRequired":true,"valueName":"search_term_string"}}],"inLanguage":"it-IT"},{"@type":"Organization","@id":"https:\/\/www.gossip.it\/#organization","name":"Gossip and VIP News","alternateName":"Gossip News","url":"https:\/\/www.gossip.it\/","logo":{"@type":"ImageObject","inLanguage":"it-IT","@id":"https:\/\/www.gossip.it\/#\/schema\/logo\/image\/","url":"https:\/\/www.gossip.it\/wp-content\/uploads\/2022\/04\/cropped-corna-alta-tiny.png","contentUrl":"https:\/\/www.gossip.it\/wp-content\/uploads\/2022\/04\/cropped-corna-alta-tiny.png","width":512,"height":512,"caption":"Gossip and VIP News"},"image":{"@id":"https:\/\/www.gossip.it\/#\/schema\/logo\/image\/"},"sameAs":["https:\/\/www.facebook.com\/GossipIT","https:\/\/x.com\/gossinews_it","https:\/\/instagram.com\/gossip_it"]},{"@type":"Person","@id":"https:\/\/www.gossip.it\/#\/schema\/person\/488896f75158bff1cc83c6c39d141110","name":"La Redazione","image":{"@type":"ImageObject","inLanguage":"it-IT","@id":"https:\/\/www.gossip.it\/#\/schema\/person\/image\/","url":"https:\/\/secure.gravatar.com\/avatar\/5a5f5c6fa3e6700e4249abdad0263a1e94e927d9e0499b1cb09c1cd29c044d80?s=96&d=mm&r=g","contentUrl":"https:\/\/secure.gravatar.com\/avatar\/5a5f5c6fa3e6700e4249abdad0263a1e94e927d9e0499b1cb09c1cd29c044d80?s=96&d=mm&r=g","caption":"La Redazione"},"sameAs":["https:\/\/www.gossip.it"]}]}},"amp_enabled":true,"_links":{"self":[{"href":"https:\/\/www.gossip.it\/api\/wp\/v2\/posts\/35130","targetHints":{"allow":["GET"]}}],"collection":[{"href":"https:\/\/www.gossip.it\/api\/wp\/v2\/posts"}],"about":[{"href":"https:\/\/www.gossip.it\/api\/wp\/v2\/types\/post"}],"author":[{"embeddable":true,"href":"https:\/\/www.gossip.it\/api\/wp\/v2\/users\/1"}],"replies":[{"embeddable":true,"href":"https:\/\/www.gossip.it\/api\/wp\/v2\/comments?post=35130"}],"version-history":[{"count":0,"href":"https:\/\/www.gossip.it\/api\/wp\/v2\/posts\/35130\/revisions"}],"wp:featuredmedia":[{"embeddable":true,"href":"https:\/\/www.gossip.it\/api\/wp\/v2\/media\/91176"}],"wp:attachment":[{"href":"https:\/\/www.gossip.it\/api\/wp\/v2\/media?parent=35130"}],"wp:term":[{"taxonomy":"category","embeddable":true,"href":"https:\/\/www.gossip.it\/api\/wp\/v2\/categories?post=35130"},{"taxonomy":"post_tag","embeddable":true,"href":"https:\/\/www.gossip.it\/api\/wp\/v2\/tags?post=35130"},{"taxonomy":"vip","embeddable":true,"href":"https:\/\/www.gossip.it\/api\/wp\/v2\/vip?post=35130"}],"curies":[{"name":"wp","href":"https:\/\/api.w.org\/{rel}","templated":true}]}}