{"id":35195,"date":"2012-10-12T00:00:00","date_gmt":"2012-10-11T22:00:00","guid":{"rendered":"https:\/\/www.gossip.it\/senza-categoria\/belen-e-incinta-lo-dice-il-comico-andrea-pucci\/"},"modified":"2012-10-12T00:00:00","modified_gmt":"2012-10-11T22:00:00","slug":"belen-e-incinta-lo-dice-il-comico-andrea-pucci","status":"publish","type":"post","link":"https:\/\/www.gossip.it\/news\/belen-e-incinta-lo-dice-il-comico-andrea-pucci\/","title":{"rendered":"Belen \u00e8 incinta, lo dice il comico Andrea Pucci"},"content":{"rendered":"<p><a href=\"http:\/\/www.gossip.it\/news\/monografia.php?keyword=Fabrizio Corona\">Fabrizio Corona<\/a> ne \u00e8 certo. Tra lettere in cui l'accusa di appropriazione indebita dell'auto e minacce di un altro video hard in cui sarebbe nuovamente protagonista assoluta (insieme a lui), d\u00e0 per sicura la <a href=\"http:\/\/www.gossip.it\/news\/monografia.php?keyword=gravidanza\">gravidanza<\/a> di <a href=\"http:\/\/www.gossip.it\/news\/monografia.php?keyword=Belen Rodriguez\">Belen Rodriguez<\/a>, incinta di tre mesi e felicissima della <a href=\"http:\/\/www.gossip.it\/news\/monografia.php?keyword=cicogna\">cicogna<\/a> con <a href=\"http:\/\/www.gossip.it\/news\/monografia.php?keyword=Stefano De Martino\">Stefano De Martino<\/a>.<br \/>\nLa showgil argentina, interrogata da <a href=\"http:\/\/www.gossip.it\/news\/monografia.php?keyword=Silvia Toffanin\">Silvia Toffanin<\/a> a <b>Verissimo<\/b> sabato scorso, \u00e8 rimasta vaga sulla faccenda. Eppure ora un'ulteriore conferma arriva da <a href=\"http:\/\/www.gossip.it\/news\/monografia.php?keyword=Andrea Pucci\">Andrea Pucci<\/a>. Il comico che lavora con la bella a <b>Italia 1<\/b>, ospite a <b>Mattino 5<\/b>, ha detto: <em>\"<b>Aspetta un bambino, l'ha dichiarato a tutti noi dello staff di Colorado. Lei non ne fa mistero, \u00e8 serenissima e sta molto bene<\/b>\"<\/em>.<\/p>\n<p>Belen rimane muta, <a href=\"http:\/\/www.gossip.it\/spettacolo\/belen_rodriguez_in_minigonna_a_colorado_foto_sperw.html?id=585c3ecc9eee3bfc250048ac2d486d03\"><b><u>ma il suo seno, diventato super<\/u><\/b><\/a>, potrebbe essere un indizio pi\u00f9 che certo, come pure quella leggera pancetta che piano piano si potrebbe gonfiare. Anche se il tormentone sul beb\u00e8 in arrivo \u00e8 diventato quasi stucchevole e continuo. Perci\u00f2, fino all'ultimo istante, meglio sempre andarci con i piedi di piombo.<\/p>\n<p>Foto: C.Mangiarotti \u00a9 Gossip.it<\/p>\n","protected":false},"excerpt":{"rendered":"<p>Fabrizio Corona ne \u00e8 certo. Tra lettere in cui l'accusa di appropriazione indebita dell'auto e minacce di un altro video hard in cui sarebbe nuovamente protagonista assoluta (insieme a lui), d\u00e0 per sicura la gravidanza di Belen Rodriguez, incinta di tre mesi e felicissima della cicogna con Stefano De Martino. La showgil argentina, interrogata da [&hellip;]<\/p>\n","protected":false},"author":1,"featured_media":91241,"comment_status":"closed","ping_status":"closed","sticky":false,"template":"","format":"standard","meta":{"footnotes":""},"categories":[54],"tags":[30351,2504,6288,4548,7339,6872,2956,2181,2094,1967,2097],"vip":[719,1731],"class_list":["post-35195","post","type-post","status-publish","format-standard","has-post-thumbnail","hentry","category-news","tag-andrea-pucci","tag-ballerino","tag-bebe-in-arrivo","tag-cicogna","tag-colorado","tag-colorado-cafe","tag-comico","tag-gravidanza","tag-incinta","tag-showgirl","tag-tv","vip-fabrizio_corona","vip-stefano_de_martino"],"yoast_head":"<title>Belen \u00e8 incinta, lo dice il comico Andrea Pucci - Gossip.it | News sul Gossip e VIP<\/title>\n<meta name=\"description\" content=\"Fabrizio Corona ne \u00e8 certo. Tra lettere in cui l&#039;accusa di appropriazione indebita dell&#039;auto e minacce di un altro video hard in cui sarebbe nuovamente\" \/>\n<meta name=\"robots\" content=\"index, follow, max-snippet:-1, max-image-preview:large, max-video-preview:-1\" \/>\n<link rel=\"canonical\" href=\"https:\/\/www.gossip.it\/news\/belen-e-incinta-lo-dice-il-comico-andrea-pucci\/\" \/>\n<meta property=\"og:locale\" content=\"it_IT\" \/>\n<meta property=\"og:type\" content=\"article\" \/>\n<meta property=\"og:title\" content=\"Belen \u00e8 incinta, lo dice il comico Andrea Pucci - Gossip.it | News sul Gossip e VIP\" \/>\n<meta property=\"og:description\" content=\"Fabrizio Corona ne \u00e8 certo. Tra lettere in cui l&#039;accusa di appropriazione indebita dell&#039;auto e minacce di un altro video hard in cui sarebbe nuovamente\" \/>\n<meta property=\"og:url\" content=\"https:\/\/www.gossip.it\/news\/belen-e-incinta-lo-dice-il-comico-andrea-pucci\/\" \/>\n<meta property=\"og:site_name\" content=\"Gossip.it | News sul Gossip e VIP\" \/>\n<meta property=\"article:publisher\" content=\"https:\/\/www.facebook.com\/GossipIT\" \/>\n<meta property=\"article:published_time\" content=\"2012-10-11T22:00:00+00:00\" \/>\n<meta property=\"og:image\" content=\"http:\/\/www.gossip.it\/images5\/1350034469_.jpg\" \/>\n<meta name=\"author\" content=\"La Redazione\" \/>\n<meta name=\"twitter:card\" content=\"summary_large_image\" \/>\n<meta name=\"twitter:image\" content=\"http:\/\/www.gossip.it\/images5\/1350034469_.jpg\" \/>\n<meta name=\"twitter:creator\" content=\"@gossinews_it\" \/>\n<meta name=\"twitter:site\" content=\"@gossinews_it\" \/>\n<meta name=\"twitter:label1\" content=\"Scritto da\" \/>\n\t<meta name=\"twitter:data1\" content=\"Annamaria Capozzi\" \/>\n\t<meta name=\"twitter:label2\" content=\"Tempo di lettura stimato\" \/>\n\t<meta name=\"twitter:data2\" content=\"1 minuto\" \/>","yoast_head_json":{"title":"Belen \u00e8 incinta, lo dice il comico Andrea Pucci - Gossip.it | News sul Gossip e VIP","description":"Fabrizio Corona ne \u00e8 certo. Tra lettere in cui l'accusa di appropriazione indebita dell'auto e minacce di un altro video hard in cui sarebbe nuovamente","robots":{"index":"index","follow":"follow","max-snippet":"max-snippet:-1","max-image-preview":"max-image-preview:large","max-video-preview":"max-video-preview:-1"},"canonical":"https:\/\/www.gossip.it\/news\/belen-e-incinta-lo-dice-il-comico-andrea-pucci\/","og_locale":"it_IT","og_type":"article","og_title":"Belen \u00e8 incinta, lo dice il comico Andrea Pucci - Gossip.it | News sul Gossip e VIP","og_description":"Fabrizio Corona ne \u00e8 certo. Tra lettere in cui l'accusa di appropriazione indebita dell'auto e minacce di un altro video hard in cui sarebbe nuovamente","og_url":"https:\/\/www.gossip.it\/news\/belen-e-incinta-lo-dice-il-comico-andrea-pucci\/","og_site_name":"Gossip.it | News sul Gossip e VIP","article_publisher":"https:\/\/www.facebook.com\/GossipIT","article_published_time":"2012-10-11T22:00:00+00:00","og_image":[{"url":"http:\/\/www.gossip.it\/images5\/1350034469_.jpg"}],"author":"La Redazione","twitter_card":"summary_large_image","twitter_image":"http:\/\/www.gossip.it\/images5\/1350034469_.jpg","twitter_creator":"@gossinews_it","twitter_site":"@gossinews_it","twitter_misc":{"Scritto da":"Annamaria Capozzi","Tempo di lettura stimato":"1 minuto"},"schema":{"@context":"https:\/\/schema.org","@graph":[{"@type":"Article","@id":"https:\/\/www.gossip.it\/news\/belen-e-incinta-lo-dice-il-comico-andrea-pucci\/#article","isPartOf":{"@id":"https:\/\/www.gossip.it\/news\/belen-e-incinta-lo-dice-il-comico-andrea-pucci\/"},"author":{"name":"La Redazione","@id":"https:\/\/www.gossip.it\/#\/schema\/person\/488896f75158bff1cc83c6c39d141110"},"headline":"Belen \u00e8 incinta, lo dice il comico Andrea Pucci","datePublished":"2012-10-11T22:00:00+00:00","dateModified":"2012-10-11T22:00:00+00:00","mainEntityOfPage":{"@id":"https:\/\/www.gossip.it\/news\/belen-e-incinta-lo-dice-il-comico-andrea-pucci\/"},"wordCount":178,"publisher":{"@id":"https:\/\/www.gossip.it\/#organization"},"image":{"@id":"https:\/\/www.gossip.it\/news\/belen-e-incinta-lo-dice-il-comico-andrea-pucci\/#primaryimage"},"thumbnailUrl":"http:\/\/www.gossip.it\/images5\/1350034469_.jpg","keywords":["andrea pucci","ballerino","beb\u00e8 in arrivo","cicogna","colorado","colorado caf\u00e8","comico","gravidanza","incinta","showgirl","tv"],"articleSection":["News"],"inLanguage":"it-IT"},{"@type":"WebPage","@id":"https:\/\/www.gossip.it\/news\/belen-e-incinta-lo-dice-il-comico-andrea-pucci\/","url":"https:\/\/www.gossip.it\/news\/belen-e-incinta-lo-dice-il-comico-andrea-pucci\/","name":"Belen \u00e8 incinta, lo dice il comico Andrea Pucci - Gossip.it | News sul Gossip e VIP","isPartOf":{"@id":"https:\/\/www.gossip.it\/#website"},"primaryImageOfPage":{"@id":"https:\/\/www.gossip.it\/news\/belen-e-incinta-lo-dice-il-comico-andrea-pucci\/#primaryimage"},"image":{"@id":"https:\/\/www.gossip.it\/news\/belen-e-incinta-lo-dice-il-comico-andrea-pucci\/#primaryimage"},"thumbnailUrl":"http:\/\/www.gossip.it\/images5\/1350034469_.jpg","datePublished":"2012-10-11T22:00:00+00:00","dateModified":"2012-10-11T22:00:00+00:00","description":"Fabrizio Corona ne \u00e8 certo. Tra lettere in cui l'accusa di appropriazione indebita dell'auto e minacce di un altro video hard in cui sarebbe nuovamente","breadcrumb":{"@id":"https:\/\/www.gossip.it\/news\/belen-e-incinta-lo-dice-il-comico-andrea-pucci\/#breadcrumb"},"inLanguage":"it-IT","potentialAction":[{"@type":"ReadAction","target":["https:\/\/www.gossip.it\/news\/belen-e-incinta-lo-dice-il-comico-andrea-pucci\/"]}]},{"@type":"ImageObject","inLanguage":"it-IT","@id":"https:\/\/www.gossip.it\/news\/belen-e-incinta-lo-dice-il-comico-andrea-pucci\/#primaryimage","url":"http:\/\/www.gossip.it\/images5\/1350034469_.jpg","contentUrl":"http:\/\/www.gossip.it\/images5\/1350034469_.jpg"},{"@type":"BreadcrumbList","@id":"https:\/\/www.gossip.it\/news\/belen-e-incinta-lo-dice-il-comico-andrea-pucci\/#breadcrumb","itemListElement":[{"@type":"ListItem","position":1,"name":"Home","item":"https:\/\/www.gossip.it\/"},{"@type":"ListItem","position":2,"name":"Belen \u00e8 incinta, lo dice il comico Andrea Pucci"}]},{"@type":"WebSite","@id":"https:\/\/www.gossip.it\/#website","url":"https:\/\/www.gossip.it\/","name":"Gossip and VIP News","description":"Quotidiano di cronaca rosa, costume e societ\u00e0","publisher":{"@id":"https:\/\/www.gossip.it\/#organization"},"alternateName":"Gossip and VIP News","potentialAction":[{"@type":"SearchAction","target":{"@type":"EntryPoint","urlTemplate":"https:\/\/www.gossip.it\/?s={search_term_string}"},"query-input":{"@type":"PropertyValueSpecification","valueRequired":true,"valueName":"search_term_string"}}],"inLanguage":"it-IT"},{"@type":"Organization","@id":"https:\/\/www.gossip.it\/#organization","name":"Gossip and VIP News","alternateName":"Gossip News","url":"https:\/\/www.gossip.it\/","logo":{"@type":"ImageObject","inLanguage":"it-IT","@id":"https:\/\/www.gossip.it\/#\/schema\/logo\/image\/","url":"https:\/\/www.gossip.it\/wp-content\/uploads\/2022\/04\/cropped-corna-alta-tiny.png","contentUrl":"https:\/\/www.gossip.it\/wp-content\/uploads\/2022\/04\/cropped-corna-alta-tiny.png","width":512,"height":512,"caption":"Gossip and VIP News"},"image":{"@id":"https:\/\/www.gossip.it\/#\/schema\/logo\/image\/"},"sameAs":["https:\/\/www.facebook.com\/GossipIT","https:\/\/x.com\/gossinews_it","https:\/\/instagram.com\/gossip_it"]},{"@type":"Person","@id":"https:\/\/www.gossip.it\/#\/schema\/person\/488896f75158bff1cc83c6c39d141110","name":"La Redazione","image":{"@type":"ImageObject","inLanguage":"it-IT","@id":"https:\/\/www.gossip.it\/#\/schema\/person\/image\/","url":"https:\/\/secure.gravatar.com\/avatar\/5a5f5c6fa3e6700e4249abdad0263a1e94e927d9e0499b1cb09c1cd29c044d80?s=96&d=mm&r=g","contentUrl":"https:\/\/secure.gravatar.com\/avatar\/5a5f5c6fa3e6700e4249abdad0263a1e94e927d9e0499b1cb09c1cd29c044d80?s=96&d=mm&r=g","caption":"La Redazione"},"sameAs":["https:\/\/www.gossip.it"]}]}},"amp_enabled":true,"_links":{"self":[{"href":"https:\/\/www.gossip.it\/api\/wp\/v2\/posts\/35195","targetHints":{"allow":["GET"]}}],"collection":[{"href":"https:\/\/www.gossip.it\/api\/wp\/v2\/posts"}],"about":[{"href":"https:\/\/www.gossip.it\/api\/wp\/v2\/types\/post"}],"author":[{"embeddable":true,"href":"https:\/\/www.gossip.it\/api\/wp\/v2\/users\/1"}],"replies":[{"embeddable":true,"href":"https:\/\/www.gossip.it\/api\/wp\/v2\/comments?post=35195"}],"version-history":[{"count":0,"href":"https:\/\/www.gossip.it\/api\/wp\/v2\/posts\/35195\/revisions"}],"wp:featuredmedia":[{"embeddable":true,"href":"https:\/\/www.gossip.it\/api\/wp\/v2\/media\/91241"}],"wp:attachment":[{"href":"https:\/\/www.gossip.it\/api\/wp\/v2\/media?parent=35195"}],"wp:term":[{"taxonomy":"category","embeddable":true,"href":"https:\/\/www.gossip.it\/api\/wp\/v2\/categories?post=35195"},{"taxonomy":"post_tag","embeddable":true,"href":"https:\/\/www.gossip.it\/api\/wp\/v2\/tags?post=35195"},{"taxonomy":"vip","embeddable":true,"href":"https:\/\/www.gossip.it\/api\/wp\/v2\/vip?post=35195"}],"curies":[{"name":"wp","href":"https:\/\/api.w.org\/{rel}","templated":true}]}}