{"id":35333,"date":"2012-10-22T00:00:00","date_gmt":"2012-10-21T22:00:00","guid":{"rendered":"https:\/\/www.gossip.it\/senza-categoria\/compleanno-in-maschera-con-john-per-katy\/"},"modified":"2012-10-22T00:00:00","modified_gmt":"2012-10-21T22:00:00","slug":"compleanno-in-maschera-con-john-per-katy","status":"publish","type":"post","link":"https:\/\/www.gossip.it\/news\/compleanno-in-maschera-con-john-per-katy\/","title":{"rendered":"Compleanno in maschera con John per Katy"},"content":{"rendered":"<p><a href=\"http:\/\/www.gossip.it\/news\/katy_perry_nuovo_addio_a_john_mayer_news.html?ID=1349687196\"><b><u>Prima il secondo addio<\/u><\/b><\/a>. <a href=\"http:\/\/www.gossip.it\/paparazzate\/katy_perry_festeggia_il_compleanno_di_johan_mayer_i_due_di_nuovo_insieme_foto_sperw.html?id=0dfbac6ed6c901802a3bca9110788f5a\"><b><u>Poi festeggiano insieme il compleanno di lui e sembra tornare il sereno<\/u><\/b><\/a>. Tanto che <a href=\"http:\/\/www.gossip.it\/news\/monografia.php?keyword=Katy Perry\">Katy Perry<\/a> e <a href=\"http:\/\/www.gossip.it\/news\/monografia.php?keyword=John Mayer\">John Mayer<\/a> hanno deciso di unirsi per brindare ad altre candeline accese, quelle per i 28 anni della cantante.<\/p>\n<p>La pop star, durante il finesettimana, ha deciso di dare un party in costume al <b>Magic Castle<\/b> di <b>Los Angeles<\/b>. In realt\u00e0 ha deciso di festeggiare in anticipo, perch\u00e8 il suo BDay \u00e8 gioved\u00ec 25. Non sono voluti mancare alla festa l'amica <a href=\"http:\/\/www.gossip.it\/news\/monografia.php?keyword=Kristen Stewart\">Kristen Stewart<\/a>, <b>House DJ Skrillex<\/b>,<b> David Burtka<\/b>, <b>Neil Patrick Harris<\/b>, <b>Diane Warren<\/b> e <b>Johnny Wujek<\/b> di <b>America Next Top Model<\/b>, come riporta <em>Us Weekly<\/em>.<\/p>\n","protected":false},"excerpt":{"rendered":"<p>Prima il secondo addio. Poi festeggiano insieme il compleanno di lui e sembra tornare il sereno. Tanto che Katy Perry e John Mayer hanno deciso di unirsi per brindare ad altre candeline accese, quelle per i 28 anni della cantante. La pop star, durante il finesettimana, ha deciso di dare un party in costume al [&hellip;]<\/p>\n","protected":false},"author":1,"featured_media":91379,"comment_status":"closed","ping_status":"closed","sticky":false,"template":"","format":"standard","meta":{"footnotes":""},"categories":[54],"tags":[1904,14716,25763,10645,7325,2408],"vip":[1067],"class_list":["post-35333","post","type-post","status-publish","format-standard","has-post-thumbnail","hentry","category-news","tag-compleanno","tag-gossip-musica","tag-john-mayer","tag-katy-perry","tag-los-angeles","tag-musica","vip-kristen_stewart"],"yoast_head":"<title>Compleanno in maschera con John per Katy - Gossip.it | News sul Gossip e VIP<\/title>\n<meta name=\"description\" content=\"Prima il secondo addio. Poi festeggiano insieme il compleanno di lui e sembra tornare il sereno. Tanto che Katy Perry e John Mayer hanno deciso di unirsi\" \/>\n<meta name=\"robots\" content=\"index, follow, max-snippet:-1, max-image-preview:large, max-video-preview:-1\" \/>\n<link rel=\"canonical\" href=\"https:\/\/www.gossip.it\/news\/compleanno-in-maschera-con-john-per-katy\/\" \/>\n<meta property=\"og:locale\" content=\"it_IT\" \/>\n<meta property=\"og:type\" content=\"article\" \/>\n<meta property=\"og:title\" content=\"Compleanno in maschera con John per Katy - Gossip.it | News sul Gossip e VIP\" \/>\n<meta property=\"og:description\" content=\"Prima il secondo addio. Poi festeggiano insieme il compleanno di lui e sembra tornare il sereno. Tanto che Katy Perry e John Mayer hanno deciso di unirsi\" \/>\n<meta property=\"og:url\" content=\"https:\/\/www.gossip.it\/news\/compleanno-in-maschera-con-john-per-katy\/\" \/>\n<meta property=\"og:site_name\" content=\"Gossip.it | News sul Gossip e VIP\" \/>\n<meta property=\"article:publisher\" content=\"https:\/\/www.facebook.com\/GossipIT\" \/>\n<meta property=\"article:published_time\" content=\"2012-10-21T22:00:00+00:00\" \/>\n<meta property=\"og:image\" content=\"http:\/\/www.gossip.it\/images5\/1350895150_.jpg\" \/>\n<meta name=\"author\" content=\"La Redazione\" \/>\n<meta name=\"twitter:card\" content=\"summary_large_image\" \/>\n<meta name=\"twitter:image\" content=\"http:\/\/www.gossip.it\/images5\/1350895150_.jpg\" \/>\n<meta name=\"twitter:creator\" content=\"@gossinews_it\" \/>\n<meta name=\"twitter:site\" content=\"@gossinews_it\" \/>\n<meta name=\"twitter:label1\" content=\"Scritto da\" \/>\n\t<meta name=\"twitter:data1\" content=\"Francesca Romana Domenici\" \/>\n\t<meta name=\"twitter:label2\" content=\"Tempo di lettura stimato\" \/>\n\t<meta name=\"twitter:data2\" content=\"1 minuto\" \/>","yoast_head_json":{"title":"Compleanno in maschera con John per Katy - Gossip.it | News sul Gossip e VIP","description":"Prima il secondo addio. Poi festeggiano insieme il compleanno di lui e sembra tornare il sereno. Tanto che Katy Perry e John Mayer hanno deciso di unirsi","robots":{"index":"index","follow":"follow","max-snippet":"max-snippet:-1","max-image-preview":"max-image-preview:large","max-video-preview":"max-video-preview:-1"},"canonical":"https:\/\/www.gossip.it\/news\/compleanno-in-maschera-con-john-per-katy\/","og_locale":"it_IT","og_type":"article","og_title":"Compleanno in maschera con John per Katy - Gossip.it | News sul Gossip e VIP","og_description":"Prima il secondo addio. Poi festeggiano insieme il compleanno di lui e sembra tornare il sereno. Tanto che Katy Perry e John Mayer hanno deciso di unirsi","og_url":"https:\/\/www.gossip.it\/news\/compleanno-in-maschera-con-john-per-katy\/","og_site_name":"Gossip.it | News sul Gossip e VIP","article_publisher":"https:\/\/www.facebook.com\/GossipIT","article_published_time":"2012-10-21T22:00:00+00:00","og_image":[{"url":"http:\/\/www.gossip.it\/images5\/1350895150_.jpg"}],"author":"La Redazione","twitter_card":"summary_large_image","twitter_image":"http:\/\/www.gossip.it\/images5\/1350895150_.jpg","twitter_creator":"@gossinews_it","twitter_site":"@gossinews_it","twitter_misc":{"Scritto da":"Francesca Romana Domenici","Tempo di lettura stimato":"1 minuto"},"schema":{"@context":"https:\/\/schema.org","@graph":[{"@type":"Article","@id":"https:\/\/www.gossip.it\/news\/compleanno-in-maschera-con-john-per-katy\/#article","isPartOf":{"@id":"https:\/\/www.gossip.it\/news\/compleanno-in-maschera-con-john-per-katy\/"},"author":{"name":"La Redazione","@id":"https:\/\/www.gossip.it\/#\/schema\/person\/488896f75158bff1cc83c6c39d141110"},"headline":"Compleanno in maschera con John per Katy","datePublished":"2012-10-21T22:00:00+00:00","dateModified":"2012-10-21T22:00:00+00:00","mainEntityOfPage":{"@id":"https:\/\/www.gossip.it\/news\/compleanno-in-maschera-con-john-per-katy\/"},"wordCount":111,"publisher":{"@id":"https:\/\/www.gossip.it\/#organization"},"image":{"@id":"https:\/\/www.gossip.it\/news\/compleanno-in-maschera-con-john-per-katy\/#primaryimage"},"thumbnailUrl":"http:\/\/www.gossip.it\/images5\/1350895150_.jpg","keywords":["compleanno","gossip musica","john mayer","katy perry","los angeles","musica"],"articleSection":["News"],"inLanguage":"it-IT"},{"@type":"WebPage","@id":"https:\/\/www.gossip.it\/news\/compleanno-in-maschera-con-john-per-katy\/","url":"https:\/\/www.gossip.it\/news\/compleanno-in-maschera-con-john-per-katy\/","name":"Compleanno in maschera con John per Katy - Gossip.it | News sul Gossip e VIP","isPartOf":{"@id":"https:\/\/www.gossip.it\/#website"},"primaryImageOfPage":{"@id":"https:\/\/www.gossip.it\/news\/compleanno-in-maschera-con-john-per-katy\/#primaryimage"},"image":{"@id":"https:\/\/www.gossip.it\/news\/compleanno-in-maschera-con-john-per-katy\/#primaryimage"},"thumbnailUrl":"http:\/\/www.gossip.it\/images5\/1350895150_.jpg","datePublished":"2012-10-21T22:00:00+00:00","dateModified":"2012-10-21T22:00:00+00:00","description":"Prima il secondo addio. Poi festeggiano insieme il compleanno di lui e sembra tornare il sereno. Tanto che Katy Perry e John Mayer hanno deciso di unirsi","breadcrumb":{"@id":"https:\/\/www.gossip.it\/news\/compleanno-in-maschera-con-john-per-katy\/#breadcrumb"},"inLanguage":"it-IT","potentialAction":[{"@type":"ReadAction","target":["https:\/\/www.gossip.it\/news\/compleanno-in-maschera-con-john-per-katy\/"]}]},{"@type":"ImageObject","inLanguage":"it-IT","@id":"https:\/\/www.gossip.it\/news\/compleanno-in-maschera-con-john-per-katy\/#primaryimage","url":"http:\/\/www.gossip.it\/images5\/1350895150_.jpg","contentUrl":"http:\/\/www.gossip.it\/images5\/1350895150_.jpg"},{"@type":"BreadcrumbList","@id":"https:\/\/www.gossip.it\/news\/compleanno-in-maschera-con-john-per-katy\/#breadcrumb","itemListElement":[{"@type":"ListItem","position":1,"name":"Home","item":"https:\/\/www.gossip.it\/"},{"@type":"ListItem","position":2,"name":"Compleanno in maschera con John per Katy"}]},{"@type":"WebSite","@id":"https:\/\/www.gossip.it\/#website","url":"https:\/\/www.gossip.it\/","name":"Gossip and VIP News","description":"Quotidiano di cronaca rosa, costume e societ\u00e0","publisher":{"@id":"https:\/\/www.gossip.it\/#organization"},"alternateName":"Gossip and VIP News","potentialAction":[{"@type":"SearchAction","target":{"@type":"EntryPoint","urlTemplate":"https:\/\/www.gossip.it\/?s={search_term_string}"},"query-input":{"@type":"PropertyValueSpecification","valueRequired":true,"valueName":"search_term_string"}}],"inLanguage":"it-IT"},{"@type":"Organization","@id":"https:\/\/www.gossip.it\/#organization","name":"Gossip and VIP News","alternateName":"Gossip News","url":"https:\/\/www.gossip.it\/","logo":{"@type":"ImageObject","inLanguage":"it-IT","@id":"https:\/\/www.gossip.it\/#\/schema\/logo\/image\/","url":"https:\/\/www.gossip.it\/wp-content\/uploads\/2022\/04\/cropped-corna-alta-tiny.png","contentUrl":"https:\/\/www.gossip.it\/wp-content\/uploads\/2022\/04\/cropped-corna-alta-tiny.png","width":512,"height":512,"caption":"Gossip and VIP News"},"image":{"@id":"https:\/\/www.gossip.it\/#\/schema\/logo\/image\/"},"sameAs":["https:\/\/www.facebook.com\/GossipIT","https:\/\/x.com\/gossinews_it","https:\/\/instagram.com\/gossip_it"]},{"@type":"Person","@id":"https:\/\/www.gossip.it\/#\/schema\/person\/488896f75158bff1cc83c6c39d141110","name":"La Redazione","image":{"@type":"ImageObject","inLanguage":"it-IT","@id":"https:\/\/www.gossip.it\/#\/schema\/person\/image\/","url":"https:\/\/secure.gravatar.com\/avatar\/5a5f5c6fa3e6700e4249abdad0263a1e94e927d9e0499b1cb09c1cd29c044d80?s=96&d=mm&r=g","contentUrl":"https:\/\/secure.gravatar.com\/avatar\/5a5f5c6fa3e6700e4249abdad0263a1e94e927d9e0499b1cb09c1cd29c044d80?s=96&d=mm&r=g","caption":"La Redazione"},"sameAs":["https:\/\/www.gossip.it"]}]}},"amp_enabled":true,"_links":{"self":[{"href":"https:\/\/www.gossip.it\/api\/wp\/v2\/posts\/35333","targetHints":{"allow":["GET"]}}],"collection":[{"href":"https:\/\/www.gossip.it\/api\/wp\/v2\/posts"}],"about":[{"href":"https:\/\/www.gossip.it\/api\/wp\/v2\/types\/post"}],"author":[{"embeddable":true,"href":"https:\/\/www.gossip.it\/api\/wp\/v2\/users\/1"}],"replies":[{"embeddable":true,"href":"https:\/\/www.gossip.it\/api\/wp\/v2\/comments?post=35333"}],"version-history":[{"count":0,"href":"https:\/\/www.gossip.it\/api\/wp\/v2\/posts\/35333\/revisions"}],"wp:featuredmedia":[{"embeddable":true,"href":"https:\/\/www.gossip.it\/api\/wp\/v2\/media\/91379"}],"wp:attachment":[{"href":"https:\/\/www.gossip.it\/api\/wp\/v2\/media?parent=35333"}],"wp:term":[{"taxonomy":"category","embeddable":true,"href":"https:\/\/www.gossip.it\/api\/wp\/v2\/categories?post=35333"},{"taxonomy":"post_tag","embeddable":true,"href":"https:\/\/www.gossip.it\/api\/wp\/v2\/tags?post=35333"},{"taxonomy":"vip","embeddable":true,"href":"https:\/\/www.gossip.it\/api\/wp\/v2\/vip?post=35333"}],"curies":[{"name":"wp","href":"https:\/\/api.w.org\/{rel}","templated":true}]}}