{"id":35652,"date":"2012-11-08T00:00:00","date_gmt":"2012-11-07T23:00:00","guid":{"rendered":"https:\/\/www.gossip.it\/senza-categoria\/belen-pancino-in-mostra-a-colorado\/"},"modified":"2012-11-08T00:00:00","modified_gmt":"2012-11-07T23:00:00","slug":"belen-pancino-in-mostra-a-colorado","status":"publish","type":"post","link":"https:\/\/www.gossip.it\/news\/belen-pancino-in-mostra-a-colorado\/","title":{"rendered":"Belen, pancino in mostra a Colorado"},"content":{"rendered":"<p>E' felice per il <a href=\"http:\/\/www.gossip.it\/news\/monografia.php?keyword=beb\u00e8 in arrivo\">beb\u00e8 in arrivo<\/a> e non ha paura di mostrare il pancino che cresce a vista d'occhio. <a href=\"http:\/\/www.gossip.it\/news\/monografia.php?keyword=Belen Rodriguez\">Belen Rodriguez<\/a> sul palco di <a href=\"http:\/\/www.gossip.it\/news\/monografia.php?keyword=Colorado\">Colorado<\/a>, mentre registra la puntata dello show che andr\u00e0 in onda luned\u00ec prossimo, \u00e8 raggiante e con le curve e il ventre bene in vista.<br \/>\nLa <a href=\"http:\/\/www.gossip.it\/news\/monografia.php?keyword=showgirl\">showgirl<\/a> argentina indossa un tubino glicine in tessuto lucido mozzafiato. Aderentissimo, le fascia il corpo, cos\u00ec il ventre arrotondato \u00e8 in primo piano. Non solo, anche il seno, ormai quasi incontenibile, fa sognare. Ai piedi scarpe in camoscio blu elettrico con plateau e tacco vertiginoso.<\/p>\n<p>Belen scherza con il collega <a href=\"http:\/\/www.gossip.it\/news\/monografia.php?keyword=Paolo Ruffini\">Paolo Ruffini<\/a>, si scatena, balla dimenandosi parecchio. Il malore dovuto alla <a href=\"http:\/\/www.gossip.it\/news\/monografia.php?keyword=gravidanza\">gravidanza<\/a> che qualche settimana fa l'aveva tenuta lontana dallo show \u00e8 alle spalle. Lei, sexy girl, gigioneggia nel suo personaggio, quello che le ha regalato la fama. I riflettori rimangono fissi, almeno fino a quando ce la far\u00e0. <a href=\"http:\/\/www.gossip.it\/news\/monografia.php?keyword=Colorado Caf\u00e8\">Colorado Caf\u00e8<\/a> sar\u00e0 in <a href=\"http:\/\/www.gossip.it\/news\/monografia.php?keyword=tv\">tv<\/a> pure la prossima primavera, quando la Rodriguez sar\u00e0 vicina al parto. Lavorer\u00e0 fino alla fine o si fermer\u00e0?<\/p>\n","protected":false},"excerpt":{"rendered":"<p>E' felice per il beb\u00e8 in arrivo e non ha paura di mostrare il pancino che cresce a vista d'occhio. Belen Rodriguez sul palco di Colorado, mentre registra la puntata dello show che andr\u00e0 in onda luned\u00ec prossimo, \u00e8 raggiante e con le curve e il ventre bene in vista. La showgirl argentina indossa un [&hellip;]<\/p>\n","protected":false},"author":1,"featured_media":91698,"comment_status":"closed","ping_status":"closed","sticky":false,"template":"","format":"standard","meta":{"footnotes":""},"categories":[54],"tags":[6288,4548,6872,2181,2094,2131,1967,2097],"vip":[396,1474],"class_list":["post-35652","post","type-post","status-publish","format-standard","has-post-thumbnail","hentry","category-news","tag-bebe-in-arrivo","tag-cicogna","tag-colorado-cafe","tag-gravidanza","tag-incinta","tag-italia-1","tag-showgirl","tag-tv","vip-belen_rodriguez","vip-paolo_ruffini"],"yoast_head":"<title>Belen, pancino in mostra a Colorado - Gossip.it | News sul Gossip e VIP<\/title>\n<meta name=\"description\" content=\"E&#039; felice per il beb\u00e8 in arrivo e non ha paura di mostrare il pancino che cresce a vista d&#039;occhio. Belen Rodriguez sul palco di Colorado, mentre registra\" \/>\n<meta name=\"robots\" content=\"index, follow, max-snippet:-1, max-image-preview:large, max-video-preview:-1\" \/>\n<link rel=\"canonical\" href=\"https:\/\/www.gossip.it\/news\/belen-pancino-in-mostra-a-colorado\/\" \/>\n<meta property=\"og:locale\" content=\"it_IT\" \/>\n<meta property=\"og:type\" content=\"article\" \/>\n<meta property=\"og:title\" content=\"Belen, pancino in mostra a Colorado - Gossip.it | News sul Gossip e VIP\" \/>\n<meta property=\"og:description\" content=\"E&#039; felice per il beb\u00e8 in arrivo e non ha paura di mostrare il pancino che cresce a vista d&#039;occhio. Belen Rodriguez sul palco di Colorado, mentre registra\" \/>\n<meta property=\"og:url\" content=\"https:\/\/www.gossip.it\/news\/belen-pancino-in-mostra-a-colorado\/\" \/>\n<meta property=\"og:site_name\" content=\"Gossip.it | News sul Gossip e VIP\" \/>\n<meta property=\"article:publisher\" content=\"https:\/\/www.facebook.com\/GossipIT\" \/>\n<meta property=\"article:published_time\" content=\"2012-11-07T23:00:00+00:00\" \/>\n<meta property=\"og:image\" content=\"http:\/\/www.gossip.it\/images5\/1352371282_.jpg\" \/>\n<meta name=\"author\" content=\"La Redazione\" \/>\n<meta name=\"twitter:card\" content=\"summary_large_image\" \/>\n<meta name=\"twitter:image\" content=\"http:\/\/www.gossip.it\/images5\/1352371282_.jpg\" \/>\n<meta name=\"twitter:creator\" content=\"@gossinews_it\" \/>\n<meta name=\"twitter:site\" content=\"@gossinews_it\" \/>\n<meta name=\"twitter:label1\" content=\"Scritto da\" \/>\n\t<meta name=\"twitter:data1\" content=\"Annamaria Capozzi\" \/>\n\t<meta name=\"twitter:label2\" content=\"Tempo di lettura stimato\" \/>\n\t<meta name=\"twitter:data2\" content=\"1 minuto\" \/>","yoast_head_json":{"title":"Belen, pancino in mostra a Colorado - Gossip.it | News sul Gossip e VIP","description":"E' felice per il beb\u00e8 in arrivo e non ha paura di mostrare il pancino che cresce a vista d'occhio. Belen Rodriguez sul palco di Colorado, mentre registra","robots":{"index":"index","follow":"follow","max-snippet":"max-snippet:-1","max-image-preview":"max-image-preview:large","max-video-preview":"max-video-preview:-1"},"canonical":"https:\/\/www.gossip.it\/news\/belen-pancino-in-mostra-a-colorado\/","og_locale":"it_IT","og_type":"article","og_title":"Belen, pancino in mostra a Colorado - Gossip.it | News sul Gossip e VIP","og_description":"E' felice per il beb\u00e8 in arrivo e non ha paura di mostrare il pancino che cresce a vista d'occhio. Belen Rodriguez sul palco di Colorado, mentre registra","og_url":"https:\/\/www.gossip.it\/news\/belen-pancino-in-mostra-a-colorado\/","og_site_name":"Gossip.it | News sul Gossip e VIP","article_publisher":"https:\/\/www.facebook.com\/GossipIT","article_published_time":"2012-11-07T23:00:00+00:00","og_image":[{"url":"http:\/\/www.gossip.it\/images5\/1352371282_.jpg"}],"author":"La Redazione","twitter_card":"summary_large_image","twitter_image":"http:\/\/www.gossip.it\/images5\/1352371282_.jpg","twitter_creator":"@gossinews_it","twitter_site":"@gossinews_it","twitter_misc":{"Scritto da":"Annamaria Capozzi","Tempo di lettura stimato":"1 minuto"},"schema":{"@context":"https:\/\/schema.org","@graph":[{"@type":"Article","@id":"https:\/\/www.gossip.it\/news\/belen-pancino-in-mostra-a-colorado\/#article","isPartOf":{"@id":"https:\/\/www.gossip.it\/news\/belen-pancino-in-mostra-a-colorado\/"},"author":{"name":"La Redazione","@id":"https:\/\/www.gossip.it\/#\/schema\/person\/488896f75158bff1cc83c6c39d141110"},"headline":"Belen, pancino in mostra a Colorado","datePublished":"2012-11-07T23:00:00+00:00","dateModified":"2012-11-07T23:00:00+00:00","mainEntityOfPage":{"@id":"https:\/\/www.gossip.it\/news\/belen-pancino-in-mostra-a-colorado\/"},"wordCount":178,"publisher":{"@id":"https:\/\/www.gossip.it\/#organization"},"image":{"@id":"https:\/\/www.gossip.it\/news\/belen-pancino-in-mostra-a-colorado\/#primaryimage"},"thumbnailUrl":"http:\/\/www.gossip.it\/images5\/1352371282_.jpg","keywords":["beb\u00e8 in arrivo","cicogna","colorado caf\u00e8","gravidanza","incinta","italia 1","showgirl","tv"],"articleSection":["News"],"inLanguage":"it-IT"},{"@type":"WebPage","@id":"https:\/\/www.gossip.it\/news\/belen-pancino-in-mostra-a-colorado\/","url":"https:\/\/www.gossip.it\/news\/belen-pancino-in-mostra-a-colorado\/","name":"Belen, pancino in mostra a Colorado - Gossip.it | News sul Gossip e VIP","isPartOf":{"@id":"https:\/\/www.gossip.it\/#website"},"primaryImageOfPage":{"@id":"https:\/\/www.gossip.it\/news\/belen-pancino-in-mostra-a-colorado\/#primaryimage"},"image":{"@id":"https:\/\/www.gossip.it\/news\/belen-pancino-in-mostra-a-colorado\/#primaryimage"},"thumbnailUrl":"http:\/\/www.gossip.it\/images5\/1352371282_.jpg","datePublished":"2012-11-07T23:00:00+00:00","dateModified":"2012-11-07T23:00:00+00:00","description":"E' felice per il beb\u00e8 in arrivo e non ha paura di mostrare il pancino che cresce a vista d'occhio. Belen Rodriguez sul palco di Colorado, mentre registra","breadcrumb":{"@id":"https:\/\/www.gossip.it\/news\/belen-pancino-in-mostra-a-colorado\/#breadcrumb"},"inLanguage":"it-IT","potentialAction":[{"@type":"ReadAction","target":["https:\/\/www.gossip.it\/news\/belen-pancino-in-mostra-a-colorado\/"]}]},{"@type":"ImageObject","inLanguage":"it-IT","@id":"https:\/\/www.gossip.it\/news\/belen-pancino-in-mostra-a-colorado\/#primaryimage","url":"http:\/\/www.gossip.it\/images5\/1352371282_.jpg","contentUrl":"http:\/\/www.gossip.it\/images5\/1352371282_.jpg"},{"@type":"BreadcrumbList","@id":"https:\/\/www.gossip.it\/news\/belen-pancino-in-mostra-a-colorado\/#breadcrumb","itemListElement":[{"@type":"ListItem","position":1,"name":"Home","item":"https:\/\/www.gossip.it\/"},{"@type":"ListItem","position":2,"name":"Belen, pancino in mostra a Colorado"}]},{"@type":"WebSite","@id":"https:\/\/www.gossip.it\/#website","url":"https:\/\/www.gossip.it\/","name":"Gossip and VIP News","description":"Quotidiano di cronaca rosa, costume e societ\u00e0","publisher":{"@id":"https:\/\/www.gossip.it\/#organization"},"alternateName":"Gossip and VIP News","potentialAction":[{"@type":"SearchAction","target":{"@type":"EntryPoint","urlTemplate":"https:\/\/www.gossip.it\/?s={search_term_string}"},"query-input":{"@type":"PropertyValueSpecification","valueRequired":true,"valueName":"search_term_string"}}],"inLanguage":"it-IT"},{"@type":"Organization","@id":"https:\/\/www.gossip.it\/#organization","name":"Gossip and VIP News","alternateName":"Gossip News","url":"https:\/\/www.gossip.it\/","logo":{"@type":"ImageObject","inLanguage":"it-IT","@id":"https:\/\/www.gossip.it\/#\/schema\/logo\/image\/","url":"https:\/\/www.gossip.it\/wp-content\/uploads\/2022\/04\/cropped-corna-alta-tiny.png","contentUrl":"https:\/\/www.gossip.it\/wp-content\/uploads\/2022\/04\/cropped-corna-alta-tiny.png","width":512,"height":512,"caption":"Gossip and VIP News"},"image":{"@id":"https:\/\/www.gossip.it\/#\/schema\/logo\/image\/"},"sameAs":["https:\/\/www.facebook.com\/GossipIT","https:\/\/x.com\/gossinews_it","https:\/\/instagram.com\/gossip_it"]},{"@type":"Person","@id":"https:\/\/www.gossip.it\/#\/schema\/person\/488896f75158bff1cc83c6c39d141110","name":"La Redazione","image":{"@type":"ImageObject","inLanguage":"it-IT","@id":"https:\/\/www.gossip.it\/#\/schema\/person\/image\/","url":"https:\/\/secure.gravatar.com\/avatar\/5a5f5c6fa3e6700e4249abdad0263a1e94e927d9e0499b1cb09c1cd29c044d80?s=96&d=mm&r=g","contentUrl":"https:\/\/secure.gravatar.com\/avatar\/5a5f5c6fa3e6700e4249abdad0263a1e94e927d9e0499b1cb09c1cd29c044d80?s=96&d=mm&r=g","caption":"La Redazione"},"sameAs":["https:\/\/www.gossip.it"]}]}},"amp_enabled":true,"_links":{"self":[{"href":"https:\/\/www.gossip.it\/api\/wp\/v2\/posts\/35652","targetHints":{"allow":["GET"]}}],"collection":[{"href":"https:\/\/www.gossip.it\/api\/wp\/v2\/posts"}],"about":[{"href":"https:\/\/www.gossip.it\/api\/wp\/v2\/types\/post"}],"author":[{"embeddable":true,"href":"https:\/\/www.gossip.it\/api\/wp\/v2\/users\/1"}],"replies":[{"embeddable":true,"href":"https:\/\/www.gossip.it\/api\/wp\/v2\/comments?post=35652"}],"version-history":[{"count":0,"href":"https:\/\/www.gossip.it\/api\/wp\/v2\/posts\/35652\/revisions"}],"wp:featuredmedia":[{"embeddable":true,"href":"https:\/\/www.gossip.it\/api\/wp\/v2\/media\/91698"}],"wp:attachment":[{"href":"https:\/\/www.gossip.it\/api\/wp\/v2\/media?parent=35652"}],"wp:term":[{"taxonomy":"category","embeddable":true,"href":"https:\/\/www.gossip.it\/api\/wp\/v2\/categories?post=35652"},{"taxonomy":"post_tag","embeddable":true,"href":"https:\/\/www.gossip.it\/api\/wp\/v2\/tags?post=35652"},{"taxonomy":"vip","embeddable":true,"href":"https:\/\/www.gossip.it\/api\/wp\/v2\/vip?post=35652"}],"curies":[{"name":"wp","href":"https:\/\/api.w.org\/{rel}","templated":true}]}}