{"id":35776,"date":"2012-11-14T00:00:00","date_gmt":"2012-11-13T23:00:00","guid":{"rendered":"https:\/\/www.gossip.it\/senza-categoria\/belen-pace-con-tutti\/"},"modified":"2012-11-14T00:00:00","modified_gmt":"2012-11-13T23:00:00","slug":"belen-pace-con-tutti","status":"publish","type":"post","link":"https:\/\/www.gossip.it\/news\/belen-pace-con-tutti\/","title":{"rendered":"Belen, pace con tutti"},"content":{"rendered":"<p>Non vuole nemici. Ha fatto pace con <a href=\"http:\/\/www.gossip.it\/news\/monografia.php?keyword=Fabrizio Corona\">Fabrizio Corona<\/a> e con <a href=\"http:\/\/www.gossip.it\/news\/monografia.php?keyword=Simona Ventura\">Simona Ventura<\/a>. <a href=\"http:\/\/www.gossip.it\/news\/monografia.php?keyword=Belen Rodriguez\">Belen Rodriguez<\/a> desidera serenit\u00e0.<br \/>\nNella sua pagina <em>Facebook<\/em> si diverte a pubblicare le foto mentre fa gli shatush e regala consigli sul look: <em>\"Ci sono un sacco di ragazze che chiedono che colore di capelli ho... Allora i miei capelli sono fatti con una tecnica che schiarisce le punte dei capelli con il decolorante... Un po' di volte l'ho fatto a casa da sola, pero \u00e8 un bel lavoretto, dovreste cotonarvi tutta la testa e fare un po di strisce di decolorante in polvere piu ossigeno 30 volumi sulle punte, pero meglio se andate da Coppola che non lo sbaglia mai, oppure da qualche altro parrucchiere bravo a fare il colore!!! Buenas noches!\"<\/em>. Poi anticipa il suo imminente traferimento a Roma.<\/p>\n<p>La <a href=\"http:\/\/www.gossip.it\/news\/monografia.php?keyword=showgirl\">showgirl<\/a> in dolce attesa, sulle pagine di <em>Chi<\/em> ringrazia <a href=\"http:\/\/www.gossip.it\/news\/monografia.php?keyword=Emma Marrone\">Emma Marrone<\/a>, a cui ha scippato <a href=\"http:\/\/www.gossip.it\/news\/monografia.php?keyword=Stefano De Martino\">Stefano De Martino<\/a>, per le felicitazioni e replica: <em>\"<b>Auguro anche a lei il meglio<\/b>\"<\/em>.<br \/>\nIl bimbo cresce. Belen, in una lettera ideale, sul mondo che l'aspetta alla nascita, scriverebbe: <em>\"E' complicato stare bene in un mondo che, a volte, \u00e8 difficile, falso, superficiale. Devi metterti un sacco di protezioni per non essere calpestato e diventare pi\u00f9 forte: se sei troppo sensibile e non metti una maschera, alla fine ti rovinano. Vince la partita che rimane in piedi dopo tutti gli schiaffi che ti arrivano dalla mattina alla sera\"<\/em>. Lo attende con il pap\u00e0: <em>\"Ho l'istinto materno fin da quando ero bambina\"<\/em>. Le nozze le vuole romantiche: <em>\"<b>Sogno una festa con la mia famiglia e mio padre che mi accompagna dal mio sposo<\/b>\"<\/em>. In Italia: <em>\"<b>Sarebbe difficile portare tutti gli amici in Argentina. L'Italia \u00e8 la mia casa, ormai mi sono 'compromessa' a vita con un italiano: fare un figlio \u00e8 pi\u00f9 che sposarsi, sar\u00f2 legata a vita a Stefano<\/b>\"<\/em>. Vuole una cerimonia intima e raccolta, probabilmente per questo non sceglier\u00e0 Napoli.<\/p>\n<p>Oggi, con la gravidanza, Belen riesce a essere dolce, con gli amici \u00e8 un'altra persona. Al gossip \u00e8 abituata, i commenti cattivi in Rete non le fanno piacere, sul web ci vorrebbero pi\u00f9 regole, ma la popolarit\u00e0 \u00e8 anche questo. <b>Santiago<\/b> \u00e8 in cima a tutto e niente potrebbe toglierle il sorriso per un momento che sognava da tempo.<\/p>\n<p>Foto: Facebook<\/p>\n","protected":false},"excerpt":{"rendered":"<p>Non vuole nemici. Ha fatto pace con Fabrizio Corona e con Simona Ventura. Belen Rodriguez desidera serenit\u00e0. Nella sua pagina Facebook si diverte a pubblicare le foto mentre fa gli shatush e regala consigli sul look: \"Ci sono un sacco di ragazze che chiedono che colore di capelli ho... Allora i miei capelli sono fatti [&hellip;]<\/p>\n","protected":false},"author":1,"featured_media":91822,"comment_status":"closed","ping_status":"closed","sticky":false,"template":"","format":"standard","meta":{"footnotes":""},"categories":[54],"tags":[2299,7339,6845,7030,2097],"vip":[396,719,1698],"class_list":["post-35776","post","type-post","status-publish","format-standard","has-post-thumbnail","hentry","category-news","tag-belen","tag-colorado","tag-emma","tag-stefano-di-martino","tag-tv","vip-belen_rodriguez","vip-fabrizio_corona","vip-simona_ventura"],"yoast_head":"<title>Belen, pace con tutti - Gossip.it | News sul Gossip e VIP<\/title>\n<meta name=\"description\" content=\"Non vuole nemici. Ha fatto pace con Fabrizio Corona e con Simona Ventura. Belen Rodriguez desidera serenit\u00e0. Nella sua pagina Facebook si diverte a\" \/>\n<meta name=\"robots\" content=\"index, follow, max-snippet:-1, max-image-preview:large, max-video-preview:-1\" \/>\n<link rel=\"canonical\" href=\"https:\/\/www.gossip.it\/news\/belen-pace-con-tutti\/\" \/>\n<meta property=\"og:locale\" content=\"it_IT\" \/>\n<meta property=\"og:type\" content=\"article\" \/>\n<meta property=\"og:title\" content=\"Belen, pace con tutti - Gossip.it | News sul Gossip e VIP\" \/>\n<meta property=\"og:description\" content=\"Non vuole nemici. Ha fatto pace con Fabrizio Corona e con Simona Ventura. Belen Rodriguez desidera serenit\u00e0. Nella sua pagina Facebook si diverte a\" \/>\n<meta property=\"og:url\" content=\"https:\/\/www.gossip.it\/news\/belen-pace-con-tutti\/\" \/>\n<meta property=\"og:site_name\" content=\"Gossip.it | News sul Gossip e VIP\" \/>\n<meta property=\"article:publisher\" content=\"https:\/\/www.facebook.com\/GossipIT\" \/>\n<meta property=\"article:published_time\" content=\"2012-11-13T23:00:00+00:00\" \/>\n<meta property=\"og:image\" content=\"http:\/\/www.gossip.it\/images5\/1352898053_.jpg\" \/>\n<meta name=\"author\" content=\"La Redazione\" \/>\n<meta name=\"twitter:card\" content=\"summary_large_image\" \/>\n<meta name=\"twitter:image\" content=\"http:\/\/www.gossip.it\/images5\/1352898053_.jpg\" \/>\n<meta name=\"twitter:creator\" content=\"@gossinews_it\" \/>\n<meta name=\"twitter:site\" content=\"@gossinews_it\" \/>\n<meta name=\"twitter:label1\" content=\"Scritto da\" \/>\n\t<meta name=\"twitter:data1\" content=\"Annamaria Capozzi\" \/>\n\t<meta name=\"twitter:label2\" content=\"Tempo di lettura stimato\" \/>\n\t<meta name=\"twitter:data2\" content=\"2 minuti\" \/>","yoast_head_json":{"title":"Belen, pace con tutti - Gossip.it | News sul Gossip e VIP","description":"Non vuole nemici. Ha fatto pace con Fabrizio Corona e con Simona Ventura. Belen Rodriguez desidera serenit\u00e0. Nella sua pagina Facebook si diverte a","robots":{"index":"index","follow":"follow","max-snippet":"max-snippet:-1","max-image-preview":"max-image-preview:large","max-video-preview":"max-video-preview:-1"},"canonical":"https:\/\/www.gossip.it\/news\/belen-pace-con-tutti\/","og_locale":"it_IT","og_type":"article","og_title":"Belen, pace con tutti - Gossip.it | News sul Gossip e VIP","og_description":"Non vuole nemici. Ha fatto pace con Fabrizio Corona e con Simona Ventura. Belen Rodriguez desidera serenit\u00e0. Nella sua pagina Facebook si diverte a","og_url":"https:\/\/www.gossip.it\/news\/belen-pace-con-tutti\/","og_site_name":"Gossip.it | News sul Gossip e VIP","article_publisher":"https:\/\/www.facebook.com\/GossipIT","article_published_time":"2012-11-13T23:00:00+00:00","og_image":[{"url":"http:\/\/www.gossip.it\/images5\/1352898053_.jpg"}],"author":"La Redazione","twitter_card":"summary_large_image","twitter_image":"http:\/\/www.gossip.it\/images5\/1352898053_.jpg","twitter_creator":"@gossinews_it","twitter_site":"@gossinews_it","twitter_misc":{"Scritto da":"Annamaria Capozzi","Tempo di lettura stimato":"2 minuti"},"schema":{"@context":"https:\/\/schema.org","@graph":[{"@type":"Article","@id":"https:\/\/www.gossip.it\/news\/belen-pace-con-tutti\/#article","isPartOf":{"@id":"https:\/\/www.gossip.it\/news\/belen-pace-con-tutti\/"},"author":{"name":"La Redazione","@id":"https:\/\/www.gossip.it\/#\/schema\/person\/488896f75158bff1cc83c6c39d141110"},"headline":"Belen, pace con tutti","datePublished":"2012-11-13T23:00:00+00:00","dateModified":"2012-11-13T23:00:00+00:00","mainEntityOfPage":{"@id":"https:\/\/www.gossip.it\/news\/belen-pace-con-tutti\/"},"wordCount":382,"publisher":{"@id":"https:\/\/www.gossip.it\/#organization"},"image":{"@id":"https:\/\/www.gossip.it\/news\/belen-pace-con-tutti\/#primaryimage"},"thumbnailUrl":"http:\/\/www.gossip.it\/images5\/1352898053_.jpg","keywords":["belen","colorado","emma","stefano di martino","tv"],"articleSection":["News"],"inLanguage":"it-IT"},{"@type":"WebPage","@id":"https:\/\/www.gossip.it\/news\/belen-pace-con-tutti\/","url":"https:\/\/www.gossip.it\/news\/belen-pace-con-tutti\/","name":"Belen, pace con tutti - Gossip.it | News sul Gossip e VIP","isPartOf":{"@id":"https:\/\/www.gossip.it\/#website"},"primaryImageOfPage":{"@id":"https:\/\/www.gossip.it\/news\/belen-pace-con-tutti\/#primaryimage"},"image":{"@id":"https:\/\/www.gossip.it\/news\/belen-pace-con-tutti\/#primaryimage"},"thumbnailUrl":"http:\/\/www.gossip.it\/images5\/1352898053_.jpg","datePublished":"2012-11-13T23:00:00+00:00","dateModified":"2012-11-13T23:00:00+00:00","description":"Non vuole nemici. Ha fatto pace con Fabrizio Corona e con Simona Ventura. Belen Rodriguez desidera serenit\u00e0. Nella sua pagina Facebook si diverte a","breadcrumb":{"@id":"https:\/\/www.gossip.it\/news\/belen-pace-con-tutti\/#breadcrumb"},"inLanguage":"it-IT","potentialAction":[{"@type":"ReadAction","target":["https:\/\/www.gossip.it\/news\/belen-pace-con-tutti\/"]}]},{"@type":"ImageObject","inLanguage":"it-IT","@id":"https:\/\/www.gossip.it\/news\/belen-pace-con-tutti\/#primaryimage","url":"http:\/\/www.gossip.it\/images5\/1352898053_.jpg","contentUrl":"http:\/\/www.gossip.it\/images5\/1352898053_.jpg"},{"@type":"BreadcrumbList","@id":"https:\/\/www.gossip.it\/news\/belen-pace-con-tutti\/#breadcrumb","itemListElement":[{"@type":"ListItem","position":1,"name":"Home","item":"https:\/\/www.gossip.it\/"},{"@type":"ListItem","position":2,"name":"Belen, pace con tutti"}]},{"@type":"WebSite","@id":"https:\/\/www.gossip.it\/#website","url":"https:\/\/www.gossip.it\/","name":"Gossip and VIP News","description":"Quotidiano di cronaca rosa, costume e societ\u00e0","publisher":{"@id":"https:\/\/www.gossip.it\/#organization"},"alternateName":"Gossip and VIP News","potentialAction":[{"@type":"SearchAction","target":{"@type":"EntryPoint","urlTemplate":"https:\/\/www.gossip.it\/?s={search_term_string}"},"query-input":{"@type":"PropertyValueSpecification","valueRequired":true,"valueName":"search_term_string"}}],"inLanguage":"it-IT"},{"@type":"Organization","@id":"https:\/\/www.gossip.it\/#organization","name":"Gossip and VIP News","alternateName":"Gossip News","url":"https:\/\/www.gossip.it\/","logo":{"@type":"ImageObject","inLanguage":"it-IT","@id":"https:\/\/www.gossip.it\/#\/schema\/logo\/image\/","url":"https:\/\/www.gossip.it\/wp-content\/uploads\/2022\/04\/cropped-corna-alta-tiny.png","contentUrl":"https:\/\/www.gossip.it\/wp-content\/uploads\/2022\/04\/cropped-corna-alta-tiny.png","width":512,"height":512,"caption":"Gossip and VIP News"},"image":{"@id":"https:\/\/www.gossip.it\/#\/schema\/logo\/image\/"},"sameAs":["https:\/\/www.facebook.com\/GossipIT","https:\/\/x.com\/gossinews_it","https:\/\/instagram.com\/gossip_it"]},{"@type":"Person","@id":"https:\/\/www.gossip.it\/#\/schema\/person\/488896f75158bff1cc83c6c39d141110","name":"La Redazione","image":{"@type":"ImageObject","inLanguage":"it-IT","@id":"https:\/\/www.gossip.it\/#\/schema\/person\/image\/","url":"https:\/\/secure.gravatar.com\/avatar\/5a5f5c6fa3e6700e4249abdad0263a1e94e927d9e0499b1cb09c1cd29c044d80?s=96&d=mm&r=g","contentUrl":"https:\/\/secure.gravatar.com\/avatar\/5a5f5c6fa3e6700e4249abdad0263a1e94e927d9e0499b1cb09c1cd29c044d80?s=96&d=mm&r=g","caption":"La Redazione"},"sameAs":["https:\/\/www.gossip.it"]}]}},"amp_enabled":true,"_links":{"self":[{"href":"https:\/\/www.gossip.it\/api\/wp\/v2\/posts\/35776","targetHints":{"allow":["GET"]}}],"collection":[{"href":"https:\/\/www.gossip.it\/api\/wp\/v2\/posts"}],"about":[{"href":"https:\/\/www.gossip.it\/api\/wp\/v2\/types\/post"}],"author":[{"embeddable":true,"href":"https:\/\/www.gossip.it\/api\/wp\/v2\/users\/1"}],"replies":[{"embeddable":true,"href":"https:\/\/www.gossip.it\/api\/wp\/v2\/comments?post=35776"}],"version-history":[{"count":0,"href":"https:\/\/www.gossip.it\/api\/wp\/v2\/posts\/35776\/revisions"}],"wp:featuredmedia":[{"embeddable":true,"href":"https:\/\/www.gossip.it\/api\/wp\/v2\/media\/91822"}],"wp:attachment":[{"href":"https:\/\/www.gossip.it\/api\/wp\/v2\/media?parent=35776"}],"wp:term":[{"taxonomy":"category","embeddable":true,"href":"https:\/\/www.gossip.it\/api\/wp\/v2\/categories?post=35776"},{"taxonomy":"post_tag","embeddable":true,"href":"https:\/\/www.gossip.it\/api\/wp\/v2\/tags?post=35776"},{"taxonomy":"vip","embeddable":true,"href":"https:\/\/www.gossip.it\/api\/wp\/v2\/vip?post=35776"}],"curies":[{"name":"wp","href":"https:\/\/api.w.org\/{rel}","templated":true}]}}