{"id":35852,"date":"2012-11-19T00:00:00","date_gmt":"2012-11-18T23:00:00","guid":{"rendered":"https:\/\/www.gossip.it\/senza-categoria\/laura-pausini-piange-per-celeste\/"},"modified":"2012-11-19T00:00:00","modified_gmt":"2012-11-18T23:00:00","slug":"laura-pausini-piange-per-celeste","status":"publish","type":"post","link":"https:\/\/www.gossip.it\/news\/laura-pausini-piange-per-celeste\/","title":{"rendered":"Laura Pausini piange per 'Celeste'"},"content":{"rendered":"<p>Arriver\u00e0 il 7 febbraio. In molti dicono si chiamer\u00e0 <b>Benedetta<\/b>. <a href=\"http:\/\/www.gossip.it\/news\/monografia.php?keyword=Laura Pausini\">Laura Pausini<\/a>, per\u00f2, nel suo video la chiama <b>\"Celeste\"<\/b>. E' la bambina che metter\u00e0 al mondo insieme al compagno <a href=\"http:\/\/www.gossip.it\/news\/monografia.php?keyword=Paolo Carta\">Paolo Carta<\/a> e che la fa essere ogni giorno pi\u00f9 felice.<\/p>\n<p>Nel video del singolo, estrapolato da <b>Inedito Special Edition<\/b>, cd e dvd del tour mondiale che uscir\u00e0 il prossimo 27 novembre, la <a href=\"http:\/\/www.gossip.it\/news\/monografia.php?keyword=popstar\">popstar<\/a> arriva fino alle lacrime quando intona il brano. L'emozione raggiunge il culmine quando canta: <em>\"Ti aspetter\u00f2 e prima o poi arriverai senza nemmeno fare rumore ti sentir\u00f2 e resterai mentre ormai le foglie cambiano colore al mio paese che ancora non sai dove l'autunno odora di caldarroste e il cielo \u00e8 cos\u00ec\u2026celeste\"<\/em>.<\/p>\n<p><em>\"<b>Mi sono commossa fino alle lacrime perch\u00e9 so che questo video, un giorno, lo guarder\u00e0 mia figlia e sapr\u00e0 che la mia voce \u00e8 solo dedicata a lei<\/b>\"<\/em>, ha confessato qualche giorno fa la Pausini a <em>Tgcom 24<\/em>. Un regalo per la bimba, un sogno che si avvera per Laura.<\/p>\n","protected":false},"excerpt":{"rendered":"<p>Arriver\u00e0 il 7 febbraio. In molti dicono si chiamer\u00e0 Benedetta. Laura Pausini, per\u00f2, nel suo video la chiama \"Celeste\". E' la bambina che metter\u00e0 al mondo insieme al compagno Paolo Carta e che la fa essere ogni giorno pi\u00f9 felice. Nel video del singolo, estrapolato da Inedito Special Edition, cd e dvd del tour mondiale [&hellip;]<\/p>\n","protected":false},"author":1,"featured_media":91898,"comment_status":"closed","ping_status":"closed","sticky":false,"template":"","format":"standard","meta":{"footnotes":""},"categories":[54],"tags":[6288,7454,4385,1981,1937,2181,2094,2408,8738,2484,1867],"vip":[1084],"class_list":["post-35852","post","type-post","status-publish","format-standard","has-post-thumbnail","hentry","category-news","tag-bebe-in-arrivo","tag-benedetta","tag-brano","tag-cantante","tag-celeste","tag-gravidanza","tag-incinta","tag-musica","tag-paolo-carta","tag-popstar","tag-video","vip-laura_pausini"],"yoast_head":"<title>Laura Pausini piange per &#039;Celeste&#039; - Gossip.it | News sul Gossip e VIP<\/title>\n<meta name=\"description\" content=\"Arriver\u00e0 il 7 febbraio. In molti dicono si chiamer\u00e0 Benedetta. Laura Pausini, per\u00f2, nel suo video la chiama &quot;Celeste&quot;. E&#039; la bambina che metter\u00e0 al mondo\" \/>\n<meta name=\"robots\" content=\"index, follow, max-snippet:-1, max-image-preview:large, max-video-preview:-1\" \/>\n<link rel=\"canonical\" href=\"https:\/\/www.gossip.it\/news\/laura-pausini-piange-per-celeste\/\" \/>\n<meta property=\"og:locale\" content=\"it_IT\" \/>\n<meta property=\"og:type\" content=\"article\" \/>\n<meta property=\"og:title\" content=\"Laura Pausini piange per &#039;Celeste&#039; - Gossip.it | News sul Gossip e VIP\" \/>\n<meta property=\"og:description\" content=\"Arriver\u00e0 il 7 febbraio. In molti dicono si chiamer\u00e0 Benedetta. Laura Pausini, per\u00f2, nel suo video la chiama &quot;Celeste&quot;. E&#039; la bambina che metter\u00e0 al mondo\" \/>\n<meta property=\"og:url\" content=\"https:\/\/www.gossip.it\/news\/laura-pausini-piange-per-celeste\/\" \/>\n<meta property=\"og:site_name\" content=\"Gossip.it | News sul Gossip e VIP\" \/>\n<meta property=\"article:publisher\" content=\"https:\/\/www.facebook.com\/GossipIT\" \/>\n<meta property=\"article:published_time\" content=\"2012-11-18T23:00:00+00:00\" \/>\n<meta property=\"og:image\" content=\"http:\/\/www.gossip.it\/images5\/1353327177_.jpg\" \/>\n<meta name=\"author\" content=\"La Redazione\" \/>\n<meta name=\"twitter:card\" content=\"summary_large_image\" \/>\n<meta name=\"twitter:image\" content=\"http:\/\/www.gossip.it\/images5\/1353327177_.jpg\" \/>\n<meta name=\"twitter:creator\" content=\"@gossinews_it\" \/>\n<meta name=\"twitter:site\" content=\"@gossinews_it\" \/>\n<meta name=\"twitter:label1\" content=\"Scritto da\" \/>\n\t<meta name=\"twitter:data1\" content=\"La Redazione\" \/>\n\t<meta name=\"twitter:label2\" content=\"Tempo di lettura stimato\" \/>\n\t<meta name=\"twitter:data2\" content=\"1 minuto\" \/>","yoast_head_json":{"title":"Laura Pausini piange per 'Celeste' - Gossip.it | News sul Gossip e VIP","description":"Arriver\u00e0 il 7 febbraio. In molti dicono si chiamer\u00e0 Benedetta. Laura Pausini, per\u00f2, nel suo video la chiama \"Celeste\". E' la bambina che metter\u00e0 al mondo","robots":{"index":"index","follow":"follow","max-snippet":"max-snippet:-1","max-image-preview":"max-image-preview:large","max-video-preview":"max-video-preview:-1"},"canonical":"https:\/\/www.gossip.it\/news\/laura-pausini-piange-per-celeste\/","og_locale":"it_IT","og_type":"article","og_title":"Laura Pausini piange per 'Celeste' - Gossip.it | News sul Gossip e VIP","og_description":"Arriver\u00e0 il 7 febbraio. In molti dicono si chiamer\u00e0 Benedetta. Laura Pausini, per\u00f2, nel suo video la chiama \"Celeste\". E' la bambina che metter\u00e0 al mondo","og_url":"https:\/\/www.gossip.it\/news\/laura-pausini-piange-per-celeste\/","og_site_name":"Gossip.it | News sul Gossip e VIP","article_publisher":"https:\/\/www.facebook.com\/GossipIT","article_published_time":"2012-11-18T23:00:00+00:00","og_image":[{"url":"http:\/\/www.gossip.it\/images5\/1353327177_.jpg"}],"author":"La Redazione","twitter_card":"summary_large_image","twitter_image":"http:\/\/www.gossip.it\/images5\/1353327177_.jpg","twitter_creator":"@gossinews_it","twitter_site":"@gossinews_it","twitter_misc":{"Scritto da":"La Redazione","Tempo di lettura stimato":"1 minuto"},"schema":{"@context":"https:\/\/schema.org","@graph":[{"@type":"Article","@id":"https:\/\/www.gossip.it\/news\/laura-pausini-piange-per-celeste\/#article","isPartOf":{"@id":"https:\/\/www.gossip.it\/news\/laura-pausini-piange-per-celeste\/"},"author":{"name":"La Redazione","@id":"https:\/\/www.gossip.it\/#\/schema\/person\/488896f75158bff1cc83c6c39d141110"},"headline":"Laura Pausini piange per 'Celeste'","datePublished":"2012-11-18T23:00:00+00:00","dateModified":"2012-11-18T23:00:00+00:00","mainEntityOfPage":{"@id":"https:\/\/www.gossip.it\/news\/laura-pausini-piange-per-celeste\/"},"wordCount":168,"publisher":{"@id":"https:\/\/www.gossip.it\/#organization"},"image":{"@id":"https:\/\/www.gossip.it\/news\/laura-pausini-piange-per-celeste\/#primaryimage"},"thumbnailUrl":"http:\/\/www.gossip.it\/images5\/1353327177_.jpg","keywords":["beb\u00e8 in arrivo","benedetta","brano","cantante","celeste","gravidanza","incinta","musica","paolo carta","popstar","video"],"articleSection":["News"],"inLanguage":"it-IT"},{"@type":"WebPage","@id":"https:\/\/www.gossip.it\/news\/laura-pausini-piange-per-celeste\/","url":"https:\/\/www.gossip.it\/news\/laura-pausini-piange-per-celeste\/","name":"Laura Pausini piange per 'Celeste' - Gossip.it | News sul Gossip e VIP","isPartOf":{"@id":"https:\/\/www.gossip.it\/#website"},"primaryImageOfPage":{"@id":"https:\/\/www.gossip.it\/news\/laura-pausini-piange-per-celeste\/#primaryimage"},"image":{"@id":"https:\/\/www.gossip.it\/news\/laura-pausini-piange-per-celeste\/#primaryimage"},"thumbnailUrl":"http:\/\/www.gossip.it\/images5\/1353327177_.jpg","datePublished":"2012-11-18T23:00:00+00:00","dateModified":"2012-11-18T23:00:00+00:00","description":"Arriver\u00e0 il 7 febbraio. In molti dicono si chiamer\u00e0 Benedetta. Laura Pausini, per\u00f2, nel suo video la chiama \"Celeste\". E' la bambina che metter\u00e0 al mondo","breadcrumb":{"@id":"https:\/\/www.gossip.it\/news\/laura-pausini-piange-per-celeste\/#breadcrumb"},"inLanguage":"it-IT","potentialAction":[{"@type":"ReadAction","target":["https:\/\/www.gossip.it\/news\/laura-pausini-piange-per-celeste\/"]}]},{"@type":"ImageObject","inLanguage":"it-IT","@id":"https:\/\/www.gossip.it\/news\/laura-pausini-piange-per-celeste\/#primaryimage","url":"http:\/\/www.gossip.it\/images5\/1353327177_.jpg","contentUrl":"http:\/\/www.gossip.it\/images5\/1353327177_.jpg"},{"@type":"BreadcrumbList","@id":"https:\/\/www.gossip.it\/news\/laura-pausini-piange-per-celeste\/#breadcrumb","itemListElement":[{"@type":"ListItem","position":1,"name":"Home","item":"https:\/\/www.gossip.it\/"},{"@type":"ListItem","position":2,"name":"Laura Pausini piange per 'Celeste'"}]},{"@type":"WebSite","@id":"https:\/\/www.gossip.it\/#website","url":"https:\/\/www.gossip.it\/","name":"Gossip and VIP News","description":"Quotidiano di cronaca rosa, costume e societ\u00e0","publisher":{"@id":"https:\/\/www.gossip.it\/#organization"},"alternateName":"Gossip and VIP News","potentialAction":[{"@type":"SearchAction","target":{"@type":"EntryPoint","urlTemplate":"https:\/\/www.gossip.it\/?s={search_term_string}"},"query-input":{"@type":"PropertyValueSpecification","valueRequired":true,"valueName":"search_term_string"}}],"inLanguage":"it-IT"},{"@type":"Organization","@id":"https:\/\/www.gossip.it\/#organization","name":"Gossip and VIP News","alternateName":"Gossip News","url":"https:\/\/www.gossip.it\/","logo":{"@type":"ImageObject","inLanguage":"it-IT","@id":"https:\/\/www.gossip.it\/#\/schema\/logo\/image\/","url":"https:\/\/www.gossip.it\/wp-content\/uploads\/2022\/04\/cropped-corna-alta-tiny.png","contentUrl":"https:\/\/www.gossip.it\/wp-content\/uploads\/2022\/04\/cropped-corna-alta-tiny.png","width":512,"height":512,"caption":"Gossip and VIP News"},"image":{"@id":"https:\/\/www.gossip.it\/#\/schema\/logo\/image\/"},"sameAs":["https:\/\/www.facebook.com\/GossipIT","https:\/\/x.com\/gossinews_it","https:\/\/instagram.com\/gossip_it"]},{"@type":"Person","@id":"https:\/\/www.gossip.it\/#\/schema\/person\/488896f75158bff1cc83c6c39d141110","name":"La Redazione","image":{"@type":"ImageObject","inLanguage":"it-IT","@id":"https:\/\/www.gossip.it\/#\/schema\/person\/image\/","url":"https:\/\/secure.gravatar.com\/avatar\/5a5f5c6fa3e6700e4249abdad0263a1e94e927d9e0499b1cb09c1cd29c044d80?s=96&d=mm&r=g","contentUrl":"https:\/\/secure.gravatar.com\/avatar\/5a5f5c6fa3e6700e4249abdad0263a1e94e927d9e0499b1cb09c1cd29c044d80?s=96&d=mm&r=g","caption":"La Redazione"},"sameAs":["https:\/\/www.gossip.it"]}]}},"amp_enabled":true,"_links":{"self":[{"href":"https:\/\/www.gossip.it\/api\/wp\/v2\/posts\/35852","targetHints":{"allow":["GET"]}}],"collection":[{"href":"https:\/\/www.gossip.it\/api\/wp\/v2\/posts"}],"about":[{"href":"https:\/\/www.gossip.it\/api\/wp\/v2\/types\/post"}],"author":[{"embeddable":true,"href":"https:\/\/www.gossip.it\/api\/wp\/v2\/users\/1"}],"replies":[{"embeddable":true,"href":"https:\/\/www.gossip.it\/api\/wp\/v2\/comments?post=35852"}],"version-history":[{"count":0,"href":"https:\/\/www.gossip.it\/api\/wp\/v2\/posts\/35852\/revisions"}],"wp:featuredmedia":[{"embeddable":true,"href":"https:\/\/www.gossip.it\/api\/wp\/v2\/media\/91898"}],"wp:attachment":[{"href":"https:\/\/www.gossip.it\/api\/wp\/v2\/media?parent=35852"}],"wp:term":[{"taxonomy":"category","embeddable":true,"href":"https:\/\/www.gossip.it\/api\/wp\/v2\/categories?post=35852"},{"taxonomy":"post_tag","embeddable":true,"href":"https:\/\/www.gossip.it\/api\/wp\/v2\/tags?post=35852"},{"taxonomy":"vip","embeddable":true,"href":"https:\/\/www.gossip.it\/api\/wp\/v2\/vip?post=35852"}],"curies":[{"name":"wp","href":"https:\/\/api.w.org\/{rel}","templated":true}]}}