{"id":35853,"date":"2012-11-19T00:00:00","date_gmt":"2012-11-18T23:00:00","guid":{"rendered":"https:\/\/www.gossip.it\/senza-categoria\/patty-pravo-credevo-di-morire\/"},"modified":"2012-11-19T00:00:00","modified_gmt":"2012-11-18T23:00:00","slug":"patty-pravo-credevo-di-morire","status":"publish","type":"post","link":"https:\/\/www.gossip.it\/news\/patty-pravo-credevo-di-morire\/","title":{"rendered":"Patty Pravo: &quot;Credevo di morire&quot;"},"content":{"rendered":"<p>Ad agosto il ritiro dalle scene. Poi le prime dichiarazioni in cui raccontava di soffrire di <b>attacchi di panico<\/b>. Dopo alcuni mesi di silenzio, <a href=\"http:\/\/www.gossip.it\/news\/monografia.php?keyword=Patty Pravo\">Patty Pravo<\/a> \u00e8 tornata a parlare sulle pagine di <em>Gente<\/em>, per dire che finalmente<b> \u00e8 tornata dall'inferno<\/b>: <em>\"Finch\u00e9 una mattina mi sono alzata, ho aperto la porta della camera e mi sono infilata in cucina. Nella dispensa<\/em> - ha raccontato - <em>c'erano solo un cartone di latte e dei Pavesini, ho iniziato a mangiare e sono tornata a vivere\"<\/em>.<\/p>\n<p>La cantante ha poi rivissuto quel tragico momento in cui la malattia si \u00e8 scatenata con tutta la sua violenza: <em>\"<b>Mi si \u00e8 chiusa la gola, non riuscivo pi\u00f9 a respirare. Non capivo niente, ero in uno stato di totale incoscienza. Ricordo che mi sono detta: Basta, \u00e8 finita. Ho creduto di morire<\/b>\"<\/em>.<\/p>\n<p><em>\"<b>Non dormivo pi\u00f9, i farmaci erano come acqua, le notti interminabili<\/b>, a fissare il soffitto credendo di impazzire. La sera<\/em> - ha proseguito la cantante - <em>salivo sul palco divorata dalla stanchezza e dall'ansia\". Cos\u00ec ha deciso di fermarsi: \"Mi sono chiusa in camera, al buio, i telefoni spenti <\/em>- ha raccontato - <em>Ho passato giorni interi stesa a letto, senza pensare n\u00e9 parlare, senza riuscire a piangere o a toccare cibo\"<\/em>.<\/p>\n<p> Molte le dimostrazioni d'affetto ricevute dai colleghi mentre stava male: <em>\"Solo maschi, purtroppo. <a href=\"http:\/\/www.gossip.it\/news\/monografia.php?keyword=Renato Zero\">Renato Zero<\/a>, <a href=\"http:\/\/www.gossip.it\/news\/monografia.php?keyword=Al Bano\">Al Bano<\/a>, <a href=\"http:\/\/www.gossip.it\/news\/monografia.php?keyword=Vasco\">Vasco<\/a>. Sono contenta di sapere che sta meglio anche lui, quelli come noi hanno la scorza dura\". \"Pi\u00f9 di tutti - ha continuato - mi hanno commosso i tanti ragazzi che mi hanno scritto. Ho ricevuto qualcosa come dieci mila email. Quelle parole,  che ho letto una per una, sono state e sono uno stimolo per guardare avanti\"<\/em>.<\/p>\n<p>La Pravo poi ha confermato l'intenzione, gi\u00e0 rivelata un paio di mesi fa, di volersi dedicare al volontariato: <em>\"Da quando ho ripreso le forze, ho un pensiero fisso: voglio partire per l'Africa con <b>Gino Strada<\/b> <\/em>(il fondatore di Emergency ndr)<em>, aiutare sul campo chi sta peggio di noi. Dopo aver ricevuto tanto, credo sia giunto il momento di dare. Ai bambini soprattutto. Io adoro i bambini, a volte me ne vado fuori dalla nursery dell'ospedale del Bambin Ges\u00f9 a guardarli nelle loro culle\"<\/em>.<br \/>\n Ma lei mamma non lo \u00e8, figli suoi non ne ha avuti : <em>\"Non sarei stata una buona madre<\/em> - ha spiegato Patty Pravo - <em>Sarebbe cresciuto disadattato, pieno di problemi. La mia vita era troppo movimentata per un bambino\"<\/em>.<\/p>\n","protected":false},"excerpt":{"rendered":"<p>Ad agosto il ritiro dalle scene. Poi le prime dichiarazioni in cui raccontava di soffrire di attacchi di panico. Dopo alcuni mesi di silenzio, Patty Pravo \u00e8 tornata a parlare sulle pagine di Gente, per dire che finalmente \u00e8 tornata dall'inferno: \"Finch\u00e9 una mattina mi sono alzata, ho aperto la porta della camera e mi [&hellip;]<\/p>\n","protected":false},"author":1,"featured_media":91899,"comment_status":"closed","ping_status":"closed","sticky":false,"template":"","format":"standard","meta":{"footnotes":""},"categories":[54],"tags":[4675,36353,1981,2102,14804,3297,2097],"vip":[1494],"class_list":["post-35853","post","type-post","status-publish","format-standard","has-post-thumbnail","hentry","category-news","tag-africa","tag-attacchi-di-panico","tag-cantante","tag-dichiarazioni","tag-emergency","tag-gossip-tv","tag-tv","vip-patty_pravo"],"yoast_head":"<title>Patty Pravo: &quot;Credevo di morire&quot; - Gossip.it | News sul Gossip e VIP<\/title>\n<meta name=\"description\" content=\"Ad agosto il ritiro dalle scene. Poi le prime dichiarazioni in cui raccontava di soffrire di attacchi di panico. Dopo alcuni mesi di silenzio, Patty Pravo\" \/>\n<meta name=\"robots\" content=\"index, follow, max-snippet:-1, max-image-preview:large, max-video-preview:-1\" \/>\n<link rel=\"canonical\" href=\"https:\/\/www.gossip.it\/news\/patty-pravo-credevo-di-morire\/\" \/>\n<meta property=\"og:locale\" content=\"it_IT\" \/>\n<meta property=\"og:type\" content=\"article\" \/>\n<meta property=\"og:title\" content=\"Patty Pravo: &quot;Credevo di morire&quot; - Gossip.it | News sul Gossip e VIP\" \/>\n<meta property=\"og:description\" content=\"Ad agosto il ritiro dalle scene. Poi le prime dichiarazioni in cui raccontava di soffrire di attacchi di panico. Dopo alcuni mesi di silenzio, Patty Pravo\" \/>\n<meta property=\"og:url\" content=\"https:\/\/www.gossip.it\/news\/patty-pravo-credevo-di-morire\/\" \/>\n<meta property=\"og:site_name\" content=\"Gossip.it | News sul Gossip e VIP\" \/>\n<meta property=\"article:publisher\" content=\"https:\/\/www.facebook.com\/GossipIT\" \/>\n<meta property=\"article:published_time\" content=\"2012-11-18T23:00:00+00:00\" \/>\n<meta property=\"og:image\" content=\"http:\/\/www.gossip.it\/images5\/1353328205_.jpg\" \/>\n<meta name=\"author\" content=\"La Redazione\" \/>\n<meta name=\"twitter:card\" content=\"summary_large_image\" \/>\n<meta name=\"twitter:image\" content=\"http:\/\/www.gossip.it\/images5\/1353328205_.jpg\" \/>\n<meta name=\"twitter:creator\" content=\"@gossinews_it\" \/>\n<meta name=\"twitter:site\" content=\"@gossinews_it\" \/>\n<meta name=\"twitter:label1\" content=\"Scritto da\" \/>\n\t<meta name=\"twitter:data1\" content=\"La Redazione\" \/>\n\t<meta name=\"twitter:label2\" content=\"Tempo di lettura stimato\" \/>\n\t<meta name=\"twitter:data2\" content=\"2 minuti\" \/>","yoast_head_json":{"title":"Patty Pravo: &quot;Credevo di morire&quot; - Gossip.it | News sul Gossip e VIP","description":"Ad agosto il ritiro dalle scene. Poi le prime dichiarazioni in cui raccontava di soffrire di attacchi di panico. Dopo alcuni mesi di silenzio, Patty Pravo","robots":{"index":"index","follow":"follow","max-snippet":"max-snippet:-1","max-image-preview":"max-image-preview:large","max-video-preview":"max-video-preview:-1"},"canonical":"https:\/\/www.gossip.it\/news\/patty-pravo-credevo-di-morire\/","og_locale":"it_IT","og_type":"article","og_title":"Patty Pravo: &quot;Credevo di morire&quot; - Gossip.it | News sul Gossip e VIP","og_description":"Ad agosto il ritiro dalle scene. Poi le prime dichiarazioni in cui raccontava di soffrire di attacchi di panico. Dopo alcuni mesi di silenzio, Patty Pravo","og_url":"https:\/\/www.gossip.it\/news\/patty-pravo-credevo-di-morire\/","og_site_name":"Gossip.it | News sul Gossip e VIP","article_publisher":"https:\/\/www.facebook.com\/GossipIT","article_published_time":"2012-11-18T23:00:00+00:00","og_image":[{"url":"http:\/\/www.gossip.it\/images5\/1353328205_.jpg"}],"author":"La Redazione","twitter_card":"summary_large_image","twitter_image":"http:\/\/www.gossip.it\/images5\/1353328205_.jpg","twitter_creator":"@gossinews_it","twitter_site":"@gossinews_it","twitter_misc":{"Scritto da":"La Redazione","Tempo di lettura stimato":"2 minuti"},"schema":{"@context":"https:\/\/schema.org","@graph":[{"@type":"Article","@id":"https:\/\/www.gossip.it\/news\/patty-pravo-credevo-di-morire\/#article","isPartOf":{"@id":"https:\/\/www.gossip.it\/news\/patty-pravo-credevo-di-morire\/"},"author":{"name":"La Redazione","@id":"https:\/\/www.gossip.it\/#\/schema\/person\/488896f75158bff1cc83c6c39d141110"},"headline":"Patty Pravo: &quot;Credevo di morire&quot;","datePublished":"2012-11-18T23:00:00+00:00","dateModified":"2012-11-18T23:00:00+00:00","mainEntityOfPage":{"@id":"https:\/\/www.gossip.it\/news\/patty-pravo-credevo-di-morire\/"},"wordCount":413,"publisher":{"@id":"https:\/\/www.gossip.it\/#organization"},"image":{"@id":"https:\/\/www.gossip.it\/news\/patty-pravo-credevo-di-morire\/#primaryimage"},"thumbnailUrl":"http:\/\/www.gossip.it\/images5\/1353328205_.jpg","keywords":["africa","attacchi di panico","cantante","dichiarazioni","emergency","gossip.tv","tv"],"articleSection":["News"],"inLanguage":"it-IT"},{"@type":"WebPage","@id":"https:\/\/www.gossip.it\/news\/patty-pravo-credevo-di-morire\/","url":"https:\/\/www.gossip.it\/news\/patty-pravo-credevo-di-morire\/","name":"Patty Pravo: &quot;Credevo di morire&quot; - Gossip.it | News sul Gossip e VIP","isPartOf":{"@id":"https:\/\/www.gossip.it\/#website"},"primaryImageOfPage":{"@id":"https:\/\/www.gossip.it\/news\/patty-pravo-credevo-di-morire\/#primaryimage"},"image":{"@id":"https:\/\/www.gossip.it\/news\/patty-pravo-credevo-di-morire\/#primaryimage"},"thumbnailUrl":"http:\/\/www.gossip.it\/images5\/1353328205_.jpg","datePublished":"2012-11-18T23:00:00+00:00","dateModified":"2012-11-18T23:00:00+00:00","description":"Ad agosto il ritiro dalle scene. Poi le prime dichiarazioni in cui raccontava di soffrire di attacchi di panico. Dopo alcuni mesi di silenzio, Patty Pravo","breadcrumb":{"@id":"https:\/\/www.gossip.it\/news\/patty-pravo-credevo-di-morire\/#breadcrumb"},"inLanguage":"it-IT","potentialAction":[{"@type":"ReadAction","target":["https:\/\/www.gossip.it\/news\/patty-pravo-credevo-di-morire\/"]}]},{"@type":"ImageObject","inLanguage":"it-IT","@id":"https:\/\/www.gossip.it\/news\/patty-pravo-credevo-di-morire\/#primaryimage","url":"http:\/\/www.gossip.it\/images5\/1353328205_.jpg","contentUrl":"http:\/\/www.gossip.it\/images5\/1353328205_.jpg"},{"@type":"BreadcrumbList","@id":"https:\/\/www.gossip.it\/news\/patty-pravo-credevo-di-morire\/#breadcrumb","itemListElement":[{"@type":"ListItem","position":1,"name":"Home","item":"https:\/\/www.gossip.it\/"},{"@type":"ListItem","position":2,"name":"Patty Pravo: &quot;Credevo di morire&quot;"}]},{"@type":"WebSite","@id":"https:\/\/www.gossip.it\/#website","url":"https:\/\/www.gossip.it\/","name":"Gossip and VIP News","description":"Quotidiano di cronaca rosa, costume e societ\u00e0","publisher":{"@id":"https:\/\/www.gossip.it\/#organization"},"alternateName":"Gossip and VIP News","potentialAction":[{"@type":"SearchAction","target":{"@type":"EntryPoint","urlTemplate":"https:\/\/www.gossip.it\/?s={search_term_string}"},"query-input":{"@type":"PropertyValueSpecification","valueRequired":true,"valueName":"search_term_string"}}],"inLanguage":"it-IT"},{"@type":"Organization","@id":"https:\/\/www.gossip.it\/#organization","name":"Gossip and VIP News","alternateName":"Gossip News","url":"https:\/\/www.gossip.it\/","logo":{"@type":"ImageObject","inLanguage":"it-IT","@id":"https:\/\/www.gossip.it\/#\/schema\/logo\/image\/","url":"https:\/\/www.gossip.it\/wp-content\/uploads\/2022\/04\/cropped-corna-alta-tiny.png","contentUrl":"https:\/\/www.gossip.it\/wp-content\/uploads\/2022\/04\/cropped-corna-alta-tiny.png","width":512,"height":512,"caption":"Gossip and VIP News"},"image":{"@id":"https:\/\/www.gossip.it\/#\/schema\/logo\/image\/"},"sameAs":["https:\/\/www.facebook.com\/GossipIT","https:\/\/x.com\/gossinews_it","https:\/\/instagram.com\/gossip_it"]},{"@type":"Person","@id":"https:\/\/www.gossip.it\/#\/schema\/person\/488896f75158bff1cc83c6c39d141110","name":"La Redazione","image":{"@type":"ImageObject","inLanguage":"it-IT","@id":"https:\/\/www.gossip.it\/#\/schema\/person\/image\/","url":"https:\/\/secure.gravatar.com\/avatar\/5a5f5c6fa3e6700e4249abdad0263a1e94e927d9e0499b1cb09c1cd29c044d80?s=96&d=mm&r=g","contentUrl":"https:\/\/secure.gravatar.com\/avatar\/5a5f5c6fa3e6700e4249abdad0263a1e94e927d9e0499b1cb09c1cd29c044d80?s=96&d=mm&r=g","caption":"La Redazione"},"sameAs":["https:\/\/www.gossip.it"]}]}},"amp_enabled":true,"_links":{"self":[{"href":"https:\/\/www.gossip.it\/api\/wp\/v2\/posts\/35853","targetHints":{"allow":["GET"]}}],"collection":[{"href":"https:\/\/www.gossip.it\/api\/wp\/v2\/posts"}],"about":[{"href":"https:\/\/www.gossip.it\/api\/wp\/v2\/types\/post"}],"author":[{"embeddable":true,"href":"https:\/\/www.gossip.it\/api\/wp\/v2\/users\/1"}],"replies":[{"embeddable":true,"href":"https:\/\/www.gossip.it\/api\/wp\/v2\/comments?post=35853"}],"version-history":[{"count":0,"href":"https:\/\/www.gossip.it\/api\/wp\/v2\/posts\/35853\/revisions"}],"wp:featuredmedia":[{"embeddable":true,"href":"https:\/\/www.gossip.it\/api\/wp\/v2\/media\/91899"}],"wp:attachment":[{"href":"https:\/\/www.gossip.it\/api\/wp\/v2\/media?parent=35853"}],"wp:term":[{"taxonomy":"category","embeddable":true,"href":"https:\/\/www.gossip.it\/api\/wp\/v2\/categories?post=35853"},{"taxonomy":"post_tag","embeddable":true,"href":"https:\/\/www.gossip.it\/api\/wp\/v2\/tags?post=35853"},{"taxonomy":"vip","embeddable":true,"href":"https:\/\/www.gossip.it\/api\/wp\/v2\/vip?post=35853"}],"curies":[{"name":"wp","href":"https:\/\/api.w.org\/{rel}","templated":true}]}}