{"id":35997,"date":"2012-11-26T00:00:00","date_gmt":"2012-11-25T23:00:00","guid":{"rendered":"https:\/\/www.gossip.it\/senza-categoria\/fabrizio-corona-evade-a-roma-per-spot\/"},"modified":"2012-11-26T00:00:00","modified_gmt":"2012-11-25T23:00:00","slug":"fabrizio-corona-evade-a-roma-per-spot","status":"publish","type":"post","link":"https:\/\/www.gossip.it\/news\/fabrizio-corona-evade-a-roma-per-spot\/","title":{"rendered":"Fabrizio Corona, 'evade' a Roma. Per spot?"},"content":{"rendered":"<p>Condannato a 3 anni e 10 mesi per reati fiscali, <a href=\"http:\/\/www.gossip.it\/news\/monografia.php?keyword=Fabrizio Corona\">Fabrizio Corona<\/a> \u00e8 stato affidato ai servizi sociali e ha l'obbligo di dimora. Non pu\u00f2 allontanarsi da Milano, ma l'imprenditore ha molti impegni, normale che abbia necessit\u00e0 di muoversi...<br \/>\nDomenica ha preso il treno per Roma ed \u00e8 sceso alla stazione. Un'<em>'evasione'<\/em> subito bloccata dagli agenti della Polfer. La polizia ferroviaria lo ha riconosciuto e fermato. Corona ha spiegato di avere un importante incontro di lavoro e di aver richiesto l'autorizzazione al Tribunale di Milano per spostarsi: <em>\"Ma non avevo il tempo di aspettare la risposta\"<\/em>. Gli agenti, allora, hanno inviato la segnalazione al Tribunale per poi rimandarlo indietro a Milano. Non prima, per\u00f2, che Fabri andasse tranquillamente all'appuntamento. Probabilmente quello di cui parla sul social.<\/p>\n<p><em>\"Domenica ore 15.00... Registrazione spot internazionale per orologi Burg\"<\/em>, ha scritto l'ex di <a href=\"http:\/\/www.gossip.it\/news\/monografia.php?keyword=Belen Rodriguez\">Belen Rodriguez<\/a> sulla sua pagina su <em>Facebook<\/em>. E ha pubblicato due immagini che lo ritraggono davanti a una telecamera, prima con la pistola in mano puntata verso l'obiettivo, poi sulla tempia di Santa Claus. <em>\"Preparatevi al Natale...\"<\/em>, ha commentato ironico.<\/p>\n<p>Foto: Facebook<\/p>\n","protected":false},"excerpt":{"rendered":"<p>Condannato a 3 anni e 10 mesi per reati fiscali, Fabrizio Corona \u00e8 stato affidato ai servizi sociali e ha l'obbligo di dimora. Non pu\u00f2 allontanarsi da Milano, ma l'imprenditore ha molti impegni, normale che abbia necessit\u00e0 di muoversi... Domenica ha preso il treno per Roma ed \u00e8 sceso alla stazione. Un''evasione' subito bloccata dagli [&hellip;]<\/p>\n","protected":false},"author":1,"featured_media":92043,"comment_status":"closed","ping_status":"closed","sticky":false,"template":"","format":"standard","meta":{"footnotes":""},"categories":[54],"tags":[4790,6907,1923,3748,2097],"vip":[719],"class_list":["post-35997","post","type-post","status-publish","format-standard","has-post-thumbnail","hentry","category-news","tag-facebook","tag-scandali","tag-social","tag-spot","tag-tv","vip-fabrizio_corona"],"yoast_head":"<title>Fabrizio Corona, &#039;evade&#039; a Roma. Per spot? - Gossip.it | News sul Gossip e VIP<\/title>\n<meta name=\"description\" content=\"Condannato a 3 anni e 10 mesi per reati fiscali, Fabrizio Corona \u00e8 stato affidato ai servizi sociali e ha l&#039;obbligo di dimora. Non pu\u00f2 allontanarsi da\" \/>\n<meta name=\"robots\" content=\"index, follow, max-snippet:-1, max-image-preview:large, max-video-preview:-1\" \/>\n<link rel=\"canonical\" href=\"https:\/\/www.gossip.it\/news\/fabrizio-corona-evade-a-roma-per-spot\/\" \/>\n<meta property=\"og:locale\" content=\"it_IT\" \/>\n<meta property=\"og:type\" content=\"article\" \/>\n<meta property=\"og:title\" content=\"Fabrizio Corona, &#039;evade&#039; a Roma. Per spot? - Gossip.it | News sul Gossip e VIP\" \/>\n<meta property=\"og:description\" content=\"Condannato a 3 anni e 10 mesi per reati fiscali, Fabrizio Corona \u00e8 stato affidato ai servizi sociali e ha l&#039;obbligo di dimora. Non pu\u00f2 allontanarsi da\" \/>\n<meta property=\"og:url\" content=\"https:\/\/www.gossip.it\/news\/fabrizio-corona-evade-a-roma-per-spot\/\" \/>\n<meta property=\"og:site_name\" content=\"Gossip.it | News sul Gossip e VIP\" \/>\n<meta property=\"article:publisher\" content=\"https:\/\/www.facebook.com\/GossipIT\" \/>\n<meta property=\"article:published_time\" content=\"2012-11-25T23:00:00+00:00\" \/>\n<meta property=\"og:image\" content=\"http:\/\/www.gossip.it\/images5\/1353928518_.jpg\" \/>\n<meta name=\"author\" content=\"La Redazione\" \/>\n<meta name=\"twitter:card\" content=\"summary_large_image\" \/>\n<meta name=\"twitter:image\" content=\"http:\/\/www.gossip.it\/images5\/1353928518_.jpg\" \/>\n<meta name=\"twitter:creator\" content=\"@gossinews_it\" \/>\n<meta name=\"twitter:site\" content=\"@gossinews_it\" \/>\n<meta name=\"twitter:label1\" content=\"Scritto da\" \/>\n\t<meta name=\"twitter:data1\" content=\"Annamaria Capozzi\" \/>\n\t<meta name=\"twitter:label2\" content=\"Tempo di lettura stimato\" \/>\n\t<meta name=\"twitter:data2\" content=\"1 minuto\" \/>","yoast_head_json":{"title":"Fabrizio Corona, 'evade' a Roma. Per spot? - Gossip.it | News sul Gossip e VIP","description":"Condannato a 3 anni e 10 mesi per reati fiscali, Fabrizio Corona \u00e8 stato affidato ai servizi sociali e ha l'obbligo di dimora. Non pu\u00f2 allontanarsi da","robots":{"index":"index","follow":"follow","max-snippet":"max-snippet:-1","max-image-preview":"max-image-preview:large","max-video-preview":"max-video-preview:-1"},"canonical":"https:\/\/www.gossip.it\/news\/fabrizio-corona-evade-a-roma-per-spot\/","og_locale":"it_IT","og_type":"article","og_title":"Fabrizio Corona, 'evade' a Roma. Per spot? - Gossip.it | News sul Gossip e VIP","og_description":"Condannato a 3 anni e 10 mesi per reati fiscali, Fabrizio Corona \u00e8 stato affidato ai servizi sociali e ha l'obbligo di dimora. Non pu\u00f2 allontanarsi da","og_url":"https:\/\/www.gossip.it\/news\/fabrizio-corona-evade-a-roma-per-spot\/","og_site_name":"Gossip.it | News sul Gossip e VIP","article_publisher":"https:\/\/www.facebook.com\/GossipIT","article_published_time":"2012-11-25T23:00:00+00:00","og_image":[{"url":"http:\/\/www.gossip.it\/images5\/1353928518_.jpg"}],"author":"La Redazione","twitter_card":"summary_large_image","twitter_image":"http:\/\/www.gossip.it\/images5\/1353928518_.jpg","twitter_creator":"@gossinews_it","twitter_site":"@gossinews_it","twitter_misc":{"Scritto da":"Annamaria Capozzi","Tempo di lettura stimato":"1 minuto"},"schema":{"@context":"https:\/\/schema.org","@graph":[{"@type":"Article","@id":"https:\/\/www.gossip.it\/news\/fabrizio-corona-evade-a-roma-per-spot\/#article","isPartOf":{"@id":"https:\/\/www.gossip.it\/news\/fabrizio-corona-evade-a-roma-per-spot\/"},"author":{"name":"La Redazione","@id":"https:\/\/www.gossip.it\/#\/schema\/person\/488896f75158bff1cc83c6c39d141110"},"headline":"Fabrizio Corona, 'evade' a Roma. Per spot?","datePublished":"2012-11-25T23:00:00+00:00","dateModified":"2012-11-25T23:00:00+00:00","mainEntityOfPage":{"@id":"https:\/\/www.gossip.it\/news\/fabrizio-corona-evade-a-roma-per-spot\/"},"wordCount":190,"publisher":{"@id":"https:\/\/www.gossip.it\/#organization"},"image":{"@id":"https:\/\/www.gossip.it\/news\/fabrizio-corona-evade-a-roma-per-spot\/#primaryimage"},"thumbnailUrl":"http:\/\/www.gossip.it\/images5\/1353928518_.jpg","keywords":["facebook","scandali","social","spot","tv"],"articleSection":["News"],"inLanguage":"it-IT"},{"@type":"WebPage","@id":"https:\/\/www.gossip.it\/news\/fabrizio-corona-evade-a-roma-per-spot\/","url":"https:\/\/www.gossip.it\/news\/fabrizio-corona-evade-a-roma-per-spot\/","name":"Fabrizio Corona, 'evade' a Roma. Per spot? - Gossip.it | News sul Gossip e VIP","isPartOf":{"@id":"https:\/\/www.gossip.it\/#website"},"primaryImageOfPage":{"@id":"https:\/\/www.gossip.it\/news\/fabrizio-corona-evade-a-roma-per-spot\/#primaryimage"},"image":{"@id":"https:\/\/www.gossip.it\/news\/fabrizio-corona-evade-a-roma-per-spot\/#primaryimage"},"thumbnailUrl":"http:\/\/www.gossip.it\/images5\/1353928518_.jpg","datePublished":"2012-11-25T23:00:00+00:00","dateModified":"2012-11-25T23:00:00+00:00","description":"Condannato a 3 anni e 10 mesi per reati fiscali, Fabrizio Corona \u00e8 stato affidato ai servizi sociali e ha l'obbligo di dimora. Non pu\u00f2 allontanarsi da","breadcrumb":{"@id":"https:\/\/www.gossip.it\/news\/fabrizio-corona-evade-a-roma-per-spot\/#breadcrumb"},"inLanguage":"it-IT","potentialAction":[{"@type":"ReadAction","target":["https:\/\/www.gossip.it\/news\/fabrizio-corona-evade-a-roma-per-spot\/"]}]},{"@type":"ImageObject","inLanguage":"it-IT","@id":"https:\/\/www.gossip.it\/news\/fabrizio-corona-evade-a-roma-per-spot\/#primaryimage","url":"http:\/\/www.gossip.it\/images5\/1353928518_.jpg","contentUrl":"http:\/\/www.gossip.it\/images5\/1353928518_.jpg"},{"@type":"BreadcrumbList","@id":"https:\/\/www.gossip.it\/news\/fabrizio-corona-evade-a-roma-per-spot\/#breadcrumb","itemListElement":[{"@type":"ListItem","position":1,"name":"Home","item":"https:\/\/www.gossip.it\/"},{"@type":"ListItem","position":2,"name":"Fabrizio Corona, 'evade' a Roma. Per spot?"}]},{"@type":"WebSite","@id":"https:\/\/www.gossip.it\/#website","url":"https:\/\/www.gossip.it\/","name":"Gossip and VIP News","description":"Quotidiano di cronaca rosa, costume e societ\u00e0","publisher":{"@id":"https:\/\/www.gossip.it\/#organization"},"alternateName":"Gossip and VIP News","potentialAction":[{"@type":"SearchAction","target":{"@type":"EntryPoint","urlTemplate":"https:\/\/www.gossip.it\/?s={search_term_string}"},"query-input":{"@type":"PropertyValueSpecification","valueRequired":true,"valueName":"search_term_string"}}],"inLanguage":"it-IT"},{"@type":"Organization","@id":"https:\/\/www.gossip.it\/#organization","name":"Gossip and VIP News","alternateName":"Gossip News","url":"https:\/\/www.gossip.it\/","logo":{"@type":"ImageObject","inLanguage":"it-IT","@id":"https:\/\/www.gossip.it\/#\/schema\/logo\/image\/","url":"https:\/\/www.gossip.it\/wp-content\/uploads\/2022\/04\/cropped-corna-alta-tiny.png","contentUrl":"https:\/\/www.gossip.it\/wp-content\/uploads\/2022\/04\/cropped-corna-alta-tiny.png","width":512,"height":512,"caption":"Gossip and VIP News"},"image":{"@id":"https:\/\/www.gossip.it\/#\/schema\/logo\/image\/"},"sameAs":["https:\/\/www.facebook.com\/GossipIT","https:\/\/x.com\/gossinews_it","https:\/\/instagram.com\/gossip_it"]},{"@type":"Person","@id":"https:\/\/www.gossip.it\/#\/schema\/person\/488896f75158bff1cc83c6c39d141110","name":"La Redazione","image":{"@type":"ImageObject","inLanguage":"it-IT","@id":"https:\/\/www.gossip.it\/#\/schema\/person\/image\/","url":"https:\/\/secure.gravatar.com\/avatar\/5a5f5c6fa3e6700e4249abdad0263a1e94e927d9e0499b1cb09c1cd29c044d80?s=96&d=mm&r=g","contentUrl":"https:\/\/secure.gravatar.com\/avatar\/5a5f5c6fa3e6700e4249abdad0263a1e94e927d9e0499b1cb09c1cd29c044d80?s=96&d=mm&r=g","caption":"La Redazione"},"sameAs":["https:\/\/www.gossip.it"]}]}},"amp_enabled":true,"_links":{"self":[{"href":"https:\/\/www.gossip.it\/api\/wp\/v2\/posts\/35997","targetHints":{"allow":["GET"]}}],"collection":[{"href":"https:\/\/www.gossip.it\/api\/wp\/v2\/posts"}],"about":[{"href":"https:\/\/www.gossip.it\/api\/wp\/v2\/types\/post"}],"author":[{"embeddable":true,"href":"https:\/\/www.gossip.it\/api\/wp\/v2\/users\/1"}],"replies":[{"embeddable":true,"href":"https:\/\/www.gossip.it\/api\/wp\/v2\/comments?post=35997"}],"version-history":[{"count":0,"href":"https:\/\/www.gossip.it\/api\/wp\/v2\/posts\/35997\/revisions"}],"wp:featuredmedia":[{"embeddable":true,"href":"https:\/\/www.gossip.it\/api\/wp\/v2\/media\/92043"}],"wp:attachment":[{"href":"https:\/\/www.gossip.it\/api\/wp\/v2\/media?parent=35997"}],"wp:term":[{"taxonomy":"category","embeddable":true,"href":"https:\/\/www.gossip.it\/api\/wp\/v2\/categories?post=35997"},{"taxonomy":"post_tag","embeddable":true,"href":"https:\/\/www.gossip.it\/api\/wp\/v2\/tags?post=35997"},{"taxonomy":"vip","embeddable":true,"href":"https:\/\/www.gossip.it\/api\/wp\/v2\/vip?post=35997"}],"curies":[{"name":"wp","href":"https:\/\/api.w.org\/{rel}","templated":true}]}}