{"id":36055,"date":"2012-11-28T00:00:00","date_gmt":"2012-11-27T23:00:00","guid":{"rendered":"https:\/\/www.gossip.it\/senza-categoria\/gli-addobbi-natalizi-di-caterina-balivo\/"},"modified":"2012-11-28T00:00:00","modified_gmt":"2012-11-27T23:00:00","slug":"gli-addobbi-natalizi-di-caterina-balivo","status":"publish","type":"post","link":"https:\/\/www.gossip.it\/news\/gli-addobbi-natalizi-di-caterina-balivo\/","title":{"rendered":"Gli addobbi natalizi di Caterina Balivo"},"content":{"rendered":"<p><b>Manca poco pi\u00f9 di una settimana al fatidico 8 dicembre<\/b>. Il giorno deputato per gli addobbi natalizi. Qualcuno per\u00f2 si sta gi\u00e0 dando un bel gran da fare. Come <a href=\"http:\/\/www.gossip.it\/news\/monografia.php?keyword=Caterina Balivo\">Caterina Balivo<\/a>: sul suo blog la star della tv pubblica le foto che la ritraggono  mentre \u00e8 impegnatissima a trasformare la casa dove vive in una vera e propria magione natalizia.<\/p>\n<p><b>Per il piccolo <b>Guido Alberto<\/b>, primogenito della conduttrice, frutto dell'amore con il compagno <b>Guido Maria Brera<\/b>, sar\u00e0 il primo <b>Natale<\/b><\/b>. Da brava mammina, Cate vuole che sia tutto perfetto per il suo piccolino e sul blog scrive: <em>\"Natale 2012 si avvicina e quest\u2019 anno voglio che la casa sia tutta addobbata e colorata! <b>A GA piacciono tanto i colori come le lucette per questo, per i suo primo Natale, voglio tutto super bello per lui<\/b>. Un suggerimento che do a tutte le mamme pi\u00f9 luci ci sono e pi\u00f9 canzoni belle come quelle natalizie e pi\u00f9 vostro figlio vivr\u00e0 la magia del Natale. Non volevo mille oggetti natalizi che poi puntualmente vanno in cantina\u2026 Per questo ho puntato sugli stickers\"<\/em>. Eccola cos\u00ec mentre attacca coccarde alle finestre e slitte rosse sui muri. Poi una piccola variazione sul tema. La Balivo attacca un adesivo sulla porta della toilette: <em>\"Con il Natale c\u2019entra poco\u2026 Ma mi divertiva mettere questo stickers sulla porta del bagno (quello del mio compagno\u2026 perch\u00e9 il mio \u00e8 solo mio!)\"<\/em>. Messaggio chiaro e forte.<\/p>\n","protected":false},"excerpt":{"rendered":"<p>Manca poco pi\u00f9 di una settimana al fatidico 8 dicembre. Il giorno deputato per gli addobbi natalizi. Qualcuno per\u00f2 si sta gi\u00e0 dando un bel gran da fare. Come Caterina Balivo: sul suo blog la star della tv pubblica le foto che la ritraggono mentre \u00e8 impegnatissima a trasformare la casa dove vive in una [&hellip;]<\/p>\n","protected":false},"author":1,"featured_media":92101,"comment_status":"closed","ping_status":"closed","sticky":false,"template":"","format":"standard","meta":{"footnotes":""},"categories":[54],"tags":[12004,7312,3297,11032,6984,39661,1923,2097,7346],"vip":[466],"class_list":["post-36055","post","type-post","status-publish","format-standard","has-post-thumbnail","hentry","category-news","tag-addobbi","tag-blog","tag-gossip-tv","tag-guido-alberto","tag-guido-maria-brera","tag-ntale","tag-social","tag-tv","tag-twitter","vip-caterina_balivo"],"yoast_head":"<title>Gli addobbi natalizi di Caterina Balivo - Gossip.it | News sul Gossip e VIP<\/title>\n<meta name=\"description\" content=\"Manca poco pi\u00f9 di una settimana al fatidico 8 dicembre. Il giorno deputato per gli addobbi natalizi. Qualcuno per\u00f2 si sta gi\u00e0 dando un bel gran da fare.\" \/>\n<meta name=\"robots\" content=\"index, follow, max-snippet:-1, max-image-preview:large, max-video-preview:-1\" \/>\n<link rel=\"canonical\" href=\"https:\/\/www.gossip.it\/news\/gli-addobbi-natalizi-di-caterina-balivo\/\" \/>\n<meta property=\"og:locale\" content=\"it_IT\" \/>\n<meta property=\"og:type\" content=\"article\" \/>\n<meta property=\"og:title\" content=\"Gli addobbi natalizi di Caterina Balivo - Gossip.it | News sul Gossip e VIP\" \/>\n<meta property=\"og:description\" content=\"Manca poco pi\u00f9 di una settimana al fatidico 8 dicembre. Il giorno deputato per gli addobbi natalizi. Qualcuno per\u00f2 si sta gi\u00e0 dando un bel gran da fare.\" \/>\n<meta property=\"og:url\" content=\"https:\/\/www.gossip.it\/news\/gli-addobbi-natalizi-di-caterina-balivo\/\" \/>\n<meta property=\"og:site_name\" content=\"Gossip.it | News sul Gossip e VIP\" \/>\n<meta property=\"article:publisher\" content=\"https:\/\/www.facebook.com\/GossipIT\" \/>\n<meta property=\"article:published_time\" content=\"2012-11-27T23:00:00+00:00\" \/>\n<meta property=\"og:image\" content=\"http:\/\/www.gossip.it\/images5\/1354101124_.jpg\" \/>\n<meta name=\"author\" content=\"La Redazione\" \/>\n<meta name=\"twitter:card\" content=\"summary_large_image\" \/>\n<meta name=\"twitter:image\" content=\"http:\/\/www.gossip.it\/images5\/1354101124_.jpg\" \/>\n<meta name=\"twitter:creator\" content=\"@gossinews_it\" \/>\n<meta name=\"twitter:site\" content=\"@gossinews_it\" \/>\n<meta name=\"twitter:label1\" content=\"Scritto da\" \/>\n\t<meta name=\"twitter:data1\" content=\"Francesca Romana Domenici\" \/>\n\t<meta name=\"twitter:label2\" content=\"Tempo di lettura stimato\" \/>\n\t<meta name=\"twitter:data2\" content=\"1 minuto\" \/>","yoast_head_json":{"title":"Gli addobbi natalizi di Caterina Balivo - Gossip.it | News sul Gossip e VIP","description":"Manca poco pi\u00f9 di una settimana al fatidico 8 dicembre. Il giorno deputato per gli addobbi natalizi. Qualcuno per\u00f2 si sta gi\u00e0 dando un bel gran da fare.","robots":{"index":"index","follow":"follow","max-snippet":"max-snippet:-1","max-image-preview":"max-image-preview:large","max-video-preview":"max-video-preview:-1"},"canonical":"https:\/\/www.gossip.it\/news\/gli-addobbi-natalizi-di-caterina-balivo\/","og_locale":"it_IT","og_type":"article","og_title":"Gli addobbi natalizi di Caterina Balivo - Gossip.it | News sul Gossip e VIP","og_description":"Manca poco pi\u00f9 di una settimana al fatidico 8 dicembre. Il giorno deputato per gli addobbi natalizi. Qualcuno per\u00f2 si sta gi\u00e0 dando un bel gran da fare.","og_url":"https:\/\/www.gossip.it\/news\/gli-addobbi-natalizi-di-caterina-balivo\/","og_site_name":"Gossip.it | News sul Gossip e VIP","article_publisher":"https:\/\/www.facebook.com\/GossipIT","article_published_time":"2012-11-27T23:00:00+00:00","og_image":[{"url":"http:\/\/www.gossip.it\/images5\/1354101124_.jpg"}],"author":"La Redazione","twitter_card":"summary_large_image","twitter_image":"http:\/\/www.gossip.it\/images5\/1354101124_.jpg","twitter_creator":"@gossinews_it","twitter_site":"@gossinews_it","twitter_misc":{"Scritto da":"Francesca Romana Domenici","Tempo di lettura stimato":"1 minuto"},"schema":{"@context":"https:\/\/schema.org","@graph":[{"@type":"Article","@id":"https:\/\/www.gossip.it\/news\/gli-addobbi-natalizi-di-caterina-balivo\/#article","isPartOf":{"@id":"https:\/\/www.gossip.it\/news\/gli-addobbi-natalizi-di-caterina-balivo\/"},"author":{"name":"La Redazione","@id":"https:\/\/www.gossip.it\/#\/schema\/person\/488896f75158bff1cc83c6c39d141110"},"headline":"Gli addobbi natalizi di Caterina Balivo","datePublished":"2012-11-27T23:00:00+00:00","dateModified":"2012-11-27T23:00:00+00:00","mainEntityOfPage":{"@id":"https:\/\/www.gossip.it\/news\/gli-addobbi-natalizi-di-caterina-balivo\/"},"wordCount":240,"publisher":{"@id":"https:\/\/www.gossip.it\/#organization"},"image":{"@id":"https:\/\/www.gossip.it\/news\/gli-addobbi-natalizi-di-caterina-balivo\/#primaryimage"},"thumbnailUrl":"http:\/\/www.gossip.it\/images5\/1354101124_.jpg","keywords":["addobbi","blog","gossip.tv","guido alberto","guido maria brera","ntale","social","tv","twitter"],"articleSection":["News"],"inLanguage":"it-IT"},{"@type":"WebPage","@id":"https:\/\/www.gossip.it\/news\/gli-addobbi-natalizi-di-caterina-balivo\/","url":"https:\/\/www.gossip.it\/news\/gli-addobbi-natalizi-di-caterina-balivo\/","name":"Gli addobbi natalizi di Caterina Balivo - Gossip.it | News sul Gossip e VIP","isPartOf":{"@id":"https:\/\/www.gossip.it\/#website"},"primaryImageOfPage":{"@id":"https:\/\/www.gossip.it\/news\/gli-addobbi-natalizi-di-caterina-balivo\/#primaryimage"},"image":{"@id":"https:\/\/www.gossip.it\/news\/gli-addobbi-natalizi-di-caterina-balivo\/#primaryimage"},"thumbnailUrl":"http:\/\/www.gossip.it\/images5\/1354101124_.jpg","datePublished":"2012-11-27T23:00:00+00:00","dateModified":"2012-11-27T23:00:00+00:00","description":"Manca poco pi\u00f9 di una settimana al fatidico 8 dicembre. Il giorno deputato per gli addobbi natalizi. Qualcuno per\u00f2 si sta gi\u00e0 dando un bel gran da fare.","breadcrumb":{"@id":"https:\/\/www.gossip.it\/news\/gli-addobbi-natalizi-di-caterina-balivo\/#breadcrumb"},"inLanguage":"it-IT","potentialAction":[{"@type":"ReadAction","target":["https:\/\/www.gossip.it\/news\/gli-addobbi-natalizi-di-caterina-balivo\/"]}]},{"@type":"ImageObject","inLanguage":"it-IT","@id":"https:\/\/www.gossip.it\/news\/gli-addobbi-natalizi-di-caterina-balivo\/#primaryimage","url":"http:\/\/www.gossip.it\/images5\/1354101124_.jpg","contentUrl":"http:\/\/www.gossip.it\/images5\/1354101124_.jpg"},{"@type":"BreadcrumbList","@id":"https:\/\/www.gossip.it\/news\/gli-addobbi-natalizi-di-caterina-balivo\/#breadcrumb","itemListElement":[{"@type":"ListItem","position":1,"name":"Home","item":"https:\/\/www.gossip.it\/"},{"@type":"ListItem","position":2,"name":"Gli addobbi natalizi di Caterina Balivo"}]},{"@type":"WebSite","@id":"https:\/\/www.gossip.it\/#website","url":"https:\/\/www.gossip.it\/","name":"Gossip and VIP News","description":"Quotidiano di cronaca rosa, costume e societ\u00e0","publisher":{"@id":"https:\/\/www.gossip.it\/#organization"},"alternateName":"Gossip and VIP News","potentialAction":[{"@type":"SearchAction","target":{"@type":"EntryPoint","urlTemplate":"https:\/\/www.gossip.it\/?s={search_term_string}"},"query-input":{"@type":"PropertyValueSpecification","valueRequired":true,"valueName":"search_term_string"}}],"inLanguage":"it-IT"},{"@type":"Organization","@id":"https:\/\/www.gossip.it\/#organization","name":"Gossip and VIP News","alternateName":"Gossip News","url":"https:\/\/www.gossip.it\/","logo":{"@type":"ImageObject","inLanguage":"it-IT","@id":"https:\/\/www.gossip.it\/#\/schema\/logo\/image\/","url":"https:\/\/www.gossip.it\/wp-content\/uploads\/2022\/04\/cropped-corna-alta-tiny.png","contentUrl":"https:\/\/www.gossip.it\/wp-content\/uploads\/2022\/04\/cropped-corna-alta-tiny.png","width":512,"height":512,"caption":"Gossip and VIP News"},"image":{"@id":"https:\/\/www.gossip.it\/#\/schema\/logo\/image\/"},"sameAs":["https:\/\/www.facebook.com\/GossipIT","https:\/\/x.com\/gossinews_it","https:\/\/instagram.com\/gossip_it"]},{"@type":"Person","@id":"https:\/\/www.gossip.it\/#\/schema\/person\/488896f75158bff1cc83c6c39d141110","name":"La Redazione","image":{"@type":"ImageObject","inLanguage":"it-IT","@id":"https:\/\/www.gossip.it\/#\/schema\/person\/image\/","url":"https:\/\/secure.gravatar.com\/avatar\/5a5f5c6fa3e6700e4249abdad0263a1e94e927d9e0499b1cb09c1cd29c044d80?s=96&d=mm&r=g","contentUrl":"https:\/\/secure.gravatar.com\/avatar\/5a5f5c6fa3e6700e4249abdad0263a1e94e927d9e0499b1cb09c1cd29c044d80?s=96&d=mm&r=g","caption":"La Redazione"},"sameAs":["https:\/\/www.gossip.it"]}]}},"amp_enabled":true,"_links":{"self":[{"href":"https:\/\/www.gossip.it\/api\/wp\/v2\/posts\/36055","targetHints":{"allow":["GET"]}}],"collection":[{"href":"https:\/\/www.gossip.it\/api\/wp\/v2\/posts"}],"about":[{"href":"https:\/\/www.gossip.it\/api\/wp\/v2\/types\/post"}],"author":[{"embeddable":true,"href":"https:\/\/www.gossip.it\/api\/wp\/v2\/users\/1"}],"replies":[{"embeddable":true,"href":"https:\/\/www.gossip.it\/api\/wp\/v2\/comments?post=36055"}],"version-history":[{"count":0,"href":"https:\/\/www.gossip.it\/api\/wp\/v2\/posts\/36055\/revisions"}],"wp:featuredmedia":[{"embeddable":true,"href":"https:\/\/www.gossip.it\/api\/wp\/v2\/media\/92101"}],"wp:attachment":[{"href":"https:\/\/www.gossip.it\/api\/wp\/v2\/media?parent=36055"}],"wp:term":[{"taxonomy":"category","embeddable":true,"href":"https:\/\/www.gossip.it\/api\/wp\/v2\/categories?post=36055"},{"taxonomy":"post_tag","embeddable":true,"href":"https:\/\/www.gossip.it\/api\/wp\/v2\/tags?post=36055"},{"taxonomy":"vip","embeddable":true,"href":"https:\/\/www.gossip.it\/api\/wp\/v2\/vip?post=36055"}],"curies":[{"name":"wp","href":"https:\/\/api.w.org\/{rel}","templated":true}]}}