{"id":36120,"date":"2012-11-30T00:00:00","date_gmt":"2012-11-29T23:00:00","guid":{"rendered":"https:\/\/www.gossip.it\/senza-categoria\/stephan-el-shaarawy-pizzicato-con-la-bionda\/"},"modified":"2012-11-30T00:00:00","modified_gmt":"2012-11-29T23:00:00","slug":"stephan-el-shaarawy-pizzicato-con-la-bionda","status":"publish","type":"post","link":"https:\/\/www.gossip.it\/news\/stephan-el-shaarawy-pizzicato-con-la-bionda\/","title":{"rendered":"Stephan El Shaarawy pizzicato con la bionda"},"content":{"rendered":"<p>Capocannoniere del campionato di serie A, non fa rimpiangere ai milanisti il genio di <a href=\"http:\/\/www.gossip.it\/news\/monografia.php?keyword=Ibrahimovic\">Ibrahimovic<\/a>, venduto durante il calciomercato estivo al Psg. <a href=\"http:\/\/www.gossip.it\/news\/monografia.php?keyword=Stephan El Shaarawy\">Stephan El Shaarawy<\/a>, 20 anni, mette <em>'la cresta'<\/em> in tutti i gol del diavolo, in forte ripresa. <a href=\"http:\/\/www.gossip.it\/news\/monografia.php?keyword=Silvio Berlusconi\">Silvio Berlusconi<\/a>, nonostante l'abbia pregato di cambiare taglio di capelli, lo adora. Il giovanissimo se la gode e si prende pure la nazionale azzurra. Nelle questioni di cuore, invece, preferisce la privacy...<\/p>\n<p>Il <em>Faraone<\/em>, soprannome che ormai si porta dietro da molto per le sue origini egiziane (suo padre \u00e8 egiziano e sua madre \u00e8 italiana), in passato si era detto fosse molto vicino a <a href=\"http:\/\/www.gossip.it\/news\/monografia.php?keyword=Eliana Cartella\">Eliana Cartella<\/a>, ex di <a href=\"http:\/\/www.gossip.it\/news\/monografia.php?keyword=Renzo Bossi\">Renzo Bossi<\/a>. Per le vie del centro di Milano, per\u00f2, non \u00e8 stato sorpreso con quella bionda, ma con un'altra. Capelli lunghi e look casual, la ragazza ha sorriso ai paparazzi, il <a href=\"http:\/\/www.gossip.it\/news\/monografia.php?keyword=calciatore\">calciatore<\/a> un po' meno. Prima ha cercato di seminarli, poi, non riuscendoci, si \u00e8 arrabbiato. Shopping interrotto bruscamente e muso lungo. Anche se il rossonero dovr\u00e0 abituarsi ai pedinamenti, ormai \u00e8 una celebrit\u00e0.<\/p>\n","protected":false},"excerpt":{"rendered":"<p>Capocannoniere del campionato di serie A, non fa rimpiangere ai milanisti il genio di Ibrahimovic, venduto durante il calciomercato estivo al Psg. Stephan El Shaarawy, 20 anni, mette 'la cresta' in tutti i gol del diavolo, in forte ripresa. Silvio Berlusconi, nonostante l'abbia pregato di cambiare taglio di capelli, lo adora. Il giovanissimo se la [&hellip;]<\/p>\n","protected":false},"author":1,"featured_media":92166,"comment_status":"closed","ping_status":"closed","sticky":false,"template":"","format":"standard","meta":{"footnotes":""},"categories":[54],"tags":[2218,5064,5639,8043,5281,2568,2682,39863],"vip":[],"class_list":["post-36120","post","type-post","status-publish","format-standard","has-post-thumbnail","hentry","category-news","tag-calciatore","tag-giocatore","tag-milan","tag-nazionale","tag-paparazzate","tag-protagonisti","tag-sport","tag-stephan-el-sharaawy"],"yoast_head":"<title>Stephan El Shaarawy pizzicato con la bionda - Gossip.it | News sul Gossip e VIP<\/title>\n<meta name=\"description\" content=\"Capocannoniere del campionato di serie A, non fa rimpiangere ai milanisti il genio di Ibrahimovic, venduto durante il calciomercato estivo al Psg. Stephan\" \/>\n<meta name=\"robots\" content=\"index, follow, max-snippet:-1, max-image-preview:large, max-video-preview:-1\" \/>\n<link rel=\"canonical\" href=\"https:\/\/www.gossip.it\/news\/stephan-el-shaarawy-pizzicato-con-la-bionda\/\" \/>\n<meta property=\"og:locale\" content=\"it_IT\" \/>\n<meta property=\"og:type\" content=\"article\" \/>\n<meta property=\"og:title\" content=\"Stephan El Shaarawy pizzicato con la bionda - Gossip.it | News sul Gossip e VIP\" \/>\n<meta property=\"og:description\" content=\"Capocannoniere del campionato di serie A, non fa rimpiangere ai milanisti il genio di Ibrahimovic, venduto durante il calciomercato estivo al Psg. Stephan\" \/>\n<meta property=\"og:url\" content=\"https:\/\/www.gossip.it\/news\/stephan-el-shaarawy-pizzicato-con-la-bionda\/\" \/>\n<meta property=\"og:site_name\" content=\"Gossip.it | News sul Gossip e VIP\" \/>\n<meta property=\"article:publisher\" content=\"https:\/\/www.facebook.com\/GossipIT\" \/>\n<meta property=\"article:published_time\" content=\"2012-11-29T23:00:00+00:00\" \/>\n<meta property=\"og:image\" content=\"http:\/\/www.gossip.it\/images5\/1354281050_.jpg\" \/>\n<meta name=\"author\" content=\"La Redazione\" \/>\n<meta name=\"twitter:card\" content=\"summary_large_image\" \/>\n<meta name=\"twitter:image\" content=\"http:\/\/www.gossip.it\/images5\/1354281050_.jpg\" \/>\n<meta name=\"twitter:creator\" content=\"@gossinews_it\" \/>\n<meta name=\"twitter:site\" content=\"@gossinews_it\" \/>\n<meta name=\"twitter:label1\" content=\"Scritto da\" \/>\n\t<meta name=\"twitter:data1\" content=\"Annamaria Capozzi\" \/>\n\t<meta name=\"twitter:label2\" content=\"Tempo di lettura stimato\" \/>\n\t<meta name=\"twitter:data2\" content=\"1 minuto\" \/>","yoast_head_json":{"title":"Stephan El Shaarawy pizzicato con la bionda - Gossip.it | News sul Gossip e VIP","description":"Capocannoniere del campionato di serie A, non fa rimpiangere ai milanisti il genio di Ibrahimovic, venduto durante il calciomercato estivo al Psg. Stephan","robots":{"index":"index","follow":"follow","max-snippet":"max-snippet:-1","max-image-preview":"max-image-preview:large","max-video-preview":"max-video-preview:-1"},"canonical":"https:\/\/www.gossip.it\/news\/stephan-el-shaarawy-pizzicato-con-la-bionda\/","og_locale":"it_IT","og_type":"article","og_title":"Stephan El Shaarawy pizzicato con la bionda - Gossip.it | News sul Gossip e VIP","og_description":"Capocannoniere del campionato di serie A, non fa rimpiangere ai milanisti il genio di Ibrahimovic, venduto durante il calciomercato estivo al Psg. Stephan","og_url":"https:\/\/www.gossip.it\/news\/stephan-el-shaarawy-pizzicato-con-la-bionda\/","og_site_name":"Gossip.it | News sul Gossip e VIP","article_publisher":"https:\/\/www.facebook.com\/GossipIT","article_published_time":"2012-11-29T23:00:00+00:00","og_image":[{"url":"http:\/\/www.gossip.it\/images5\/1354281050_.jpg"}],"author":"La Redazione","twitter_card":"summary_large_image","twitter_image":"http:\/\/www.gossip.it\/images5\/1354281050_.jpg","twitter_creator":"@gossinews_it","twitter_site":"@gossinews_it","twitter_misc":{"Scritto da":"Annamaria Capozzi","Tempo di lettura stimato":"1 minuto"},"schema":{"@context":"https:\/\/schema.org","@graph":[{"@type":"Article","@id":"https:\/\/www.gossip.it\/news\/stephan-el-shaarawy-pizzicato-con-la-bionda\/#article","isPartOf":{"@id":"https:\/\/www.gossip.it\/news\/stephan-el-shaarawy-pizzicato-con-la-bionda\/"},"author":{"name":"La Redazione","@id":"https:\/\/www.gossip.it\/#\/schema\/person\/488896f75158bff1cc83c6c39d141110"},"headline":"Stephan El Shaarawy pizzicato con la bionda","datePublished":"2012-11-29T23:00:00+00:00","dateModified":"2012-11-29T23:00:00+00:00","mainEntityOfPage":{"@id":"https:\/\/www.gossip.it\/news\/stephan-el-shaarawy-pizzicato-con-la-bionda\/"},"wordCount":176,"publisher":{"@id":"https:\/\/www.gossip.it\/#organization"},"image":{"@id":"https:\/\/www.gossip.it\/news\/stephan-el-shaarawy-pizzicato-con-la-bionda\/#primaryimage"},"thumbnailUrl":"http:\/\/www.gossip.it\/images5\/1354281050_.jpg","keywords":["calciatore","giocatore","milan","nazionale","paparazzate","protagonisti","sport","stephan el sharaawy"],"articleSection":["News"],"inLanguage":"it-IT"},{"@type":"WebPage","@id":"https:\/\/www.gossip.it\/news\/stephan-el-shaarawy-pizzicato-con-la-bionda\/","url":"https:\/\/www.gossip.it\/news\/stephan-el-shaarawy-pizzicato-con-la-bionda\/","name":"Stephan El Shaarawy pizzicato con la bionda - Gossip.it | News sul Gossip e VIP","isPartOf":{"@id":"https:\/\/www.gossip.it\/#website"},"primaryImageOfPage":{"@id":"https:\/\/www.gossip.it\/news\/stephan-el-shaarawy-pizzicato-con-la-bionda\/#primaryimage"},"image":{"@id":"https:\/\/www.gossip.it\/news\/stephan-el-shaarawy-pizzicato-con-la-bionda\/#primaryimage"},"thumbnailUrl":"http:\/\/www.gossip.it\/images5\/1354281050_.jpg","datePublished":"2012-11-29T23:00:00+00:00","dateModified":"2012-11-29T23:00:00+00:00","description":"Capocannoniere del campionato di serie A, non fa rimpiangere ai milanisti il genio di Ibrahimovic, venduto durante il calciomercato estivo al Psg. Stephan","breadcrumb":{"@id":"https:\/\/www.gossip.it\/news\/stephan-el-shaarawy-pizzicato-con-la-bionda\/#breadcrumb"},"inLanguage":"it-IT","potentialAction":[{"@type":"ReadAction","target":["https:\/\/www.gossip.it\/news\/stephan-el-shaarawy-pizzicato-con-la-bionda\/"]}]},{"@type":"ImageObject","inLanguage":"it-IT","@id":"https:\/\/www.gossip.it\/news\/stephan-el-shaarawy-pizzicato-con-la-bionda\/#primaryimage","url":"http:\/\/www.gossip.it\/images5\/1354281050_.jpg","contentUrl":"http:\/\/www.gossip.it\/images5\/1354281050_.jpg"},{"@type":"BreadcrumbList","@id":"https:\/\/www.gossip.it\/news\/stephan-el-shaarawy-pizzicato-con-la-bionda\/#breadcrumb","itemListElement":[{"@type":"ListItem","position":1,"name":"Home","item":"https:\/\/www.gossip.it\/"},{"@type":"ListItem","position":2,"name":"Stephan El Shaarawy pizzicato con la bionda"}]},{"@type":"WebSite","@id":"https:\/\/www.gossip.it\/#website","url":"https:\/\/www.gossip.it\/","name":"Gossip and VIP News","description":"Quotidiano di cronaca rosa, costume e societ\u00e0","publisher":{"@id":"https:\/\/www.gossip.it\/#organization"},"alternateName":"Gossip and VIP News","potentialAction":[{"@type":"SearchAction","target":{"@type":"EntryPoint","urlTemplate":"https:\/\/www.gossip.it\/?s={search_term_string}"},"query-input":{"@type":"PropertyValueSpecification","valueRequired":true,"valueName":"search_term_string"}}],"inLanguage":"it-IT"},{"@type":"Organization","@id":"https:\/\/www.gossip.it\/#organization","name":"Gossip and VIP News","alternateName":"Gossip News","url":"https:\/\/www.gossip.it\/","logo":{"@type":"ImageObject","inLanguage":"it-IT","@id":"https:\/\/www.gossip.it\/#\/schema\/logo\/image\/","url":"https:\/\/www.gossip.it\/wp-content\/uploads\/2022\/04\/cropped-corna-alta-tiny.png","contentUrl":"https:\/\/www.gossip.it\/wp-content\/uploads\/2022\/04\/cropped-corna-alta-tiny.png","width":512,"height":512,"caption":"Gossip and VIP News"},"image":{"@id":"https:\/\/www.gossip.it\/#\/schema\/logo\/image\/"},"sameAs":["https:\/\/www.facebook.com\/GossipIT","https:\/\/x.com\/gossinews_it","https:\/\/instagram.com\/gossip_it"]},{"@type":"Person","@id":"https:\/\/www.gossip.it\/#\/schema\/person\/488896f75158bff1cc83c6c39d141110","name":"La Redazione","image":{"@type":"ImageObject","inLanguage":"it-IT","@id":"https:\/\/www.gossip.it\/#\/schema\/person\/image\/","url":"https:\/\/secure.gravatar.com\/avatar\/5a5f5c6fa3e6700e4249abdad0263a1e94e927d9e0499b1cb09c1cd29c044d80?s=96&d=mm&r=g","contentUrl":"https:\/\/secure.gravatar.com\/avatar\/5a5f5c6fa3e6700e4249abdad0263a1e94e927d9e0499b1cb09c1cd29c044d80?s=96&d=mm&r=g","caption":"La Redazione"},"sameAs":["https:\/\/www.gossip.it"]}]}},"amp_enabled":true,"_links":{"self":[{"href":"https:\/\/www.gossip.it\/api\/wp\/v2\/posts\/36120","targetHints":{"allow":["GET"]}}],"collection":[{"href":"https:\/\/www.gossip.it\/api\/wp\/v2\/posts"}],"about":[{"href":"https:\/\/www.gossip.it\/api\/wp\/v2\/types\/post"}],"author":[{"embeddable":true,"href":"https:\/\/www.gossip.it\/api\/wp\/v2\/users\/1"}],"replies":[{"embeddable":true,"href":"https:\/\/www.gossip.it\/api\/wp\/v2\/comments?post=36120"}],"version-history":[{"count":0,"href":"https:\/\/www.gossip.it\/api\/wp\/v2\/posts\/36120\/revisions"}],"wp:featuredmedia":[{"embeddable":true,"href":"https:\/\/www.gossip.it\/api\/wp\/v2\/media\/92166"}],"wp:attachment":[{"href":"https:\/\/www.gossip.it\/api\/wp\/v2\/media?parent=36120"}],"wp:term":[{"taxonomy":"category","embeddable":true,"href":"https:\/\/www.gossip.it\/api\/wp\/v2\/categories?post=36120"},{"taxonomy":"post_tag","embeddable":true,"href":"https:\/\/www.gossip.it\/api\/wp\/v2\/tags?post=36120"},{"taxonomy":"vip","embeddable":true,"href":"https:\/\/www.gossip.it\/api\/wp\/v2\/vip?post=36120"}],"curies":[{"name":"wp","href":"https:\/\/api.w.org\/{rel}","templated":true}]}}