{"id":36143,"date":"2012-12-03T00:00:00","date_gmt":"2012-12-02T23:00:00","guid":{"rendered":"https:\/\/www.gossip.it\/senza-categoria\/emilio-fede-ruby-era-brutta-e-puzzava\/"},"modified":"2012-12-03T00:00:00","modified_gmt":"2012-12-02T23:00:00","slug":"emilio-fede-ruby-era-brutta-e-puzzava","status":"publish","type":"post","link":"https:\/\/www.gossip.it\/news\/emilio-fede-ruby-era-brutta-e-puzzava\/","title":{"rendered":"Emilio Fede: &quot;Ruby? Era brutta e puzzava&quot;"},"content":{"rendered":"<p><a href=\"http:\/\/www.gossip.it\/news\/monografia.php?keyword=Emilio Fede\">Emilio Fede<\/a> \u00e8 chiaro in aula. Nella sua testimonianza al processo sul caso <a href=\"http:\/\/www.gossip.it\/news\/monografia.php?keyword=Ruby\">Ruby<\/a> che vede imputato <a href=\"http:\/\/www.gossip.it\/news\/monografia.php?keyword=Silvio Berlusconi\">Silvio Berlusconi<\/a>, l'ex direttore del <b>Tg4<\/b> parla di <a href=\"http:\/\/www.gossip.it\/news\/monografia.php?keyword=Karima El Mahroug\">Karima El Mahroug<\/a>, incontrata per caso a un concorso di bellezza. <em>\"Non l'ho mai pi\u00f9 n\u00e8 vista n\u00e8 sentita fino al 14 febbraio, quando l'ho rivista ad Arcore<\/em> - ha spiegato il giornalista - <em>Mi sono chiesto chi l'avesse invitata, lei si \u00e8 avvicinata a me e mi ha detto che era quella ragazza egiziana del concorso ma io non la ricordavo affatto. La ritenevo inadeguata e mi \u00e8 stato detto che l'ha accompagnata quella sera ad Arcore <a href=\"http:\/\/www.gossip.it\/news\/monografia.php?keyword=Lele Mora\">Lele Mora<\/a>\"<\/em>.<br \/>\n<em>\"<b>Era brutta e aveva un cattivo odore e non ho mai saputo che era minorenne<\/b><\/em> - ha aggiunto Fede - <em><b>Non mi interessava perch\u00e8 la trovavo inadeguata e non era gradevole. L'ho vista complessivamente due volte ad Arcore. Non ho saputo l'et\u00e0 di questa ragazza, vedendola non mi sembrava minorenne. Lei diceva di avere 24 anni e di essere egiziana<\/b>\"<\/em>.<\/p>\n<p>Emilio ha anche parlato del rapporto dell'ex premier con le donne che partecipavano alle serate incriminate: <em>\"<b>Non ha mai baciato sulla bocca, n\u00e8 toccato nessuna ragazza in mia presenza durante le cene ad Arcore. Berlusconi non l'ho mai visto fare atti di trasgressione sessuale. Mai state nudit\u00e0 in mia presenza<\/b>\"<\/em>. Un ulteriore precisazione pure su <a href=\"http:\/\/www.gossip.it\/news\/monografia.php?keyword=Nicole Minetti\">Nicole Minetti<\/a>: <em>\"<b>Non si \u00e8 mai assolutamente denudata<\/b>\"<\/em>. Per l'ex anchor man a Villa San Martino solo cene in cui si parlava di politica, si leggevano le agenzie di stampa e si chiacchierava. Il <a href=\"http:\/\/www.gossip.it\/news\/monografia.php?keyword=Bunga Bunga\">Bunga Bunga<\/a> per lui \u00e8 mitologia.<\/p>\n<p>Foto: kikapress.com \u00a9 Gossip.it<\/p>\n","protected":false},"excerpt":{"rendered":"<p>Emilio Fede \u00e8 chiaro in aula. Nella sua testimonianza al processo sul caso Ruby che vede imputato Silvio Berlusconi, l'ex direttore del Tg4 parla di Karima El Mahroug, incontrata per caso a un concorso di bellezza. \"Non l'ho mai pi\u00f9 n\u00e8 vista n\u00e8 sentita fino al 14 febbraio, quando l'ho rivista ad Arcore - ha [&hellip;]<\/p>\n","protected":false},"author":1,"featured_media":92189,"comment_status":"closed","ping_status":"closed","sticky":false,"template":"","format":"standard","meta":{"footnotes":""},"categories":[54],"tags":[6456,5901,33625,34096,6907,6458,5840],"vip":[665,1036],"class_list":["post-36143","post","type-post","status-publish","format-standard","has-post-thumbnail","hentry","category-news","tag-bunga-bunga","tag-processo","tag-ruby","tag-rubygate","tag-scandali","tag-silvio-berlusconi","tag-tribunale","vip-emilio_fede","vip-karima_el_mahroug"],"yoast_head":"<title>Emilio Fede: &quot;Ruby? Era brutta e puzzava&quot; - Gossip.it | News sul Gossip e VIP<\/title>\n<meta name=\"description\" content=\"Emilio Fede \u00e8 chiaro in aula. Nella sua testimonianza al processo sul caso Ruby che vede imputato Silvio Berlusconi, l&#039;ex direttore del Tg4 parla di\" \/>\n<meta name=\"robots\" content=\"index, follow, max-snippet:-1, max-image-preview:large, max-video-preview:-1\" \/>\n<link rel=\"canonical\" href=\"https:\/\/www.gossip.it\/news\/emilio-fede-ruby-era-brutta-e-puzzava\/\" \/>\n<meta property=\"og:locale\" content=\"it_IT\" \/>\n<meta property=\"og:type\" content=\"article\" \/>\n<meta property=\"og:title\" content=\"Emilio Fede: &quot;Ruby? Era brutta e puzzava&quot; - Gossip.it | News sul Gossip e VIP\" \/>\n<meta property=\"og:description\" content=\"Emilio Fede \u00e8 chiaro in aula. Nella sua testimonianza al processo sul caso Ruby che vede imputato Silvio Berlusconi, l&#039;ex direttore del Tg4 parla di\" \/>\n<meta property=\"og:url\" content=\"https:\/\/www.gossip.it\/news\/emilio-fede-ruby-era-brutta-e-puzzava\/\" \/>\n<meta property=\"og:site_name\" content=\"Gossip.it | News sul Gossip e VIP\" \/>\n<meta property=\"article:publisher\" content=\"https:\/\/www.facebook.com\/GossipIT\" \/>\n<meta property=\"article:published_time\" content=\"2012-12-02T23:00:00+00:00\" \/>\n<meta property=\"og:image\" content=\"http:\/\/www.gossip.it\/images5\/1354539017_.jpg\" \/>\n<meta name=\"author\" content=\"La Redazione\" \/>\n<meta name=\"twitter:card\" content=\"summary_large_image\" \/>\n<meta name=\"twitter:image\" content=\"http:\/\/www.gossip.it\/images5\/1354539017_.jpg\" \/>\n<meta name=\"twitter:creator\" content=\"@gossinews_it\" \/>\n<meta name=\"twitter:site\" content=\"@gossinews_it\" \/>\n<meta name=\"twitter:label1\" content=\"Scritto da\" \/>\n\t<meta name=\"twitter:data1\" content=\"La Redazione\" \/>\n\t<meta name=\"twitter:label2\" content=\"Tempo di lettura stimato\" \/>\n\t<meta name=\"twitter:data2\" content=\"1 minuto\" \/>","yoast_head_json":{"title":"Emilio Fede: &quot;Ruby? Era brutta e puzzava&quot; - Gossip.it | News sul Gossip e VIP","description":"Emilio Fede \u00e8 chiaro in aula. Nella sua testimonianza al processo sul caso Ruby che vede imputato Silvio Berlusconi, l'ex direttore del Tg4 parla di","robots":{"index":"index","follow":"follow","max-snippet":"max-snippet:-1","max-image-preview":"max-image-preview:large","max-video-preview":"max-video-preview:-1"},"canonical":"https:\/\/www.gossip.it\/news\/emilio-fede-ruby-era-brutta-e-puzzava\/","og_locale":"it_IT","og_type":"article","og_title":"Emilio Fede: &quot;Ruby? Era brutta e puzzava&quot; - Gossip.it | News sul Gossip e VIP","og_description":"Emilio Fede \u00e8 chiaro in aula. Nella sua testimonianza al processo sul caso Ruby che vede imputato Silvio Berlusconi, l'ex direttore del Tg4 parla di","og_url":"https:\/\/www.gossip.it\/news\/emilio-fede-ruby-era-brutta-e-puzzava\/","og_site_name":"Gossip.it | News sul Gossip e VIP","article_publisher":"https:\/\/www.facebook.com\/GossipIT","article_published_time":"2012-12-02T23:00:00+00:00","og_image":[{"url":"http:\/\/www.gossip.it\/images5\/1354539017_.jpg"}],"author":"La Redazione","twitter_card":"summary_large_image","twitter_image":"http:\/\/www.gossip.it\/images5\/1354539017_.jpg","twitter_creator":"@gossinews_it","twitter_site":"@gossinews_it","twitter_misc":{"Scritto da":"La Redazione","Tempo di lettura stimato":"1 minuto"},"schema":{"@context":"https:\/\/schema.org","@graph":[{"@type":"Article","@id":"https:\/\/www.gossip.it\/news\/emilio-fede-ruby-era-brutta-e-puzzava\/#article","isPartOf":{"@id":"https:\/\/www.gossip.it\/news\/emilio-fede-ruby-era-brutta-e-puzzava\/"},"author":{"name":"La Redazione","@id":"https:\/\/www.gossip.it\/#\/schema\/person\/488896f75158bff1cc83c6c39d141110"},"headline":"Emilio Fede: &quot;Ruby? Era brutta e puzzava&quot;","datePublished":"2012-12-02T23:00:00+00:00","dateModified":"2012-12-02T23:00:00+00:00","mainEntityOfPage":{"@id":"https:\/\/www.gossip.it\/news\/emilio-fede-ruby-era-brutta-e-puzzava\/"},"wordCount":277,"publisher":{"@id":"https:\/\/www.gossip.it\/#organization"},"image":{"@id":"https:\/\/www.gossip.it\/news\/emilio-fede-ruby-era-brutta-e-puzzava\/#primaryimage"},"thumbnailUrl":"http:\/\/www.gossip.it\/images5\/1354539017_.jpg","keywords":["bunga bunga","processo","ruby","Rubygate","scandali","silvio berlusconi","tribunale"],"articleSection":["News"],"inLanguage":"it-IT"},{"@type":"WebPage","@id":"https:\/\/www.gossip.it\/news\/emilio-fede-ruby-era-brutta-e-puzzava\/","url":"https:\/\/www.gossip.it\/news\/emilio-fede-ruby-era-brutta-e-puzzava\/","name":"Emilio Fede: &quot;Ruby? Era brutta e puzzava&quot; - Gossip.it | News sul Gossip e VIP","isPartOf":{"@id":"https:\/\/www.gossip.it\/#website"},"primaryImageOfPage":{"@id":"https:\/\/www.gossip.it\/news\/emilio-fede-ruby-era-brutta-e-puzzava\/#primaryimage"},"image":{"@id":"https:\/\/www.gossip.it\/news\/emilio-fede-ruby-era-brutta-e-puzzava\/#primaryimage"},"thumbnailUrl":"http:\/\/www.gossip.it\/images5\/1354539017_.jpg","datePublished":"2012-12-02T23:00:00+00:00","dateModified":"2012-12-02T23:00:00+00:00","description":"Emilio Fede \u00e8 chiaro in aula. Nella sua testimonianza al processo sul caso Ruby che vede imputato Silvio Berlusconi, l'ex direttore del Tg4 parla di","breadcrumb":{"@id":"https:\/\/www.gossip.it\/news\/emilio-fede-ruby-era-brutta-e-puzzava\/#breadcrumb"},"inLanguage":"it-IT","potentialAction":[{"@type":"ReadAction","target":["https:\/\/www.gossip.it\/news\/emilio-fede-ruby-era-brutta-e-puzzava\/"]}]},{"@type":"ImageObject","inLanguage":"it-IT","@id":"https:\/\/www.gossip.it\/news\/emilio-fede-ruby-era-brutta-e-puzzava\/#primaryimage","url":"http:\/\/www.gossip.it\/images5\/1354539017_.jpg","contentUrl":"http:\/\/www.gossip.it\/images5\/1354539017_.jpg"},{"@type":"BreadcrumbList","@id":"https:\/\/www.gossip.it\/news\/emilio-fede-ruby-era-brutta-e-puzzava\/#breadcrumb","itemListElement":[{"@type":"ListItem","position":1,"name":"Home","item":"https:\/\/www.gossip.it\/"},{"@type":"ListItem","position":2,"name":"Emilio Fede: &quot;Ruby? Era brutta e puzzava&quot;"}]},{"@type":"WebSite","@id":"https:\/\/www.gossip.it\/#website","url":"https:\/\/www.gossip.it\/","name":"Gossip and VIP News","description":"Quotidiano di cronaca rosa, costume e societ\u00e0","publisher":{"@id":"https:\/\/www.gossip.it\/#organization"},"alternateName":"Gossip and VIP News","potentialAction":[{"@type":"SearchAction","target":{"@type":"EntryPoint","urlTemplate":"https:\/\/www.gossip.it\/?s={search_term_string}"},"query-input":{"@type":"PropertyValueSpecification","valueRequired":true,"valueName":"search_term_string"}}],"inLanguage":"it-IT"},{"@type":"Organization","@id":"https:\/\/www.gossip.it\/#organization","name":"Gossip and VIP News","alternateName":"Gossip News","url":"https:\/\/www.gossip.it\/","logo":{"@type":"ImageObject","inLanguage":"it-IT","@id":"https:\/\/www.gossip.it\/#\/schema\/logo\/image\/","url":"https:\/\/www.gossip.it\/wp-content\/uploads\/2022\/04\/cropped-corna-alta-tiny.png","contentUrl":"https:\/\/www.gossip.it\/wp-content\/uploads\/2022\/04\/cropped-corna-alta-tiny.png","width":512,"height":512,"caption":"Gossip and VIP News"},"image":{"@id":"https:\/\/www.gossip.it\/#\/schema\/logo\/image\/"},"sameAs":["https:\/\/www.facebook.com\/GossipIT","https:\/\/x.com\/gossinews_it","https:\/\/instagram.com\/gossip_it"]},{"@type":"Person","@id":"https:\/\/www.gossip.it\/#\/schema\/person\/488896f75158bff1cc83c6c39d141110","name":"La Redazione","image":{"@type":"ImageObject","inLanguage":"it-IT","@id":"https:\/\/www.gossip.it\/#\/schema\/person\/image\/","url":"https:\/\/secure.gravatar.com\/avatar\/5a5f5c6fa3e6700e4249abdad0263a1e94e927d9e0499b1cb09c1cd29c044d80?s=96&d=mm&r=g","contentUrl":"https:\/\/secure.gravatar.com\/avatar\/5a5f5c6fa3e6700e4249abdad0263a1e94e927d9e0499b1cb09c1cd29c044d80?s=96&d=mm&r=g","caption":"La Redazione"},"sameAs":["https:\/\/www.gossip.it"]}]}},"amp_enabled":true,"_links":{"self":[{"href":"https:\/\/www.gossip.it\/api\/wp\/v2\/posts\/36143","targetHints":{"allow":["GET"]}}],"collection":[{"href":"https:\/\/www.gossip.it\/api\/wp\/v2\/posts"}],"about":[{"href":"https:\/\/www.gossip.it\/api\/wp\/v2\/types\/post"}],"author":[{"embeddable":true,"href":"https:\/\/www.gossip.it\/api\/wp\/v2\/users\/1"}],"replies":[{"embeddable":true,"href":"https:\/\/www.gossip.it\/api\/wp\/v2\/comments?post=36143"}],"version-history":[{"count":0,"href":"https:\/\/www.gossip.it\/api\/wp\/v2\/posts\/36143\/revisions"}],"wp:featuredmedia":[{"embeddable":true,"href":"https:\/\/www.gossip.it\/api\/wp\/v2\/media\/92189"}],"wp:attachment":[{"href":"https:\/\/www.gossip.it\/api\/wp\/v2\/media?parent=36143"}],"wp:term":[{"taxonomy":"category","embeddable":true,"href":"https:\/\/www.gossip.it\/api\/wp\/v2\/categories?post=36143"},{"taxonomy":"post_tag","embeddable":true,"href":"https:\/\/www.gossip.it\/api\/wp\/v2\/tags?post=36143"},{"taxonomy":"vip","embeddable":true,"href":"https:\/\/www.gossip.it\/api\/wp\/v2\/vip?post=36143"}],"curies":[{"name":"wp","href":"https:\/\/api.w.org\/{rel}","templated":true}]}}