{"id":36429,"date":"2012-12-17T00:00:00","date_gmt":"2012-12-16T23:00:00","guid":{"rendered":"https:\/\/www.gossip.it\/senza-categoria\/serena-autieri-ecco-il-pancione\/"},"modified":"2012-12-17T00:00:00","modified_gmt":"2012-12-16T23:00:00","slug":"serena-autieri-ecco-il-pancione","status":"publish","type":"post","link":"https:\/\/www.gossip.it\/news\/serena-autieri-ecco-il-pancione\/","title":{"rendered":"Serena Autieri, ecco il pancione!"},"content":{"rendered":"<p>Al sesto mese di gravidanza, <a href=\"http:\/\/www.gossip.it\/news\/monografia.php?keyword=Serena Autieri\">Serena Autieri<\/a> sfoggia il suo pancino in un servizio fotografico realizzato per <em>Gente<\/em>: <em>\"<b>A met\u00e0 marzo nascer\u00e0 la nostra bambina<\/b>\"<\/em>, dichiara l'attri che sfoggia un fisico in perfetta forma nonostante il pancione: <em>\"Ho preso solo cinque chili e mezzo finora<\/em> - rivela - <em>Sono contenta delle mie rotondit\u00e0. Il medico mi tiene a stecchetto anche se io non riesco a resistere al cioccolato fondente\"<\/em>. <em>\"Chiss\u00e0 se mi ritorner\u00e0 mai la pancia piatta che ho sempre avuto<\/em> - aggiunge - <em>Si dice che le forme rimangano dolci dopo la maternit\u00e0. Ma non ho problemi. Questa bimba non rester\u00e0 l'unica. Anzi, ne vorrei fare subito un secondo\"<\/em>. D'accordo pure il futuro pap\u00e0, l'imprenditore <b>Enrico Griselli<\/b>. La coppia \u00e8 convolata a nozze nel 2010 e l'Autieri afferma che la dolce met\u00e0 di figli ne vorrebbe addirittura tre.<\/p>\n<p>Serena racconta pure di quando ha scoperto di essere incinta: <em>\"Il 7 luglio ho condotto con <a href=\"http:\/\/www.gossip.it\/news\/monografia.php?keyword=Massimo Giletti\">Massimo Giletti<\/a> il programma <b>'Una voce per Padre Pio'<\/b>, in diretta da Pietralcina, terra natale del santo, cui sono molto devota. Mentre ero l\u00ec, sul palco, ho rivolto una preghiera a Padre Pio: 'Vorrei tanto diventare mamma', gli ho chiesto. Il giorno dopo ero a Roma e, siccome avevo qualche giorno di ritardo, avevo comprato un test di gravidanza. Io credevo di aver accumulato un po' di stress, per via del lavoro molto intenso, quindi non pensavo di essere incinta. E invece, il test era positivo!\"<\/em>.<\/p>\n<p>A rimanere incinta l'Autieri c'ha messo un po': <em>\"(...)<b>Il medico allora mi disse che l'ostacolo era la mia eccessiva magrezza<\/b><\/em> - rivela - <em>gli impegni gravosi mi avevano provata, Ho seguito una dieta ingrassante consigliata dal professore <b>Giorgio Calabrese<\/b> e, cos\u00ec, la piccola \u00e8 arrivata subito. Anche ora cerco di mangiare di tutto, senza esagerare: ho eliminato solo il caff\u00e8 perch\u00e9 il sapore mi disgusta. Ma ora, in vista del Natale, non rinuncer\u00f2 a qualche dolcetto\"<\/em>. Appena nascer\u00e0 la bimba la porter\u00e0 in tourn\u00e9e con <b>l'Orchestra Sinfonica di Spoleto <\/b>e porter\u00e0 con s\u00e9 l'erede. Poi si avvalorer\u00e0 dell'aiuto dei nonni.<\/p>\n<p>Per quanto riguarda il nome non ha ancora deciso: <em>\"Fosse stato maschio non avremmo avuti dubbi: Francesco. Mio marito mi chiese di sposarlo ad Assisi, in un boschetto dedicato al santo. Ma per una femmina, siamo in alto mare. Ma di sicuro non sar\u00e0 un nome di famiglia\"<\/em>.<\/p>\n","protected":false},"excerpt":{"rendered":"<p>Al sesto mese di gravidanza, Serena Autieri sfoggia il suo pancino in un servizio fotografico realizzato per Gente: \"A met\u00e0 marzo nascer\u00e0 la nostra bambina\", dichiara l'attri che sfoggia un fisico in perfetta forma nonostante il pancione: \"Ho preso solo cinque chili e mezzo finora - rivela - Sono contenta delle mie rotondit\u00e0. Il medico [&hellip;]<\/p>\n","protected":false},"author":1,"featured_media":92475,"comment_status":"closed","ping_status":"closed","sticky":false,"template":"","format":"standard","meta":{"footnotes":""},"categories":[54],"tags":[2410,2102,2769,3297,2181,2094,2097],"vip":[676,1668],"class_list":["post-36429","post","type-post","status-publish","format-standard","has-post-thumbnail","hentry","category-news","tag-cinema","tag-dichiarazioni","tag-gossip-cinema","tag-gossip-tv","tag-gravidanza","tag-incinta","tag-tv","vip-enrico_griselli","vip-serena_autieri"],"yoast_head":"<title>Serena Autieri, ecco il pancione! - Gossip.it | News sul Gossip e VIP<\/title>\n<meta name=\"description\" content=\"Al sesto mese di gravidanza, Serena Autieri sfoggia il suo pancino in un servizio fotografico realizzato per Gente: &quot;A met\u00e0 marzo nascer\u00e0 la nostra\" \/>\n<meta name=\"robots\" content=\"index, follow, max-snippet:-1, max-image-preview:large, max-video-preview:-1\" \/>\n<link rel=\"canonical\" href=\"https:\/\/www.gossip.it\/news\/serena-autieri-ecco-il-pancione\/\" \/>\n<meta property=\"og:locale\" content=\"it_IT\" \/>\n<meta property=\"og:type\" content=\"article\" \/>\n<meta property=\"og:title\" content=\"Serena Autieri, ecco il pancione! - Gossip.it | News sul Gossip e VIP\" \/>\n<meta property=\"og:description\" content=\"Al sesto mese di gravidanza, Serena Autieri sfoggia il suo pancino in un servizio fotografico realizzato per Gente: &quot;A met\u00e0 marzo nascer\u00e0 la nostra\" \/>\n<meta property=\"og:url\" content=\"https:\/\/www.gossip.it\/news\/serena-autieri-ecco-il-pancione\/\" \/>\n<meta property=\"og:site_name\" content=\"Gossip.it | News sul Gossip e VIP\" \/>\n<meta property=\"article:publisher\" content=\"https:\/\/www.facebook.com\/GossipIT\" \/>\n<meta property=\"article:published_time\" content=\"2012-12-16T23:00:00+00:00\" \/>\n<meta property=\"og:image\" content=\"http:\/\/www.gossip.it\/images5\/1355744744_.jpg\" \/>\n<meta name=\"author\" content=\"La Redazione\" \/>\n<meta name=\"twitter:card\" content=\"summary_large_image\" \/>\n<meta name=\"twitter:image\" content=\"http:\/\/www.gossip.it\/images5\/1355744744_.jpg\" \/>\n<meta name=\"twitter:creator\" content=\"@gossinews_it\" \/>\n<meta name=\"twitter:site\" content=\"@gossinews_it\" \/>\n<meta name=\"twitter:label1\" content=\"Scritto da\" \/>\n\t<meta name=\"twitter:data1\" content=\"Francesca Romana Domenici\" \/>\n\t<meta name=\"twitter:label2\" content=\"Tempo di lettura stimato\" \/>\n\t<meta name=\"twitter:data2\" content=\"2 minuti\" \/>","yoast_head_json":{"title":"Serena Autieri, ecco il pancione! - Gossip.it | News sul Gossip e VIP","description":"Al sesto mese di gravidanza, Serena Autieri sfoggia il suo pancino in un servizio fotografico realizzato per Gente: \"A met\u00e0 marzo nascer\u00e0 la nostra","robots":{"index":"index","follow":"follow","max-snippet":"max-snippet:-1","max-image-preview":"max-image-preview:large","max-video-preview":"max-video-preview:-1"},"canonical":"https:\/\/www.gossip.it\/news\/serena-autieri-ecco-il-pancione\/","og_locale":"it_IT","og_type":"article","og_title":"Serena Autieri, ecco il pancione! - Gossip.it | News sul Gossip e VIP","og_description":"Al sesto mese di gravidanza, Serena Autieri sfoggia il suo pancino in un servizio fotografico realizzato per Gente: \"A met\u00e0 marzo nascer\u00e0 la nostra","og_url":"https:\/\/www.gossip.it\/news\/serena-autieri-ecco-il-pancione\/","og_site_name":"Gossip.it | News sul Gossip e VIP","article_publisher":"https:\/\/www.facebook.com\/GossipIT","article_published_time":"2012-12-16T23:00:00+00:00","og_image":[{"url":"http:\/\/www.gossip.it\/images5\/1355744744_.jpg"}],"author":"La Redazione","twitter_card":"summary_large_image","twitter_image":"http:\/\/www.gossip.it\/images5\/1355744744_.jpg","twitter_creator":"@gossinews_it","twitter_site":"@gossinews_it","twitter_misc":{"Scritto da":"Francesca Romana Domenici","Tempo di lettura stimato":"2 minuti"},"schema":{"@context":"https:\/\/schema.org","@graph":[{"@type":"Article","@id":"https:\/\/www.gossip.it\/news\/serena-autieri-ecco-il-pancione\/#article","isPartOf":{"@id":"https:\/\/www.gossip.it\/news\/serena-autieri-ecco-il-pancione\/"},"author":{"name":"La Redazione","@id":"https:\/\/www.gossip.it\/#\/schema\/person\/488896f75158bff1cc83c6c39d141110"},"headline":"Serena Autieri, ecco il pancione!","datePublished":"2012-12-16T23:00:00+00:00","dateModified":"2012-12-16T23:00:00+00:00","mainEntityOfPage":{"@id":"https:\/\/www.gossip.it\/news\/serena-autieri-ecco-il-pancione\/"},"wordCount":402,"publisher":{"@id":"https:\/\/www.gossip.it\/#organization"},"image":{"@id":"https:\/\/www.gossip.it\/news\/serena-autieri-ecco-il-pancione\/#primaryimage"},"thumbnailUrl":"http:\/\/www.gossip.it\/images5\/1355744744_.jpg","keywords":["cinema","dichiarazioni","gossip cinema","gossip.tv","gravidanza","incinta","tv"],"articleSection":["News"],"inLanguage":"it-IT"},{"@type":"WebPage","@id":"https:\/\/www.gossip.it\/news\/serena-autieri-ecco-il-pancione\/","url":"https:\/\/www.gossip.it\/news\/serena-autieri-ecco-il-pancione\/","name":"Serena Autieri, ecco il pancione! - Gossip.it | News sul Gossip e VIP","isPartOf":{"@id":"https:\/\/www.gossip.it\/#website"},"primaryImageOfPage":{"@id":"https:\/\/www.gossip.it\/news\/serena-autieri-ecco-il-pancione\/#primaryimage"},"image":{"@id":"https:\/\/www.gossip.it\/news\/serena-autieri-ecco-il-pancione\/#primaryimage"},"thumbnailUrl":"http:\/\/www.gossip.it\/images5\/1355744744_.jpg","datePublished":"2012-12-16T23:00:00+00:00","dateModified":"2012-12-16T23:00:00+00:00","description":"Al sesto mese di gravidanza, Serena Autieri sfoggia il suo pancino in un servizio fotografico realizzato per Gente: \"A met\u00e0 marzo nascer\u00e0 la nostra","breadcrumb":{"@id":"https:\/\/www.gossip.it\/news\/serena-autieri-ecco-il-pancione\/#breadcrumb"},"inLanguage":"it-IT","potentialAction":[{"@type":"ReadAction","target":["https:\/\/www.gossip.it\/news\/serena-autieri-ecco-il-pancione\/"]}]},{"@type":"ImageObject","inLanguage":"it-IT","@id":"https:\/\/www.gossip.it\/news\/serena-autieri-ecco-il-pancione\/#primaryimage","url":"http:\/\/www.gossip.it\/images5\/1355744744_.jpg","contentUrl":"http:\/\/www.gossip.it\/images5\/1355744744_.jpg"},{"@type":"BreadcrumbList","@id":"https:\/\/www.gossip.it\/news\/serena-autieri-ecco-il-pancione\/#breadcrumb","itemListElement":[{"@type":"ListItem","position":1,"name":"Home","item":"https:\/\/www.gossip.it\/"},{"@type":"ListItem","position":2,"name":"Serena Autieri, ecco il pancione!"}]},{"@type":"WebSite","@id":"https:\/\/www.gossip.it\/#website","url":"https:\/\/www.gossip.it\/","name":"Gossip and VIP News","description":"Quotidiano di cronaca rosa, costume e societ\u00e0","publisher":{"@id":"https:\/\/www.gossip.it\/#organization"},"alternateName":"Gossip and VIP News","potentialAction":[{"@type":"SearchAction","target":{"@type":"EntryPoint","urlTemplate":"https:\/\/www.gossip.it\/?s={search_term_string}"},"query-input":{"@type":"PropertyValueSpecification","valueRequired":true,"valueName":"search_term_string"}}],"inLanguage":"it-IT"},{"@type":"Organization","@id":"https:\/\/www.gossip.it\/#organization","name":"Gossip and VIP News","alternateName":"Gossip News","url":"https:\/\/www.gossip.it\/","logo":{"@type":"ImageObject","inLanguage":"it-IT","@id":"https:\/\/www.gossip.it\/#\/schema\/logo\/image\/","url":"https:\/\/www.gossip.it\/wp-content\/uploads\/2022\/04\/cropped-corna-alta-tiny.png","contentUrl":"https:\/\/www.gossip.it\/wp-content\/uploads\/2022\/04\/cropped-corna-alta-tiny.png","width":512,"height":512,"caption":"Gossip and VIP News"},"image":{"@id":"https:\/\/www.gossip.it\/#\/schema\/logo\/image\/"},"sameAs":["https:\/\/www.facebook.com\/GossipIT","https:\/\/x.com\/gossinews_it","https:\/\/instagram.com\/gossip_it"]},{"@type":"Person","@id":"https:\/\/www.gossip.it\/#\/schema\/person\/488896f75158bff1cc83c6c39d141110","name":"La Redazione","image":{"@type":"ImageObject","inLanguage":"it-IT","@id":"https:\/\/www.gossip.it\/#\/schema\/person\/image\/","url":"https:\/\/secure.gravatar.com\/avatar\/5a5f5c6fa3e6700e4249abdad0263a1e94e927d9e0499b1cb09c1cd29c044d80?s=96&d=mm&r=g","contentUrl":"https:\/\/secure.gravatar.com\/avatar\/5a5f5c6fa3e6700e4249abdad0263a1e94e927d9e0499b1cb09c1cd29c044d80?s=96&d=mm&r=g","caption":"La Redazione"},"sameAs":["https:\/\/www.gossip.it"]}]}},"amp_enabled":true,"_links":{"self":[{"href":"https:\/\/www.gossip.it\/api\/wp\/v2\/posts\/36429","targetHints":{"allow":["GET"]}}],"collection":[{"href":"https:\/\/www.gossip.it\/api\/wp\/v2\/posts"}],"about":[{"href":"https:\/\/www.gossip.it\/api\/wp\/v2\/types\/post"}],"author":[{"embeddable":true,"href":"https:\/\/www.gossip.it\/api\/wp\/v2\/users\/1"}],"replies":[{"embeddable":true,"href":"https:\/\/www.gossip.it\/api\/wp\/v2\/comments?post=36429"}],"version-history":[{"count":0,"href":"https:\/\/www.gossip.it\/api\/wp\/v2\/posts\/36429\/revisions"}],"wp:featuredmedia":[{"embeddable":true,"href":"https:\/\/www.gossip.it\/api\/wp\/v2\/media\/92475"}],"wp:attachment":[{"href":"https:\/\/www.gossip.it\/api\/wp\/v2\/media?parent=36429"}],"wp:term":[{"taxonomy":"category","embeddable":true,"href":"https:\/\/www.gossip.it\/api\/wp\/v2\/categories?post=36429"},{"taxonomy":"post_tag","embeddable":true,"href":"https:\/\/www.gossip.it\/api\/wp\/v2\/tags?post=36429"},{"taxonomy":"vip","embeddable":true,"href":"https:\/\/www.gossip.it\/api\/wp\/v2\/vip?post=36429"}],"curies":[{"name":"wp","href":"https:\/\/api.w.org\/{rel}","templated":true}]}}