{"id":36639,"date":"2012-12-31T00:00:00","date_gmt":"2012-12-30T23:00:00","guid":{"rendered":"https:\/\/www.gossip.it\/senza-categoria\/belen-e-stefano-saluti-dall-argentina\/"},"modified":"2012-12-31T00:00:00","modified_gmt":"2012-12-30T23:00:00","slug":"belen-e-stefano-saluti-dall-argentina","status":"publish","type":"post","link":"https:\/\/www.gossip.it\/news\/belen-e-stefano-saluti-dall-argentina\/","title":{"rendered":"Belen e Stefano, saluti dall'Argentina"},"content":{"rendered":"<p>Dopo cinque anni \u00e8 tornata a trascorrere il <b>Natale<\/b> in <b>Argentina<\/b>. <a href=\"http:\/\/www.gossip.it\/news\/monografia.php?keyword=Belen Rodriguez\">Belen Rodriguez<\/a> \u00e8 felice e serena, nonostante la sua casa milanese sia stata svaligiata dai ladri a poche ore dalla <b>Vigilia<\/b>, ed \u00e8 tornata a farsi sentire (e vedere) anche sui social network. Eccola in uno scatto realizzato in un locale di <b>Buenos Aires<\/b> insieme a <a href=\"http:\/\/www.gossip.it\/news\/monografia.php?keyword=Stefano De Martino\">Stefano<\/a> (accompagnato dalla frase \"<em>Saluti dall'Argentina<\/em>\"): l'abbigliamento \u00e8 leggero, dato che l\u00ec \u00e8 appena iniziata l'estate.<\/p>\n<p>Il settimanale \"<em>Gente<\/em>\" pubblica anche le prime immagini rubate della coppia in <b>Sudamerica<\/b>. All'aeroporto di Buenos Aires, dove sono stati accolti dai familiari di Belen: il padre <b>Gustavo<\/b>, mamma , <a href=\"http:\/\/www.gossip.it\/news\/monografia.php?keyword=Cecilia Rodriguez\">Cecilia<\/a> e il fratello <b>Jeremias<\/b>. Aspettando il piccolo <b>Santiago<\/b>, la cui nascita \u00e8 prevista per aprile, sono gi\u00e0 una grande famiglia.<\/p>\n<p>Le <a href=\"http:\/\/www.gossip.it\/protagonisti\/belen_e_stefano_prime_immagini_dallargentina_guarda_sperw.html?id=5e04e75ac7f6434097914362273e642b\"><b><u>foto di Belen e Stefano in Argentina<\/u><\/b><\/a> sono su GossipNews.<\/p>\n","protected":false},"excerpt":{"rendered":"<p>Dopo cinque anni \u00e8 tornata a trascorrere il Natale in Argentina. Belen Rodriguez \u00e8 felice e serena, nonostante la sua casa milanese sia stata svaligiata dai ladri a poche ore dalla Vigilia, ed \u00e8 tornata a farsi sentire (e vedere) anche sui social network. Eccola in uno scatto realizzato in un locale di Buenos Aires [&hellip;]<\/p>\n","protected":false},"author":1,"featured_media":92685,"comment_status":"closed","ping_status":"closed","sticky":false,"template":"","format":"standard","meta":{"footnotes":""},"categories":[54],"tags":[6435,2504,1908,3333,2181,12158,2094,8039,4812,1967,5110,1899],"vip":[396,1731],"class_list":["post-36639","post","type-post","status-publish","format-standard","has-post-thumbnail","hentry","category-news","tag-argentina","tag-ballerino","tag-famiglia","tag-gente","tag-gravidanza","tag-gustavo","tag-incinta","tag-jeremias","tag-pancione","tag-showgirl","tag-sudamerica","tag-vacanza","vip-belen_rodriguez","vip-stefano_de_martino"],"yoast_head":"<title>Belen e Stefano, saluti dall&#039;Argentina - Gossip.it | News sul Gossip e VIP<\/title>\n<meta name=\"description\" content=\"Dopo cinque anni \u00e8 tornata a trascorrere il Natale in Argentina. Belen Rodriguez \u00e8 felice e serena, nonostante la sua casa milanese sia stata svaligiata\" \/>\n<meta name=\"robots\" content=\"index, follow, max-snippet:-1, max-image-preview:large, max-video-preview:-1\" \/>\n<link rel=\"canonical\" href=\"https:\/\/www.gossip.it\/news\/belen-e-stefano-saluti-dall-argentina\/\" \/>\n<meta property=\"og:locale\" content=\"it_IT\" \/>\n<meta property=\"og:type\" content=\"article\" \/>\n<meta property=\"og:title\" content=\"Belen e Stefano, saluti dall&#039;Argentina - Gossip.it | News sul Gossip e VIP\" \/>\n<meta property=\"og:description\" content=\"Dopo cinque anni \u00e8 tornata a trascorrere il Natale in Argentina. Belen Rodriguez \u00e8 felice e serena, nonostante la sua casa milanese sia stata svaligiata\" \/>\n<meta property=\"og:url\" content=\"https:\/\/www.gossip.it\/news\/belen-e-stefano-saluti-dall-argentina\/\" \/>\n<meta property=\"og:site_name\" content=\"Gossip.it | News sul Gossip e VIP\" \/>\n<meta property=\"article:publisher\" content=\"https:\/\/www.facebook.com\/GossipIT\" \/>\n<meta property=\"article:published_time\" content=\"2012-12-30T23:00:00+00:00\" \/>\n<meta property=\"og:image\" content=\"http:\/\/www.gossip.it\/images5\/1356952148_.jpg\" \/>\n<meta name=\"author\" content=\"La Redazione\" \/>\n<meta name=\"twitter:card\" content=\"summary_large_image\" \/>\n<meta name=\"twitter:image\" content=\"http:\/\/www.gossip.it\/images5\/1356952148_.jpg\" \/>\n<meta name=\"twitter:creator\" content=\"@gossinews_it\" \/>\n<meta name=\"twitter:site\" content=\"@gossinews_it\" \/>\n<meta name=\"twitter:label1\" content=\"Scritto da\" \/>\n\t<meta name=\"twitter:data1\" content=\"La Redazione\" \/>\n\t<meta name=\"twitter:label2\" content=\"Tempo di lettura stimato\" \/>\n\t<meta name=\"twitter:data2\" content=\"1 minuto\" \/>","yoast_head_json":{"title":"Belen e Stefano, saluti dall'Argentina - Gossip.it | News sul Gossip e VIP","description":"Dopo cinque anni \u00e8 tornata a trascorrere il Natale in Argentina. Belen Rodriguez \u00e8 felice e serena, nonostante la sua casa milanese sia stata svaligiata","robots":{"index":"index","follow":"follow","max-snippet":"max-snippet:-1","max-image-preview":"max-image-preview:large","max-video-preview":"max-video-preview:-1"},"canonical":"https:\/\/www.gossip.it\/news\/belen-e-stefano-saluti-dall-argentina\/","og_locale":"it_IT","og_type":"article","og_title":"Belen e Stefano, saluti dall'Argentina - Gossip.it | News sul Gossip e VIP","og_description":"Dopo cinque anni \u00e8 tornata a trascorrere il Natale in Argentina. Belen Rodriguez \u00e8 felice e serena, nonostante la sua casa milanese sia stata svaligiata","og_url":"https:\/\/www.gossip.it\/news\/belen-e-stefano-saluti-dall-argentina\/","og_site_name":"Gossip.it | News sul Gossip e VIP","article_publisher":"https:\/\/www.facebook.com\/GossipIT","article_published_time":"2012-12-30T23:00:00+00:00","og_image":[{"url":"http:\/\/www.gossip.it\/images5\/1356952148_.jpg"}],"author":"La Redazione","twitter_card":"summary_large_image","twitter_image":"http:\/\/www.gossip.it\/images5\/1356952148_.jpg","twitter_creator":"@gossinews_it","twitter_site":"@gossinews_it","twitter_misc":{"Scritto da":"La Redazione","Tempo di lettura stimato":"1 minuto"},"schema":{"@context":"https:\/\/schema.org","@graph":[{"@type":"Article","@id":"https:\/\/www.gossip.it\/news\/belen-e-stefano-saluti-dall-argentina\/#article","isPartOf":{"@id":"https:\/\/www.gossip.it\/news\/belen-e-stefano-saluti-dall-argentina\/"},"author":{"name":"La Redazione","@id":"https:\/\/www.gossip.it\/#\/schema\/person\/488896f75158bff1cc83c6c39d141110"},"headline":"Belen e Stefano, saluti dall'Argentina","datePublished":"2012-12-30T23:00:00+00:00","dateModified":"2012-12-30T23:00:00+00:00","mainEntityOfPage":{"@id":"https:\/\/www.gossip.it\/news\/belen-e-stefano-saluti-dall-argentina\/"},"wordCount":138,"publisher":{"@id":"https:\/\/www.gossip.it\/#organization"},"image":{"@id":"https:\/\/www.gossip.it\/news\/belen-e-stefano-saluti-dall-argentina\/#primaryimage"},"thumbnailUrl":"http:\/\/www.gossip.it\/images5\/1356952148_.jpg","keywords":["argentina","ballerino","famiglia","gente","gravidanza","gustavo","incinta","jeremias","pancione","showgirl","sudamerica","vacanza"],"articleSection":["News"],"inLanguage":"it-IT"},{"@type":"WebPage","@id":"https:\/\/www.gossip.it\/news\/belen-e-stefano-saluti-dall-argentina\/","url":"https:\/\/www.gossip.it\/news\/belen-e-stefano-saluti-dall-argentina\/","name":"Belen e Stefano, saluti dall'Argentina - Gossip.it | News sul Gossip e VIP","isPartOf":{"@id":"https:\/\/www.gossip.it\/#website"},"primaryImageOfPage":{"@id":"https:\/\/www.gossip.it\/news\/belen-e-stefano-saluti-dall-argentina\/#primaryimage"},"image":{"@id":"https:\/\/www.gossip.it\/news\/belen-e-stefano-saluti-dall-argentina\/#primaryimage"},"thumbnailUrl":"http:\/\/www.gossip.it\/images5\/1356952148_.jpg","datePublished":"2012-12-30T23:00:00+00:00","dateModified":"2012-12-30T23:00:00+00:00","description":"Dopo cinque anni \u00e8 tornata a trascorrere il Natale in Argentina. Belen Rodriguez \u00e8 felice e serena, nonostante la sua casa milanese sia stata svaligiata","breadcrumb":{"@id":"https:\/\/www.gossip.it\/news\/belen-e-stefano-saluti-dall-argentina\/#breadcrumb"},"inLanguage":"it-IT","potentialAction":[{"@type":"ReadAction","target":["https:\/\/www.gossip.it\/news\/belen-e-stefano-saluti-dall-argentina\/"]}]},{"@type":"ImageObject","inLanguage":"it-IT","@id":"https:\/\/www.gossip.it\/news\/belen-e-stefano-saluti-dall-argentina\/#primaryimage","url":"http:\/\/www.gossip.it\/images5\/1356952148_.jpg","contentUrl":"http:\/\/www.gossip.it\/images5\/1356952148_.jpg"},{"@type":"BreadcrumbList","@id":"https:\/\/www.gossip.it\/news\/belen-e-stefano-saluti-dall-argentina\/#breadcrumb","itemListElement":[{"@type":"ListItem","position":1,"name":"Home","item":"https:\/\/www.gossip.it\/"},{"@type":"ListItem","position":2,"name":"Belen e Stefano, saluti dall'Argentina"}]},{"@type":"WebSite","@id":"https:\/\/www.gossip.it\/#website","url":"https:\/\/www.gossip.it\/","name":"Gossip and VIP News","description":"Quotidiano di cronaca rosa, costume e societ\u00e0","publisher":{"@id":"https:\/\/www.gossip.it\/#organization"},"alternateName":"Gossip and VIP News","potentialAction":[{"@type":"SearchAction","target":{"@type":"EntryPoint","urlTemplate":"https:\/\/www.gossip.it\/?s={search_term_string}"},"query-input":{"@type":"PropertyValueSpecification","valueRequired":true,"valueName":"search_term_string"}}],"inLanguage":"it-IT"},{"@type":"Organization","@id":"https:\/\/www.gossip.it\/#organization","name":"Gossip and VIP News","alternateName":"Gossip News","url":"https:\/\/www.gossip.it\/","logo":{"@type":"ImageObject","inLanguage":"it-IT","@id":"https:\/\/www.gossip.it\/#\/schema\/logo\/image\/","url":"https:\/\/www.gossip.it\/wp-content\/uploads\/2022\/04\/cropped-corna-alta-tiny.png","contentUrl":"https:\/\/www.gossip.it\/wp-content\/uploads\/2022\/04\/cropped-corna-alta-tiny.png","width":512,"height":512,"caption":"Gossip and VIP News"},"image":{"@id":"https:\/\/www.gossip.it\/#\/schema\/logo\/image\/"},"sameAs":["https:\/\/www.facebook.com\/GossipIT","https:\/\/x.com\/gossinews_it","https:\/\/instagram.com\/gossip_it"]},{"@type":"Person","@id":"https:\/\/www.gossip.it\/#\/schema\/person\/488896f75158bff1cc83c6c39d141110","name":"La Redazione","image":{"@type":"ImageObject","inLanguage":"it-IT","@id":"https:\/\/www.gossip.it\/#\/schema\/person\/image\/","url":"https:\/\/secure.gravatar.com\/avatar\/5a5f5c6fa3e6700e4249abdad0263a1e94e927d9e0499b1cb09c1cd29c044d80?s=96&d=mm&r=g","contentUrl":"https:\/\/secure.gravatar.com\/avatar\/5a5f5c6fa3e6700e4249abdad0263a1e94e927d9e0499b1cb09c1cd29c044d80?s=96&d=mm&r=g","caption":"La Redazione"},"sameAs":["https:\/\/www.gossip.it"]}]}},"amp_enabled":true,"_links":{"self":[{"href":"https:\/\/www.gossip.it\/api\/wp\/v2\/posts\/36639","targetHints":{"allow":["GET"]}}],"collection":[{"href":"https:\/\/www.gossip.it\/api\/wp\/v2\/posts"}],"about":[{"href":"https:\/\/www.gossip.it\/api\/wp\/v2\/types\/post"}],"author":[{"embeddable":true,"href":"https:\/\/www.gossip.it\/api\/wp\/v2\/users\/1"}],"replies":[{"embeddable":true,"href":"https:\/\/www.gossip.it\/api\/wp\/v2\/comments?post=36639"}],"version-history":[{"count":0,"href":"https:\/\/www.gossip.it\/api\/wp\/v2\/posts\/36639\/revisions"}],"wp:featuredmedia":[{"embeddable":true,"href":"https:\/\/www.gossip.it\/api\/wp\/v2\/media\/92685"}],"wp:attachment":[{"href":"https:\/\/www.gossip.it\/api\/wp\/v2\/media?parent=36639"}],"wp:term":[{"taxonomy":"category","embeddable":true,"href":"https:\/\/www.gossip.it\/api\/wp\/v2\/categories?post=36639"},{"taxonomy":"post_tag","embeddable":true,"href":"https:\/\/www.gossip.it\/api\/wp\/v2\/tags?post=36639"},{"taxonomy":"vip","embeddable":true,"href":"https:\/\/www.gossip.it\/api\/wp\/v2\/vip?post=36639"}],"curies":[{"name":"wp","href":"https:\/\/api.w.org\/{rel}","templated":true}]}}