{"id":36677,"date":"2013-01-02T00:00:00","date_gmt":"2013-01-01T23:00:00","guid":{"rendered":"https:\/\/www.gossip.it\/senza-categoria\/kim-kardashian-parla-della-gravidanza\/"},"modified":"2013-01-02T00:00:00","modified_gmt":"2013-01-01T23:00:00","slug":"kim-kardashian-parla-della-gravidanza","status":"publish","type":"post","link":"https:\/\/www.gossip.it\/news\/kim-kardashian-parla-della-gravidanza\/","title":{"rendered":"Kim Kardashian parla della gravidanza"},"content":{"rendered":"<p><a href=\"http:\/\/www.gossip.it\/news\/monografia.php?keyword=Kim Kardashian\">Kim Kardashian<\/a>, <b>incinta di tre mesi<\/b> del suo compagno <a href=\"http:\/\/www.gossip.it\/news\/monografia.php?keyword=Kanye West\">Kanye West<\/a>, ha raccontato a <em>Us Weekly<\/em> di come sta vivendo la gravidanza: \u201c<em>Mi sento bene. <b>Non ho ancora avuto nessuna nausea mattutina<\/b>, ma non \u00e8 comunque facile. La gente dice sempre che \u00e8 facile ed \u00e8 divertente. In realt\u00e0 \u00e8 capire come si regola il tuo corpo e cose del genere. Per adesso mi sento bene ed \u00e8 una buona cosa<\/em>\u201d.<\/p>\n<p>La star dei reality si \u00e8 aperta durante la festa di fine anno che si \u00e8 tenuta al <b>1OAK Nightclub<\/b> a <b>Las Vegas<\/b>, che ha visto come ospiti d\u2019onore proprio lei e la sua dolce met\u00e0. Il rapper ha sorpreso Kim quando ha annunciato che la sua fidanzata era incinta durante un concerto nel <b>New Jersey<\/b> lo scorso <b>30 dicembre<\/b> (West, davanti ad un pubblico di 5mila persone ad <b>Atlantic City<\/b> ha detto: \u201c<em>Fate un po\u2019 di rumore per la mamma del mio bimbo!<\/em>\u201d). Appena i tempi lo renderanno possibile, Kim vorr\u00e0 subito sapere il <b>sesso del nascituro<\/b>: \u201c<em>Certo che lo voglio sapere. Ancora non possono dirmelo, ma voglio saperlo<\/em>\u201d. Una volta che il <b>divorzio<\/b> della Kardashian da <a href=\"http:\/\/www.gossip.it\/news\/monografia.php?keyword=Kris Humphries\">Kris Humphries<\/a> sar\u00e0 ufficiale, Kim e Kanye potranno finalmente giurarsi amore eterno.<\/p>\n<p>Le <a href=\"http:\/\/www.gossip.it\/protagonisti\/kim_kardashian_incinta_e_kanye_west_festeggiano_l%E2%80%99anno_nuovo_a_las_vegas_foto_sperw.html?id=834ab259cc520f8ab2c2aac455f78c20\"><b><u>foto di Kim Kardashian con Kanye alla festa di fine anno sono<\/u><\/b><\/a> su GossipNews.<\/p>\n","protected":false},"excerpt":{"rendered":"<p>Kim Kardashian, incinta di tre mesi del suo compagno Kanye West, ha raccontato a Us Weekly di come sta vivendo la gravidanza: \u201cMi sento bene. Non ho ancora avuto nessuna nausea mattutina, ma non \u00e8 comunque facile. La gente dice sempre che \u00e8 facile ed \u00e8 divertente. In realt\u00e0 \u00e8 capire come si regola il [&hellip;]<\/p>\n","protected":false},"author":1,"featured_media":92723,"comment_status":"closed","ping_status":"closed","sticky":false,"template":"","format":"standard","meta":{"footnotes":""},"categories":[54],"tags":[7537,3024,2894,1907,2118,2181,2094,2121,27066,7546,39998,1965,38141],"vip":[1863],"class_list":["post-36677","post","type-post","status-publish","format-standard","has-post-thumbnail","hentry","category-news","tag-7537","tag-amica","tag-anno","tag-festa","tag-foto","tag-gravidanza","tag-incinta","tag-instagram","tag-kanye-west","tag-las-vegas","tag-nausee","tag-party","tag-us-weekly","vip-kim_kardashian"],"yoast_head":"<title>Kim Kardashian parla della gravidanza - Gossip.it | News sul Gossip e VIP<\/title>\n<meta name=\"description\" content=\"Kim Kardashian, incinta di tre mesi del suo compagno Kanye West, ha raccontato a Us Weekly di come sta vivendo la gravidanza: \u201cMi sento bene. Non ho\" \/>\n<meta name=\"robots\" content=\"index, follow, max-snippet:-1, max-image-preview:large, max-video-preview:-1\" \/>\n<link rel=\"canonical\" href=\"https:\/\/www.gossip.it\/news\/kim-kardashian-parla-della-gravidanza\/\" \/>\n<meta property=\"og:locale\" content=\"it_IT\" \/>\n<meta property=\"og:type\" content=\"article\" \/>\n<meta property=\"og:title\" content=\"Kim Kardashian parla della gravidanza - Gossip.it | News sul Gossip e VIP\" \/>\n<meta property=\"og:description\" content=\"Kim Kardashian, incinta di tre mesi del suo compagno Kanye West, ha raccontato a Us Weekly di come sta vivendo la gravidanza: \u201cMi sento bene. Non ho\" \/>\n<meta property=\"og:url\" content=\"https:\/\/www.gossip.it\/news\/kim-kardashian-parla-della-gravidanza\/\" \/>\n<meta property=\"og:site_name\" content=\"Gossip.it | News sul Gossip e VIP\" \/>\n<meta property=\"article:publisher\" content=\"https:\/\/www.facebook.com\/GossipIT\" \/>\n<meta property=\"article:published_time\" content=\"2013-01-01T23:00:00+00:00\" \/>\n<meta property=\"og:image\" content=\"http:\/\/www.gossip.it\/images5\/1357136178_.jpg\" \/>\n<meta name=\"author\" content=\"La Redazione\" \/>\n<meta name=\"twitter:card\" content=\"summary_large_image\" \/>\n<meta name=\"twitter:image\" content=\"http:\/\/www.gossip.it\/images5\/1357136178_.jpg\" \/>\n<meta name=\"twitter:creator\" content=\"@gossinews_it\" \/>\n<meta name=\"twitter:site\" content=\"@gossinews_it\" \/>\n<meta name=\"twitter:label1\" content=\"Scritto da\" \/>\n\t<meta name=\"twitter:data1\" content=\"La Redazione\" \/>\n\t<meta name=\"twitter:label2\" content=\"Tempo di lettura stimato\" \/>\n\t<meta name=\"twitter:data2\" content=\"1 minuto\" \/>","yoast_head_json":{"title":"Kim Kardashian parla della gravidanza - Gossip.it | News sul Gossip e VIP","description":"Kim Kardashian, incinta di tre mesi del suo compagno Kanye West, ha raccontato a Us Weekly di come sta vivendo la gravidanza: \u201cMi sento bene. Non ho","robots":{"index":"index","follow":"follow","max-snippet":"max-snippet:-1","max-image-preview":"max-image-preview:large","max-video-preview":"max-video-preview:-1"},"canonical":"https:\/\/www.gossip.it\/news\/kim-kardashian-parla-della-gravidanza\/","og_locale":"it_IT","og_type":"article","og_title":"Kim Kardashian parla della gravidanza - Gossip.it | News sul Gossip e VIP","og_description":"Kim Kardashian, incinta di tre mesi del suo compagno Kanye West, ha raccontato a Us Weekly di come sta vivendo la gravidanza: \u201cMi sento bene. Non ho","og_url":"https:\/\/www.gossip.it\/news\/kim-kardashian-parla-della-gravidanza\/","og_site_name":"Gossip.it | News sul Gossip e VIP","article_publisher":"https:\/\/www.facebook.com\/GossipIT","article_published_time":"2013-01-01T23:00:00+00:00","og_image":[{"url":"http:\/\/www.gossip.it\/images5\/1357136178_.jpg"}],"author":"La Redazione","twitter_card":"summary_large_image","twitter_image":"http:\/\/www.gossip.it\/images5\/1357136178_.jpg","twitter_creator":"@gossinews_it","twitter_site":"@gossinews_it","twitter_misc":{"Scritto da":"La Redazione","Tempo di lettura stimato":"1 minuto"},"schema":{"@context":"https:\/\/schema.org","@graph":[{"@type":"Article","@id":"https:\/\/www.gossip.it\/news\/kim-kardashian-parla-della-gravidanza\/#article","isPartOf":{"@id":"https:\/\/www.gossip.it\/news\/kim-kardashian-parla-della-gravidanza\/"},"author":{"name":"La Redazione","@id":"https:\/\/www.gossip.it\/#\/schema\/person\/488896f75158bff1cc83c6c39d141110"},"headline":"Kim Kardashian parla della gravidanza","datePublished":"2013-01-01T23:00:00+00:00","dateModified":"2013-01-01T23:00:00+00:00","mainEntityOfPage":{"@id":"https:\/\/www.gossip.it\/news\/kim-kardashian-parla-della-gravidanza\/"},"wordCount":214,"publisher":{"@id":"https:\/\/www.gossip.it\/#organization"},"image":{"@id":"https:\/\/www.gossip.it\/news\/kim-kardashian-parla-della-gravidanza\/#primaryimage"},"thumbnailUrl":"http:\/\/www.gossip.it\/images5\/1357136178_.jpg","keywords":["2013","amica","anno","festa","foto","gravidanza","incinta","instagram","kanye west","las vegas","nausee","party","us weekly"],"articleSection":["News"],"inLanguage":"it-IT"},{"@type":"WebPage","@id":"https:\/\/www.gossip.it\/news\/kim-kardashian-parla-della-gravidanza\/","url":"https:\/\/www.gossip.it\/news\/kim-kardashian-parla-della-gravidanza\/","name":"Kim Kardashian parla della gravidanza - Gossip.it | News sul Gossip e VIP","isPartOf":{"@id":"https:\/\/www.gossip.it\/#website"},"primaryImageOfPage":{"@id":"https:\/\/www.gossip.it\/news\/kim-kardashian-parla-della-gravidanza\/#primaryimage"},"image":{"@id":"https:\/\/www.gossip.it\/news\/kim-kardashian-parla-della-gravidanza\/#primaryimage"},"thumbnailUrl":"http:\/\/www.gossip.it\/images5\/1357136178_.jpg","datePublished":"2013-01-01T23:00:00+00:00","dateModified":"2013-01-01T23:00:00+00:00","description":"Kim Kardashian, incinta di tre mesi del suo compagno Kanye West, ha raccontato a Us Weekly di come sta vivendo la gravidanza: \u201cMi sento bene. Non ho","breadcrumb":{"@id":"https:\/\/www.gossip.it\/news\/kim-kardashian-parla-della-gravidanza\/#breadcrumb"},"inLanguage":"it-IT","potentialAction":[{"@type":"ReadAction","target":["https:\/\/www.gossip.it\/news\/kim-kardashian-parla-della-gravidanza\/"]}]},{"@type":"ImageObject","inLanguage":"it-IT","@id":"https:\/\/www.gossip.it\/news\/kim-kardashian-parla-della-gravidanza\/#primaryimage","url":"http:\/\/www.gossip.it\/images5\/1357136178_.jpg","contentUrl":"http:\/\/www.gossip.it\/images5\/1357136178_.jpg"},{"@type":"BreadcrumbList","@id":"https:\/\/www.gossip.it\/news\/kim-kardashian-parla-della-gravidanza\/#breadcrumb","itemListElement":[{"@type":"ListItem","position":1,"name":"Home","item":"https:\/\/www.gossip.it\/"},{"@type":"ListItem","position":2,"name":"Kim Kardashian parla della gravidanza"}]},{"@type":"WebSite","@id":"https:\/\/www.gossip.it\/#website","url":"https:\/\/www.gossip.it\/","name":"Gossip and VIP News","description":"Quotidiano di cronaca rosa, costume e societ\u00e0","publisher":{"@id":"https:\/\/www.gossip.it\/#organization"},"alternateName":"Gossip and VIP News","potentialAction":[{"@type":"SearchAction","target":{"@type":"EntryPoint","urlTemplate":"https:\/\/www.gossip.it\/?s={search_term_string}"},"query-input":{"@type":"PropertyValueSpecification","valueRequired":true,"valueName":"search_term_string"}}],"inLanguage":"it-IT"},{"@type":"Organization","@id":"https:\/\/www.gossip.it\/#organization","name":"Gossip and VIP News","alternateName":"Gossip News","url":"https:\/\/www.gossip.it\/","logo":{"@type":"ImageObject","inLanguage":"it-IT","@id":"https:\/\/www.gossip.it\/#\/schema\/logo\/image\/","url":"https:\/\/www.gossip.it\/wp-content\/uploads\/2022\/04\/cropped-corna-alta-tiny.png","contentUrl":"https:\/\/www.gossip.it\/wp-content\/uploads\/2022\/04\/cropped-corna-alta-tiny.png","width":512,"height":512,"caption":"Gossip and VIP News"},"image":{"@id":"https:\/\/www.gossip.it\/#\/schema\/logo\/image\/"},"sameAs":["https:\/\/www.facebook.com\/GossipIT","https:\/\/x.com\/gossinews_it","https:\/\/instagram.com\/gossip_it"]},{"@type":"Person","@id":"https:\/\/www.gossip.it\/#\/schema\/person\/488896f75158bff1cc83c6c39d141110","name":"La Redazione","image":{"@type":"ImageObject","inLanguage":"it-IT","@id":"https:\/\/www.gossip.it\/#\/schema\/person\/image\/","url":"https:\/\/secure.gravatar.com\/avatar\/5a5f5c6fa3e6700e4249abdad0263a1e94e927d9e0499b1cb09c1cd29c044d80?s=96&d=mm&r=g","contentUrl":"https:\/\/secure.gravatar.com\/avatar\/5a5f5c6fa3e6700e4249abdad0263a1e94e927d9e0499b1cb09c1cd29c044d80?s=96&d=mm&r=g","caption":"La Redazione"},"sameAs":["https:\/\/www.gossip.it"]}]}},"amp_enabled":true,"_links":{"self":[{"href":"https:\/\/www.gossip.it\/api\/wp\/v2\/posts\/36677","targetHints":{"allow":["GET"]}}],"collection":[{"href":"https:\/\/www.gossip.it\/api\/wp\/v2\/posts"}],"about":[{"href":"https:\/\/www.gossip.it\/api\/wp\/v2\/types\/post"}],"author":[{"embeddable":true,"href":"https:\/\/www.gossip.it\/api\/wp\/v2\/users\/1"}],"replies":[{"embeddable":true,"href":"https:\/\/www.gossip.it\/api\/wp\/v2\/comments?post=36677"}],"version-history":[{"count":0,"href":"https:\/\/www.gossip.it\/api\/wp\/v2\/posts\/36677\/revisions"}],"wp:featuredmedia":[{"embeddable":true,"href":"https:\/\/www.gossip.it\/api\/wp\/v2\/media\/92723"}],"wp:attachment":[{"href":"https:\/\/www.gossip.it\/api\/wp\/v2\/media?parent=36677"}],"wp:term":[{"taxonomy":"category","embeddable":true,"href":"https:\/\/www.gossip.it\/api\/wp\/v2\/categories?post=36677"},{"taxonomy":"post_tag","embeddable":true,"href":"https:\/\/www.gossip.it\/api\/wp\/v2\/tags?post=36677"},{"taxonomy":"vip","embeddable":true,"href":"https:\/\/www.gossip.it\/api\/wp\/v2\/vip?post=36677"}],"curies":[{"name":"wp","href":"https:\/\/api.w.org\/{rel}","templated":true}]}}