{"id":36782,"date":"2013-01-08T00:00:00","date_gmt":"2013-01-07T23:00:00","guid":{"rendered":"https:\/\/www.gossip.it\/senza-categoria\/renato-zero-pan-per-focaccia-ai-paparazzi-foto\/"},"modified":"2013-01-08T00:00:00","modified_gmt":"2013-01-07T23:00:00","slug":"renato-zero-pan-per-focaccia-ai-paparazzi-foto","status":"publish","type":"post","link":"https:\/\/www.gossip.it\/news\/renato-zero-pan-per-focaccia-ai-paparazzi-foto\/","title":{"rendered":"Renato Zero, pan per focaccia ai paparazzi: foto"},"content":{"rendered":"<p>E' tempo di saldi e cos\u00ec si \u00e8 concesso un po' di shopping per le vie di Roma <a href=\"http:\/\/www.gossip.it\/news\/monografia.php?keyword=Renato Zero\">Renato Zero<\/a>. Si \u00e8 recato in una boutique di lusso in via del Babbuino. Look<br \/>\ncasual con borsone nero a tracolla, jeans e occhiali da vista. Ai piedi delle scarpe che sembrano babbucce, unico vezzo per una mise piuttosto sobria.<\/p>\n<p> I paparazzi naturalmente l'hanno inseguito. E lui ha risposto pan per focaccia, <b>divertendosi a immortalare  a sua volta i fotografi con il suo smartphone<\/b>.<\/p>\n<p>Renato Zero, secondo alcune indiscrezioni, potrebbe essere uno dei super-ospiti del prossimo <b>Festival di Sanremo<\/b> condotto da <a href=\"http:\/\/www.gossip.it\/news\/monografia.php?keyword=Fabio Fazio\">Fabio Fazio<\/a>.<\/p>\n","protected":false},"excerpt":{"rendered":"<p>E' tempo di saldi e cos\u00ec si \u00e8 concesso un po' di shopping per le vie di Roma Renato Zero. Si \u00e8 recato in una boutique di lusso in via del Babbuino. Look casual con borsone nero a tracolla, jeans e occhiali da vista. Ai piedi delle scarpe che sembrano babbucce, unico vezzo per una [&hellip;]<\/p>\n","protected":false},"author":1,"featured_media":92828,"comment_status":"closed","ping_status":"closed","sticky":false,"template":"","format":"standard","meta":{"footnotes":""},"categories":[54],"tags":[2637,14716,2408,3424,1879,5386],"vip":[710,1553],"class_list":["post-36782","post","type-post","status-publish","format-standard","has-post-thumbnail","hentry","category-news","tag-festival-di-sanremo","tag-gossip-musica","tag-musica","tag-paparazzi","tag-roma","tag-shopping","vip-fabio_fazio","vip-renato_zero"],"yoast_head":"<title>Renato Zero, pan per focaccia ai paparazzi: foto - Gossip.it | News sul Gossip e VIP<\/title>\n<meta name=\"description\" content=\"E&#039; tempo di saldi e cos\u00ec si \u00e8 concesso un po&#039; di shopping per le vie di Roma Renato Zero. Si \u00e8 recato in una boutique di lusso in via del Babbuino. Look\" \/>\n<meta name=\"robots\" content=\"index, follow, max-snippet:-1, max-image-preview:large, max-video-preview:-1\" \/>\n<link rel=\"canonical\" href=\"https:\/\/www.gossip.it\/news\/renato-zero-pan-per-focaccia-ai-paparazzi-foto\/\" \/>\n<meta property=\"og:locale\" content=\"it_IT\" \/>\n<meta property=\"og:type\" content=\"article\" \/>\n<meta property=\"og:title\" content=\"Renato Zero, pan per focaccia ai paparazzi: foto - Gossip.it | News sul Gossip e VIP\" \/>\n<meta property=\"og:description\" content=\"E&#039; tempo di saldi e cos\u00ec si \u00e8 concesso un po&#039; di shopping per le vie di Roma Renato Zero. Si \u00e8 recato in una boutique di lusso in via del Babbuino. Look\" \/>\n<meta property=\"og:url\" content=\"https:\/\/www.gossip.it\/news\/renato-zero-pan-per-focaccia-ai-paparazzi-foto\/\" \/>\n<meta property=\"og:site_name\" content=\"Gossip.it | News sul Gossip e VIP\" \/>\n<meta property=\"article:publisher\" content=\"https:\/\/www.facebook.com\/GossipIT\" \/>\n<meta property=\"article:published_time\" content=\"2013-01-07T23:00:00+00:00\" \/>\n<meta property=\"og:image\" content=\"http:\/\/www.gossip.it\/images5\/1357646187_.jpg\" \/>\n<meta name=\"author\" content=\"La Redazione\" \/>\n<meta name=\"twitter:card\" content=\"summary_large_image\" \/>\n<meta name=\"twitter:image\" content=\"http:\/\/www.gossip.it\/images5\/1357646187_.jpg\" \/>\n<meta name=\"twitter:creator\" content=\"@gossinews_it\" \/>\n<meta name=\"twitter:site\" content=\"@gossinews_it\" \/>\n<meta name=\"twitter:label1\" content=\"Scritto da\" \/>\n\t<meta name=\"twitter:data1\" content=\"Francesca Romana Domenici\" \/>","yoast_head_json":{"title":"Renato Zero, pan per focaccia ai paparazzi: foto - Gossip.it | News sul Gossip e VIP","description":"E' tempo di saldi e cos\u00ec si \u00e8 concesso un po' di shopping per le vie di Roma Renato Zero. Si \u00e8 recato in una boutique di lusso in via del Babbuino. Look","robots":{"index":"index","follow":"follow","max-snippet":"max-snippet:-1","max-image-preview":"max-image-preview:large","max-video-preview":"max-video-preview:-1"},"canonical":"https:\/\/www.gossip.it\/news\/renato-zero-pan-per-focaccia-ai-paparazzi-foto\/","og_locale":"it_IT","og_type":"article","og_title":"Renato Zero, pan per focaccia ai paparazzi: foto - Gossip.it | News sul Gossip e VIP","og_description":"E' tempo di saldi e cos\u00ec si \u00e8 concesso un po' di shopping per le vie di Roma Renato Zero. Si \u00e8 recato in una boutique di lusso in via del Babbuino. Look","og_url":"https:\/\/www.gossip.it\/news\/renato-zero-pan-per-focaccia-ai-paparazzi-foto\/","og_site_name":"Gossip.it | News sul Gossip e VIP","article_publisher":"https:\/\/www.facebook.com\/GossipIT","article_published_time":"2013-01-07T23:00:00+00:00","og_image":[{"url":"http:\/\/www.gossip.it\/images5\/1357646187_.jpg"}],"author":"La Redazione","twitter_card":"summary_large_image","twitter_image":"http:\/\/www.gossip.it\/images5\/1357646187_.jpg","twitter_creator":"@gossinews_it","twitter_site":"@gossinews_it","twitter_misc":{"Scritto da":"Francesca Romana Domenici"},"schema":{"@context":"https:\/\/schema.org","@graph":[{"@type":"Article","@id":"https:\/\/www.gossip.it\/news\/renato-zero-pan-per-focaccia-ai-paparazzi-foto\/#article","isPartOf":{"@id":"https:\/\/www.gossip.it\/news\/renato-zero-pan-per-focaccia-ai-paparazzi-foto\/"},"author":{"name":"La Redazione","@id":"https:\/\/www.gossip.it\/#\/schema\/person\/488896f75158bff1cc83c6c39d141110"},"headline":"Renato Zero, pan per focaccia ai paparazzi: foto","datePublished":"2013-01-07T23:00:00+00:00","dateModified":"2013-01-07T23:00:00+00:00","mainEntityOfPage":{"@id":"https:\/\/www.gossip.it\/news\/renato-zero-pan-per-focaccia-ai-paparazzi-foto\/"},"wordCount":108,"publisher":{"@id":"https:\/\/www.gossip.it\/#organization"},"image":{"@id":"https:\/\/www.gossip.it\/news\/renato-zero-pan-per-focaccia-ai-paparazzi-foto\/#primaryimage"},"thumbnailUrl":"http:\/\/www.gossip.it\/images5\/1357646187_.jpg","keywords":["festival di sanremo","gossip musica","musica","paparazzi","roma","shopping"],"articleSection":["News"],"inLanguage":"it-IT"},{"@type":"WebPage","@id":"https:\/\/www.gossip.it\/news\/renato-zero-pan-per-focaccia-ai-paparazzi-foto\/","url":"https:\/\/www.gossip.it\/news\/renato-zero-pan-per-focaccia-ai-paparazzi-foto\/","name":"Renato Zero, pan per focaccia ai paparazzi: foto - Gossip.it | News sul Gossip e VIP","isPartOf":{"@id":"https:\/\/www.gossip.it\/#website"},"primaryImageOfPage":{"@id":"https:\/\/www.gossip.it\/news\/renato-zero-pan-per-focaccia-ai-paparazzi-foto\/#primaryimage"},"image":{"@id":"https:\/\/www.gossip.it\/news\/renato-zero-pan-per-focaccia-ai-paparazzi-foto\/#primaryimage"},"thumbnailUrl":"http:\/\/www.gossip.it\/images5\/1357646187_.jpg","datePublished":"2013-01-07T23:00:00+00:00","dateModified":"2013-01-07T23:00:00+00:00","description":"E' tempo di saldi e cos\u00ec si \u00e8 concesso un po' di shopping per le vie di Roma Renato Zero. Si \u00e8 recato in una boutique di lusso in via del Babbuino. Look","breadcrumb":{"@id":"https:\/\/www.gossip.it\/news\/renato-zero-pan-per-focaccia-ai-paparazzi-foto\/#breadcrumb"},"inLanguage":"it-IT","potentialAction":[{"@type":"ReadAction","target":["https:\/\/www.gossip.it\/news\/renato-zero-pan-per-focaccia-ai-paparazzi-foto\/"]}]},{"@type":"ImageObject","inLanguage":"it-IT","@id":"https:\/\/www.gossip.it\/news\/renato-zero-pan-per-focaccia-ai-paparazzi-foto\/#primaryimage","url":"http:\/\/www.gossip.it\/images5\/1357646187_.jpg","contentUrl":"http:\/\/www.gossip.it\/images5\/1357646187_.jpg"},{"@type":"BreadcrumbList","@id":"https:\/\/www.gossip.it\/news\/renato-zero-pan-per-focaccia-ai-paparazzi-foto\/#breadcrumb","itemListElement":[{"@type":"ListItem","position":1,"name":"Home","item":"https:\/\/www.gossip.it\/"},{"@type":"ListItem","position":2,"name":"Renato Zero, pan per focaccia ai paparazzi: foto"}]},{"@type":"WebSite","@id":"https:\/\/www.gossip.it\/#website","url":"https:\/\/www.gossip.it\/","name":"Gossip and VIP News","description":"Quotidiano di cronaca rosa, costume e societ\u00e0","publisher":{"@id":"https:\/\/www.gossip.it\/#organization"},"alternateName":"Gossip and VIP News","potentialAction":[{"@type":"SearchAction","target":{"@type":"EntryPoint","urlTemplate":"https:\/\/www.gossip.it\/?s={search_term_string}"},"query-input":{"@type":"PropertyValueSpecification","valueRequired":true,"valueName":"search_term_string"}}],"inLanguage":"it-IT"},{"@type":"Organization","@id":"https:\/\/www.gossip.it\/#organization","name":"Gossip and VIP News","alternateName":"Gossip News","url":"https:\/\/www.gossip.it\/","logo":{"@type":"ImageObject","inLanguage":"it-IT","@id":"https:\/\/www.gossip.it\/#\/schema\/logo\/image\/","url":"https:\/\/www.gossip.it\/wp-content\/uploads\/2022\/04\/cropped-corna-alta-tiny.png","contentUrl":"https:\/\/www.gossip.it\/wp-content\/uploads\/2022\/04\/cropped-corna-alta-tiny.png","width":512,"height":512,"caption":"Gossip and VIP News"},"image":{"@id":"https:\/\/www.gossip.it\/#\/schema\/logo\/image\/"},"sameAs":["https:\/\/www.facebook.com\/GossipIT","https:\/\/x.com\/gossinews_it","https:\/\/instagram.com\/gossip_it"]},{"@type":"Person","@id":"https:\/\/www.gossip.it\/#\/schema\/person\/488896f75158bff1cc83c6c39d141110","name":"La Redazione","image":{"@type":"ImageObject","inLanguage":"it-IT","@id":"https:\/\/www.gossip.it\/#\/schema\/person\/image\/","url":"https:\/\/secure.gravatar.com\/avatar\/5a5f5c6fa3e6700e4249abdad0263a1e94e927d9e0499b1cb09c1cd29c044d80?s=96&d=mm&r=g","contentUrl":"https:\/\/secure.gravatar.com\/avatar\/5a5f5c6fa3e6700e4249abdad0263a1e94e927d9e0499b1cb09c1cd29c044d80?s=96&d=mm&r=g","caption":"La Redazione"},"sameAs":["https:\/\/www.gossip.it"]}]}},"amp_enabled":true,"_links":{"self":[{"href":"https:\/\/www.gossip.it\/api\/wp\/v2\/posts\/36782","targetHints":{"allow":["GET"]}}],"collection":[{"href":"https:\/\/www.gossip.it\/api\/wp\/v2\/posts"}],"about":[{"href":"https:\/\/www.gossip.it\/api\/wp\/v2\/types\/post"}],"author":[{"embeddable":true,"href":"https:\/\/www.gossip.it\/api\/wp\/v2\/users\/1"}],"replies":[{"embeddable":true,"href":"https:\/\/www.gossip.it\/api\/wp\/v2\/comments?post=36782"}],"version-history":[{"count":0,"href":"https:\/\/www.gossip.it\/api\/wp\/v2\/posts\/36782\/revisions"}],"wp:featuredmedia":[{"embeddable":true,"href":"https:\/\/www.gossip.it\/api\/wp\/v2\/media\/92828"}],"wp:attachment":[{"href":"https:\/\/www.gossip.it\/api\/wp\/v2\/media?parent=36782"}],"wp:term":[{"taxonomy":"category","embeddable":true,"href":"https:\/\/www.gossip.it\/api\/wp\/v2\/categories?post=36782"},{"taxonomy":"post_tag","embeddable":true,"href":"https:\/\/www.gossip.it\/api\/wp\/v2\/tags?post=36782"},{"taxonomy":"vip","embeddable":true,"href":"https:\/\/www.gossip.it\/api\/wp\/v2\/vip?post=36782"}],"curies":[{"name":"wp","href":"https:\/\/api.w.org\/{rel}","templated":true}]}}